{"id":47325,"date":"2022-02-20T16:20:56","date_gmt":"2022-02-20T16:20:56","guid":{"rendered":"https:\/\/www.entroncamentoonline.pt\/portal\/?p=47325"},"modified":"2022-02-21T16:58:29","modified_gmt":"2022-02-21T16:58:29","slug":"entroncamento-vinte-e-um-novos-casos-de-covid-19-este-domingo","status":"publish","type":"post","link":"https:\/\/www.entroncamentoonline.pt\/portal\/entroncamento-vinte-e-um-novos-casos-de-covid-19-este-domingo\/","title":{"rendered":"Entroncamento | Vinte e um novos casos de Covid-19 este domingo"},"content":{"rendered":"<figure id=\"attachment_47361\" aria-describedby=\"caption-attachment-47361\" style=\"width: 682px\" class=\"wp-caption aligncenter\"><img loading=\"lazy\" decoding=\"async\" class=\"size-full wp-image-47361\" src=\"https:\/\/www.entroncamentoonline.pt\/portal\/wp-content\/uploads\/2022\/02\/MapasPortugal20.2.jpg\" alt=\"\" width=\"682\" height=\"383\" \/><figcaption id=\"caption-attachment-47361\" class=\"wp-caption-text\">Evolu\u00e7\u00e3o da Covid-19 em Portugal (Levy Correia)<\/figcaption><\/figure>\n<figure id=\"attachment_47360\" aria-describedby=\"caption-attachment-47360\" style=\"width: 682px\" class=\"wp-caption aligncenter\"><img loading=\"lazy\" decoding=\"async\" class=\"size-full wp-image-47360\" src=\"https:\/\/www.entroncamentoonline.pt\/portal\/wp-content\/uploads\/2022\/02\/MapasPortugal1.20.2.jpg\" alt=\"\" width=\"682\" height=\"383\" \/><figcaption id=\"caption-attachment-47360\" class=\"wp-caption-text\">Recolha Levy Correia<\/figcaption><\/figure>\n<figure id=\"attachment_47359\" aria-describedby=\"caption-attachment-47359\" style=\"width: 615px\" class=\"wp-caption aligncenter\"><img loading=\"lazy\" decoding=\"async\" class=\"size-full wp-image-47359\" src=\"https:\/\/www.entroncamentoonline.pt\/portal\/wp-content\/uploads\/2022\/02\/MapasGruposRisco19.2.jpg\" alt=\"\" width=\"615\" height=\"425\" \/><figcaption id=\"caption-attachment-47359\" class=\"wp-caption-text\">Valores da incid\u00eancia cumulativa por 100 mil habitantes nos concelhos do ACES MT (Levy Correia)<\/figcaption><\/figure>\n<figure id=\"attachment_47358\" aria-describedby=\"caption-attachment-47358\" style=\"width: 615px\" class=\"wp-caption aligncenter\"><img loading=\"lazy\" decoding=\"async\" class=\"size-full wp-image-47358\" src=\"https:\/\/www.entroncamentoonline.pt\/portal\/wp-content\/uploads\/2022\/02\/MapasRecuperados19.2.jpg\" alt=\"\" width=\"615\" height=\"425\" \/><figcaption id=\"caption-attachment-47358\" class=\"wp-caption-text\">Percentagem recuperados (Levy Correia)<\/figcaption><\/figure>\n<p>Segundo o Agrupamento de Centros de Sa\u00fade do M\u00e9dio Tejo (ACES MT), este domingo, 20 de fevereiro, no concelho do Entroncamento, h\u00e1 registo de 21 novos casos de Covid-19, sendo 5497 o n\u00famero total de casos, 5098 doentes recuperados e 372 casos ativos.<\/p>\n<p>No M\u00e9dio Tejo, houve registo de 182 casos de Covid-19 (ontem 300). Treze em Abrantes, 13 em Alcanena, 3 em Const\u00e2ncia, 21 no Entroncamento, 21 em Ferreira do Z\u00eazere, 4 em Ma\u00e7\u00e3o, 45 em Our\u00e9m, 3 em Sardoal, 24 em Tomar, 26 em Torres Novas e 9 em Vila Nova da Barquinha.<\/p>\n<p><img loading=\"lazy\" decoding=\"async\" class=\"size-full wp-image-47346 aligncenter\" src=\"https:\/\/www.entroncamentoonline.pt\/portal\/wp-content\/uploads\/2022\/02\/ACESMT20.2.jpg\" alt=\"\" width=\"679\" height=\"505\" \/><\/p>\n<p style=\"text-align: center;\"><strong>Em Portugal nas \u00faltimas 24 horas | Mais 9360 casos e 35 mortos<\/strong><\/p>\n<p>A n\u00edvel nacional, este domingo h\u00e1 registo de 35 \u00f3bitos, (ontem 37), num total de 20831 o total de infetados \u00e9 agora 3187389, mais 9360, (ontem 14160) os casos recuperados s\u00e3o 2676699, mais 23651, (ontem 26828), os internados 1788, (-11 que ontem, 1799) e em cuidados intensivos 116, (-2 que ontem, 118).<\/p>\n<p><img loading=\"lazy\" decoding=\"async\" class=\"size-medium wp-image-47345 aligncenter\" src=\"https:\/\/www.entroncamentoonline.pt\/portal\/wp-content\/uploads\/2022\/02\/RelatorioDGS-671x800.jpg\" alt=\"\" width=\"671\" height=\"800\" \/><\/p>\n<p style=\"text-align: center;\"><strong>Evolu\u00e7\u00e3o da Covid-19 nos concelhos da ACES M\u00e9dio Tejo (Levy Correia)<\/strong><\/p>\n\n<p><img loading=\"lazy\" decoding=\"async\" class=\"size-medium wp-image-47344 aligncenter\" src=\"https:\/\/www.entroncamentoonline.pt\/portal\/wp-content\/uploads\/2022\/02\/MatrizRisco-665x800.jpg\" alt=\"\" width=\"665\" height=\"800\" \/><\/p>\n<div class=\"fb-background-color\">\n\t\t\t  <div \n\t\t\t  \tclass = \"fb-comments\" \n\t\t\t  \tdata-href = \"https:\/\/www.entroncamentoonline.pt\/portal\/entroncamento-vinte-e-um-novos-casos-de-covid-19-este-domingo\/\"\n\t\t\t  \tdata-numposts = \"10\"\n\t\t\t  \tdata-lazy = \"true\"\n\t\t\t\tdata-colorscheme = \"light\"\n\t\t\t\tdata-order-by = \"social\"\n\t\t\t\tdata-mobile=true>\n\t\t\t  <\/div><\/div>\n\t\t  <style>\n\t\t    .fb-background-color {\n\t\t\t\tbackground:  !important;\n\t\t\t}\n\t\t\t.fb_iframe_widget_fluid_desktop iframe {\n\t\t\t    width: 100% !important;\n\t\t\t}\n\t\t  <\/style>\n\t\t  ","protected":false},"excerpt":{"rendered":"<p>Segundo o Agrupamento de Centros de Sa\u00fade do M\u00e9dio Tejo (ACES MT), este domingo, 20 de fevereiro, no concelho do Entroncamento, h\u00e1 registo de 21 novos casos de Covid-19, sendo 5497 o n\u00famero total de casos, 5098 doentes recuperados e 372 casos ativos. No M\u00e9dio Tejo, houve registo de 182 casos de Covid-19 (ontem 300). [&hellip;]<\/p>\n","protected":false},"author":1,"featured_media":47328,"comment_status":"open","ping_status":"closed","sticky":false,"template":"","format":"standard","meta":{"_acf_changed":false,"footnotes":""},"categories":[1],"tags":[],"class_list":{"0":"post-47325","1":"post","2":"type-post","3":"status-publish","4":"format-standard","5":"has-post-thumbnail","7":"category-sem-categoria"},"acf":[],"_links":{"self":[{"href":"https:\/\/www.entroncamentoonline.pt\/portal\/wp-json\/wp\/v2\/posts\/47325","targetHints":{"allow":["GET"]}}],"collection":[{"href":"https:\/\/www.entroncamentoonline.pt\/portal\/wp-json\/wp\/v2\/posts"}],"about":[{"href":"https:\/\/www.entroncamentoonline.pt\/portal\/wp-json\/wp\/v2\/types\/post"}],"author":[{"embeddable":true,"href":"https:\/\/www.entroncamentoonline.pt\/portal\/wp-json\/wp\/v2\/users\/1"}],"replies":[{"embeddable":true,"href":"https:\/\/www.entroncamentoonline.pt\/portal\/wp-json\/wp\/v2\/comments?post=47325"}],"version-history":[{"count":0,"href":"https:\/\/www.entroncamentoonline.pt\/portal\/wp-json\/wp\/v2\/posts\/47325\/revisions"}],"wp:featuredmedia":[{"embeddable":true,"href":"https:\/\/www.entroncamentoonline.pt\/portal\/wp-json\/wp\/v2\/media\/47328"}],"wp:attachment":[{"href":"https:\/\/www.entroncamentoonline.pt\/portal\/wp-json\/wp\/v2\/media?parent=47325"}],"wp:term":[{"taxonomy":"category","embeddable":true,"href":"https:\/\/www.entroncamentoonline.pt\/portal\/wp-json\/wp\/v2\/categories?post=47325"},{"taxonomy":"post_tag","embeddable":true,"href":"https:\/\/www.entroncamentoonline.pt\/portal\/wp-json\/wp\/v2\/tags?post=47325"}],"curies":[{"name":"wp","href":"https:\/\/api.w.org\/{rel}","templated":true}]}}