{"id":47064,"date":"2022-02-15T18:05:51","date_gmt":"2022-02-15T18:05:51","guid":{"rendered":"https:\/\/www.entroncamentoonline.pt\/portal\/?p=47064"},"modified":"2022-02-16T15:43:09","modified_gmt":"2022-02-16T15:43:09","slug":"entroncamento-cinquenta-e-seis-casos-de-covid-19-esta-terca-feira","status":"publish","type":"post","link":"https:\/\/www.entroncamentoonline.pt\/portal\/entroncamento-cinquenta-e-seis-casos-de-covid-19-esta-terca-feira\/","title":{"rendered":"Entroncamento | Cinquenta e seis casos de Covid-19 esta ter\u00e7a-feira"},"content":{"rendered":"<figure id=\"attachment_47088\" aria-describedby=\"caption-attachment-47088\" style=\"width: 682px\" class=\"wp-caption aligncenter\"><img loading=\"lazy\" decoding=\"async\" class=\"size-full wp-image-47088\" src=\"https:\/\/www.entroncamentoonline.pt\/portal\/wp-content\/uploads\/2022\/02\/MapasPortugal15.2.jpg\" alt=\"\" width=\"682\" height=\"383\" \/><figcaption id=\"caption-attachment-47088\" class=\"wp-caption-text\">Evolu\u00e7\u00e3o da Covid-19 em Portugal (Levy Correia)<\/figcaption><\/figure>\n<figure id=\"attachment_47087\" aria-describedby=\"caption-attachment-47087\" style=\"width: 682px\" class=\"wp-caption aligncenter\"><img loading=\"lazy\" decoding=\"async\" class=\"size-full wp-image-47087\" src=\"https:\/\/www.entroncamentoonline.pt\/portal\/wp-content\/uploads\/2022\/02\/MapasPortugal1.15.2.jpg\" alt=\"\" width=\"682\" height=\"383\" \/><figcaption id=\"caption-attachment-47087\" class=\"wp-caption-text\">Recolha Levy Correia<\/figcaption><\/figure>\n<figure id=\"attachment_47086\" aria-describedby=\"caption-attachment-47086\" style=\"width: 615px\" class=\"wp-caption aligncenter\"><img loading=\"lazy\" decoding=\"async\" class=\"size-full wp-image-47086\" src=\"https:\/\/www.entroncamentoonline.pt\/portal\/wp-content\/uploads\/2022\/02\/MapasGrupoRisco14.2.jpg\" alt=\"\" width=\"615\" height=\"425\" \/><figcaption id=\"caption-attachment-47086\" class=\"wp-caption-text\">Valores da incid\u00eancia cumulativa por 100 mil habitantes nos concelhos do ACES MT (Levy Correia)<\/figcaption><\/figure>\n<figure id=\"attachment_47085\" aria-describedby=\"caption-attachment-47085\" style=\"width: 615px\" class=\"wp-caption aligncenter\"><img loading=\"lazy\" decoding=\"async\" class=\"size-full wp-image-47085\" src=\"https:\/\/www.entroncamentoonline.pt\/portal\/wp-content\/uploads\/2022\/02\/MapasRecuperados14.2.jpg\" alt=\"\" width=\"615\" height=\"425\" \/><figcaption id=\"caption-attachment-47085\" class=\"wp-caption-text\">Casos por mil habitantes (Levy Correia)<\/figcaption><\/figure>\n<p>Segundo o Agrupamento de Centros de Sa\u00fade do M\u00e9dio Tejo (ACES MT), esta ter\u00e7a-feira, 15 de fevereiro, no concelho do Entroncamento, h\u00e1 registo de 56 novos casos de Covid-19, sendo 5343 o n\u00famero total de casos, 4856 doentes recuperados e 460 casos ativos.<\/p>\n<p>No M\u00e9dio Tejo, houve registo de 515 casos de Covid-19 (ontem 91). Cinquenta e sete em Abrantes, 46 em Alcanena, 6 em Const\u00e2ncia, 56 no Entroncamento, 21 em Ferreira do Z\u00eazere, 7 em Ma\u00e7\u00e3o, 99 em Our\u00e9m, 92 em Tomar, 108 em Torres Novas e 23 em Vila Nova da Barquinha.<\/p>\n<p><img loading=\"lazy\" decoding=\"async\" class=\"size-full wp-image-47089 aligncenter\" src=\"https:\/\/www.entroncamentoonline.pt\/portal\/wp-content\/uploads\/2022\/02\/ACESMT15.2.jpg\" alt=\"\" width=\"679\" height=\"505\" \/><\/p>\n<p style=\"text-align: center;\"><strong>Em Portugal nas \u00faltimas 24 horas | Mais 18135 casos e 55 mortos<\/strong><\/p>\n<p>A n\u00edvel nacional, esta ter\u00e7a-feira h\u00e1 registo de 55 \u00f3bitos, (ontem 35), num total de 20620 o total de infetados \u00e9 agora 3111858, mais 18135, (ontem 8463) os casos recuperados s\u00e3o 2554403, mais 30112, (ontem 29289), os internados 2270, (-94 que ontem, 2361) e em cuidados intensivos 147, (-1 que ontem, 148).<\/p>\n<p><img loading=\"lazy\" decoding=\"async\" class=\"size-medium wp-image-47073 aligncenter\" src=\"https:\/\/www.entroncamentoonline.pt\/portal\/wp-content\/uploads\/2022\/02\/RelatorioDGS-652x800.jpg\" alt=\"\" width=\"652\" height=\"800\" \/><\/p>\n<p style=\"text-align: center;\"><strong>Evolu\u00e7\u00e3o da Covid-19 nos concelhos da ACES M\u00e9dio Tejo (Levy Correia)<\/strong><\/p>\n\n<p><img loading=\"lazy\" decoding=\"async\" class=\"size-medium wp-image-47072 aligncenter\" src=\"https:\/\/www.entroncamentoonline.pt\/portal\/wp-content\/uploads\/2022\/02\/MatrizRisco-679x800.jpg\" alt=\"\" width=\"679\" height=\"800\" \/><\/p>\n<div class=\"fb-background-color\">\n\t\t\t  <div \n\t\t\t  \tclass = \"fb-comments\" \n\t\t\t  \tdata-href = \"https:\/\/www.entroncamentoonline.pt\/portal\/entroncamento-cinquenta-e-seis-casos-de-covid-19-esta-terca-feira\/\"\n\t\t\t  \tdata-numposts = \"10\"\n\t\t\t  \tdata-lazy = \"true\"\n\t\t\t\tdata-colorscheme = \"light\"\n\t\t\t\tdata-order-by = \"social\"\n\t\t\t\tdata-mobile=true>\n\t\t\t  <\/div><\/div>\n\t\t  <style>\n\t\t    .fb-background-color {\n\t\t\t\tbackground:  !important;\n\t\t\t}\n\t\t\t.fb_iframe_widget_fluid_desktop iframe {\n\t\t\t    width: 100% !important;\n\t\t\t}\n\t\t  <\/style>\n\t\t  ","protected":false},"excerpt":{"rendered":"<p>Segundo o Agrupamento de Centros de Sa\u00fade do M\u00e9dio Tejo (ACES MT), esta ter\u00e7a-feira, 15 de fevereiro, no concelho do Entroncamento, h\u00e1 registo de 56 novos casos de Covid-19, sendo 5343 o n\u00famero total de casos, 4856 doentes recuperados e 460 casos ativos. No M\u00e9dio Tejo, houve registo de 515 casos de Covid-19 (ontem 91). [&hellip;]<\/p>\n","protected":false},"author":1,"featured_media":47066,"comment_status":"open","ping_status":"closed","sticky":false,"template":"","format":"standard","meta":{"_acf_changed":false,"footnotes":""},"categories":[1],"tags":[],"class_list":{"0":"post-47064","1":"post","2":"type-post","3":"status-publish","4":"format-standard","5":"has-post-thumbnail","7":"category-sem-categoria"},"acf":[],"_links":{"self":[{"href":"https:\/\/www.entroncamentoonline.pt\/portal\/wp-json\/wp\/v2\/posts\/47064","targetHints":{"allow":["GET"]}}],"collection":[{"href":"https:\/\/www.entroncamentoonline.pt\/portal\/wp-json\/wp\/v2\/posts"}],"about":[{"href":"https:\/\/www.entroncamentoonline.pt\/portal\/wp-json\/wp\/v2\/types\/post"}],"author":[{"embeddable":true,"href":"https:\/\/www.entroncamentoonline.pt\/portal\/wp-json\/wp\/v2\/users\/1"}],"replies":[{"embeddable":true,"href":"https:\/\/www.entroncamentoonline.pt\/portal\/wp-json\/wp\/v2\/comments?post=47064"}],"version-history":[{"count":0,"href":"https:\/\/www.entroncamentoonline.pt\/portal\/wp-json\/wp\/v2\/posts\/47064\/revisions"}],"wp:featuredmedia":[{"embeddable":true,"href":"https:\/\/www.entroncamentoonline.pt\/portal\/wp-json\/wp\/v2\/media\/47066"}],"wp:attachment":[{"href":"https:\/\/www.entroncamentoonline.pt\/portal\/wp-json\/wp\/v2\/media?parent=47064"}],"wp:term":[{"taxonomy":"category","embeddable":true,"href":"https:\/\/www.entroncamentoonline.pt\/portal\/wp-json\/wp\/v2\/categories?post=47064"},{"taxonomy":"post_tag","embeddable":true,"href":"https:\/\/www.entroncamentoonline.pt\/portal\/wp-json\/wp\/v2\/tags?post=47064"}],"curies":[{"name":"wp","href":"https:\/\/api.w.org\/{rel}","templated":true}]}}