{"id":4705,"date":"2019-03-25T09:37:33","date_gmt":"2019-03-25T09:37:33","guid":{"rendered":"https:\/\/www.entroncamentoonline.pt\/portal\/?p=4705"},"modified":"2019-03-25T09:37:33","modified_gmt":"2019-03-25T09:37:33","slug":"exportacoes-do-distrito-de-santarem-cresceram-32-entre-2011-e-2017","status":"publish","type":"post","link":"https:\/\/www.entroncamentoonline.pt\/portal\/exportacoes-do-distrito-de-santarem-cresceram-32-entre-2011-e-2017\/","title":{"rendered":"Exporta\u00e7\u00f5es do distrito de Santar\u00e9m cresceram 32% entre 2011 e 2017"},"content":{"rendered":"<p><span style=\"color: #666666;\"><img loading=\"lazy\" decoding=\"async\" class=\"wp-image-4706 alignleft\" src=\"https:\/\/www.entroncamentoonline.pt\/portal\/wp-content\/uploads\/2019\/03\/Jos\u00e9-Bar\u00e3o-e-Ant\u00f3nio-Campos.jpg\" alt=\"\" width=\"413\" height=\"275\" \/>A NERSANT &#8211; Associa\u00e7\u00e3o Empresarial da Regi\u00e3o de Santar\u00e9m, realizou na Startup Santar\u00e9m, no dia 21 de mar\u00e7o, o Dia Aberto \u00e0 Internacionaliza\u00e7\u00e3o, onde realizou ao longo de todo o dia diversas palestras de apoio \u00e0 exporta\u00e7\u00e3o das suas empresas.<\/span><\/p>\n<p>Na sess\u00e3o de abertura do evento, o Presidente da Comiss\u00e3o Executiva da NERSANT, Ant\u00f3nio Campos, come\u00e7ou por elogiar o desempenho da regi\u00e3o ao n\u00edvel das exporta\u00e7\u00f5es. \u201cO distrito de Santar\u00e9m registou um crescimento nas exporta\u00e7\u00f5es de bens na ordem dos 32% em 2017, quando comparado com o ano de 2011\u201d, come\u00e7ou por dizer o respons\u00e1vel da NERSANT, concretizando que \u201cem 2017, as exporta\u00e7\u00f5es da regi\u00e3o totalizaram 1.552 milh\u00f5es de euros, enquanto que em 2011, as mesmas totalizavam 1.176 milh\u00f5es de euros\u201d.<\/p>\n<p>Sabendo que grande parte das empresas presentes no Dia Aberto \u00e0 Internacionaliza\u00e7\u00e3o s\u00e3o de pequena dimens\u00e3o, o Presidente da Comiss\u00e3o Executiva da NERSANT referiu que \u201cpara exportar n\u00e3o \u00e9 preciso ser uma grande empresa, mas ter o produto ou o servi\u00e7o adequado e algu\u00e9m que apoie o processo\u201d. \u201c\u00c9 exatamente isto que a NERSANT tem vindo a fazer ao longo dos anos, e que se corporiza hoje, com a realiza\u00e7\u00e3o do Dia Aberto \u00e0 Internacionaliza\u00e7\u00e3o, onde vamos dar informa\u00e7\u00f5es muito importantes para apoiar o processo de exporta\u00e7\u00e3o das empresas da regi\u00e3o\u201d, disse ainda Ant\u00f3nio Campos, dando como exemplo deste apoio o NERSANT Business, encontro de neg\u00f3cios realizado anualmente desde 2012 e que tem sido muito importante para alavancar os esfor\u00e7os de internacionaliza\u00e7\u00e3o das empresas: \u201cAs empresas que participaram no NERSANT Business em 2013 tinham resultados negativos aquando do evento. Tr\u00eas anos depois, verific\u00e1mos que j\u00e1 apresentaram resultados positivos e aumentaram o n\u00famero de trabalhadores entre 20 a 30%\u201d.<\/p>\n<p><img loading=\"lazy\" decoding=\"async\" class=\"wp-image-4707 alignright\" src=\"https:\/\/www.entroncamentoonline.pt\/portal\/wp-content\/uploads\/2019\/03\/Sara-Poeiras-COSEC_BPI.jpg\" alt=\"\" width=\"437\" height=\"291\" \/><\/p>\n<p>\u201cO nosso objetivo \u00e9 que a regi\u00e3o cres\u00e7a mais do que a m\u00e9dia nacional\u201d, concluiu Ant\u00f3nio Campos, n\u00e3o sem antes referir que o ano de 2019 vai ser o mais forte dos \u00faltimos 5 ou 6 anos no que diz respeito ao apoio \u00e0 internacionaliza\u00e7\u00e3o da NERSANT. A\u00e7\u00f5es de promo\u00e7\u00e3o no exterior, com a presen\u00e7a em mercados como os Estados Unidos da Am\u00e9rica, Canad\u00e1, B\u00e9lgica, Fran\u00e7a, Emirados \u00c1rabes Unidos, Brasil, Macau, Eslov\u00e1quia, e Uruguai, miss\u00f5es empresariais a Marrocos, Fran\u00e7a, Canad\u00e1, Cabo Verde, Gana, Costa do Marfim, Mo\u00e7ambique e Vietname, rece\u00e7\u00e3o de importadores da Arg\u00e9lia, Azerbaij\u00e3o, Emirados \u00c1rabes Unidos, Estados Unidos da Am\u00e9rica, Panam\u00e1, Per\u00fa, Rep\u00fablica Dominicana, Taiwan, Ucr\u00e2nia e Vietname, e organiza\u00e7\u00e3o de eventos internacionais na regi\u00e3o &#8211; NERSANT Business e Ribatejo Investment Summit &#8211; s\u00e3o as a\u00e7\u00f5es de internacionaliza\u00e7\u00e3o em agenda, apresentadas detalhadamente na sess\u00e3o.<\/p>\n<p>&#8220;Mecanismos de financiamento e cobran\u00e7a na exporta\u00e7\u00e3o&#8221;, &#8220;Os certificados de origem, os certificados de venda livre e os carnet ATA&#8221;, &#8220;Os seguros de cr\u00e9dito e o financiamento do com\u00e9rcio internacional&#8221; e &#8220;Novos (regras nos) programas de verifica\u00e7\u00e3o da conformidade&#8221; foram ainda as palestras apresentadas no Dia Aberto \u00e0 Internacionaliza\u00e7\u00e3o, que intercalaram com a apresenta\u00e7\u00e3o das oportunidades de neg\u00f3cio em oito mercados internacionais (Vietname, Gana, Costa do Marfim, Cabo Verde, Mo\u00e7ambique, Canad\u00e1, Fran\u00e7a e Emirados \u00c1rabes Unidos).<\/p>\n<p>Para as explica\u00e7\u00f5es t\u00e9cnicas do Dia Aberto \u00e0 Internacionaliza\u00e7\u00e3o, a NERSANT contou com a parceria da Gestifatura, do Grupo Iberinform, Cr\u00e9dito y Cauci\u00f3n, da C\u00e2mara de Com\u00e9rcio e Ind\u00fastria Portugal Vietname, da CH Consulting, da A. Rodrigues Consultores, da AIP &#8211; Associa\u00e7\u00e3o Industrial Portuguesa, da COSEC\/BPI, da ExN Consultores, da Market Access, da PL Solicitors, da \u00cdNDICE Consultores e do BVC &#8211; Bureau Veritas Certification.<\/p>\n<p>O evento encerrou pela palavra do Presidente do N\u00facleo NERSANT de Santar\u00e9m, Filipe Borgas, que agradeceu a presen\u00e7a dos oradores do evento e disponibilizou a NERSANT para poiar ou esclarecer as empresas quanto ao seu processo de internacionaliza\u00e7\u00e3o. Agradeceu ainda a presen\u00e7a de todas as empresas presentes, num total de 70 participantes ao longo do dia.<\/p>\n<div class=\"fb-background-color\">\n\t\t\t  <div \n\t\t\t  \tclass = \"fb-comments\" \n\t\t\t  \tdata-href = \"https:\/\/www.entroncamentoonline.pt\/portal\/exportacoes-do-distrito-de-santarem-cresceram-32-entre-2011-e-2017\/\"\n\t\t\t  \tdata-numposts = \"10\"\n\t\t\t  \tdata-lazy = \"true\"\n\t\t\t\tdata-colorscheme = \"light\"\n\t\t\t\tdata-order-by = \"social\"\n\t\t\t\tdata-mobile=true>\n\t\t\t  <\/div><\/div>\n\t\t  <style>\n\t\t    .fb-background-color {\n\t\t\t\tbackground:  !important;\n\t\t\t}\n\t\t\t.fb_iframe_widget_fluid_desktop iframe {\n\t\t\t    width: 100% !important;\n\t\t\t}\n\t\t  <\/style>\n\t\t  ","protected":false},"excerpt":{"rendered":"<p>A NERSANT &#8211; Associa\u00e7\u00e3o Empresarial da Regi\u00e3o de Santar\u00e9m, realizou na Startup Santar\u00e9m, no dia 21 de mar\u00e7o, o Dia Aberto \u00e0 Internacionaliza\u00e7\u00e3o, onde realizou ao longo de todo o dia diversas palestras de apoio \u00e0 exporta\u00e7\u00e3o das suas empresas. Na sess\u00e3o de abertura do evento, o Presidente da Comiss\u00e3o Executiva da NERSANT, Ant\u00f3nio Campos, [&hellip;]<\/p>\n","protected":false},"author":1,"featured_media":0,"comment_status":"open","ping_status":"closed","sticky":false,"template":"","format":"standard","meta":{"_acf_changed":false,"footnotes":""},"categories":[51],"tags":[],"class_list":{"0":"post-4705","1":"post","2":"type-post","3":"status-publish","4":"format-standard","6":"category-breves"},"acf":[],"_links":{"self":[{"href":"https:\/\/www.entroncamentoonline.pt\/portal\/wp-json\/wp\/v2\/posts\/4705","targetHints":{"allow":["GET"]}}],"collection":[{"href":"https:\/\/www.entroncamentoonline.pt\/portal\/wp-json\/wp\/v2\/posts"}],"about":[{"href":"https:\/\/www.entroncamentoonline.pt\/portal\/wp-json\/wp\/v2\/types\/post"}],"author":[{"embeddable":true,"href":"https:\/\/www.entroncamentoonline.pt\/portal\/wp-json\/wp\/v2\/users\/1"}],"replies":[{"embeddable":true,"href":"https:\/\/www.entroncamentoonline.pt\/portal\/wp-json\/wp\/v2\/comments?post=4705"}],"version-history":[{"count":0,"href":"https:\/\/www.entroncamentoonline.pt\/portal\/wp-json\/wp\/v2\/posts\/4705\/revisions"}],"wp:attachment":[{"href":"https:\/\/www.entroncamentoonline.pt\/portal\/wp-json\/wp\/v2\/media?parent=4705"}],"wp:term":[{"taxonomy":"category","embeddable":true,"href":"https:\/\/www.entroncamentoonline.pt\/portal\/wp-json\/wp\/v2\/categories?post=4705"},{"taxonomy":"post_tag","embeddable":true,"href":"https:\/\/www.entroncamentoonline.pt\/portal\/wp-json\/wp\/v2\/tags?post=4705"}],"curies":[{"name":"wp","href":"https:\/\/api.w.org\/{rel}","templated":true}]}}