{"id":4698,"date":"2019-03-24T23:05:21","date_gmt":"2019-03-24T23:05:21","guid":{"rendered":"https:\/\/www.entroncamentoonline.pt\/portal\/?p=4698"},"modified":"2019-05-24T23:58:24","modified_gmt":"2019-05-24T22:58:24","slug":"partido-socialista-organiza-jantar-com-substancia-o-entroncamento-e-europa","status":"publish","type":"post","link":"https:\/\/www.entroncamentoonline.pt\/portal\/partido-socialista-organiza-jantar-com-substancia-o-entroncamento-e-europa\/","title":{"rendered":"Partido Socialista organiza Jantar com Subst\u00e2ncia | \u201cO Entroncamento \u00e9 Europa\u201d"},"content":{"rendered":"<p>A concelhia do Partido Socialista do Entroncamento organizou no passado S\u00e1bado, 23 de mar\u00e7o, mais uma edi\u00e7\u00e3o dos seus j\u00e1 tradicionais jantares de conv\u00edvio e debate &#8211; \u201cJantar com Subst\u00e2ncia\u201d, que envolveu cerca de 80 militantes e simpatizantes do PS.<\/p>\n<p>Esta iniciativa procura conciliar momentos de confraterniza\u00e7\u00e3o com o debate de tem\u00e1ticas espec\u00edficas. Nesta edi\u00e7\u00e3o o tema em discuss\u00e3o ao jantar foi \u201cEntroncamento \u00e9 Europa\u201d e os oradores convidados foram Ant\u00f3nio Gameiro, Deputado e Presidente da Federa\u00e7\u00e3o Distrital de Santar\u00e9m do Partido Socialista e Vera Sim\u00f5es, professora universit\u00e1ria e candidata ao Parlamento Europeu.<\/p>\n<p>Ant\u00f3nio Gameiro destacou que a Uni\u00e3o Europeia \u00e9 um processo em constante constru\u00e7\u00e3o e aperfei\u00e7oamento. Um processo em que todos \u201candam na bicicleta e pedalam enquanto v\u00e3o reparando a corrente e a cremalheira para ganhar mais velocidade&#8221;.<\/p>\n<p>Vera Sim\u00f5es preferiu destacar a import\u00e2ncia da Europa no desenvolvimento das regi\u00f5es. Nomeadamente atrav\u00e9s dos fundos comunit\u00e1rios e apontou como exemplos dessa realidade a recupera\u00e7\u00e3o do Mercado Municipal, do Cineteatro S. Jo\u00e3o ou a recupera\u00e7\u00e3o do Bairro Cam\u00f5es, projetos que se encontram atualmente em desenvolvimento na cidade do Entroncamento.<\/p>\n<div id='gallery-1' class='gallery galleryid-4698 gallery-columns-3 gallery-size-thumbnail'><figure class='gallery-item'>\n\t\t\t<div class='gallery-icon portrait'>\n\t\t\t\t<a href='https:\/\/www.entroncamentoonline.pt\/portal\/partido-socialista-organiza-jantar-com-substancia-o-entroncamento-e-europa\/img-20190324-wa0007\/'><img loading=\"lazy\" decoding=\"async\" width=\"348\" height=\"350\" src=\"https:\/\/www.entroncamentoonline.pt\/portal\/wp-content\/uploads\/2019\/03\/IMG-20190324-WA0007-348x350.jpg\" class=\"attachment-thumbnail size-thumbnail\" alt=\"\" \/><\/a>\n\t\t\t<\/div><\/figure><figure class='gallery-item'>\n\t\t\t<div class='gallery-icon portrait'>\n\t\t\t\t<a href='https:\/\/www.entroncamentoonline.pt\/portal\/partido-socialista-organiza-jantar-com-substancia-o-entroncamento-e-europa\/55684201_2739582856058957_4422403790330658816_n\/'><img loading=\"lazy\" decoding=\"async\" width=\"350\" height=\"350\" src=\"https:\/\/www.entroncamentoonline.pt\/portal\/wp-content\/uploads\/2019\/03\/55684201_2739582856058957_4422403790330658816_n-350x350.jpg\" class=\"attachment-thumbnail size-thumbnail\" alt=\"\" \/><\/a>\n\t\t\t<\/div><\/figure><figure class='gallery-item'>\n\t\t\t<div class='gallery-icon landscape'>\n\t\t\t\t<a href='https:\/\/www.entroncamentoonline.pt\/portal\/partido-socialista-organiza-jantar-com-substancia-o-entroncamento-e-europa\/img-20190324-wa0005\/'><img loading=\"lazy\" decoding=\"async\" width=\"350\" height=\"350\" src=\"https:\/\/www.entroncamentoonline.pt\/portal\/wp-content\/uploads\/2019\/03\/IMG-20190324-WA0005-350x350.jpg\" class=\"attachment-thumbnail size-thumbnail\" alt=\"\" srcset=\"https:\/\/www.entroncamentoonline.pt\/portal\/wp-content\/uploads\/2019\/03\/IMG-20190324-WA0005-350x350.jpg 350w, https:\/\/www.entroncamentoonline.pt\/portal\/wp-content\/uploads\/2019\/03\/IMG-20190324-WA0005-421x420.jpg 421w, https:\/\/www.entroncamentoonline.pt\/portal\/wp-content\/uploads\/2019\/03\/IMG-20190324-WA0005.jpg 500w\" sizes=\"auto, (max-width: 350px) 100vw, 350px\" \/><\/a>\n\t\t\t<\/div><\/figure>\n\t\t<\/div>\n\n<p>No decorrer do jantar que tamb\u00e9m assinalou um ano de mandato dos atuais \u00f3rg\u00e3os concelhios, houve ainda um momento de homenagem da Juventude Socialista aos Presidentes de Junta Rui Maur\u00edcio e Ezequiel Estrada e ao Presidente da C\u00e2mara Municipal Jorge Faria, pelos seus contributos para o desenvolvimento da cidade e para a afirma\u00e7\u00e3o da estrutura de jovens socialistas. M\u00e1rio Balsa, Presidente da Concelhia do Partido Socialista recebeu tamb\u00e9m o reconhecimento dos jovens do partido pelo seu \u201capoio, incentivo e amizade constantes e por contribuir para que os mais jovens participem de forma motivada\u201d.<\/p>\n<p>Para finalizar a noite de confraterniza\u00e7\u00e3o e discuss\u00e3o do projeto Europeu, Jorge Faria identificou a import\u00e2ncia da Europa no desenvolvimento do Concelho, do pa\u00eds e das suas comunidades.<\/p>\n<p>&nbsp;<\/p>\n<div class=\"fb-background-color\">\n\t\t\t  <div \n\t\t\t  \tclass = \"fb-comments\" \n\t\t\t  \tdata-href = \"https:\/\/www.entroncamentoonline.pt\/portal\/partido-socialista-organiza-jantar-com-substancia-o-entroncamento-e-europa\/\"\n\t\t\t  \tdata-numposts = \"10\"\n\t\t\t  \tdata-lazy = \"true\"\n\t\t\t\tdata-colorscheme = \"light\"\n\t\t\t\tdata-order-by = \"social\"\n\t\t\t\tdata-mobile=true>\n\t\t\t  <\/div><\/div>\n\t\t  <style>\n\t\t    .fb-background-color {\n\t\t\t\tbackground:  !important;\n\t\t\t}\n\t\t\t.fb_iframe_widget_fluid_desktop iframe {\n\t\t\t    width: 100% !important;\n\t\t\t}\n\t\t  <\/style>\n\t\t  ","protected":false},"excerpt":{"rendered":"<p>A concelhia do Partido Socialista do Entroncamento organizou no passado S\u00e1bado, 23 de mar\u00e7o, mais uma edi\u00e7\u00e3o dos seus j\u00e1 tradicionais jantares de conv\u00edvio e debate &#8211; \u201cJantar com Subst\u00e2ncia\u201d, que envolveu cerca de 80 militantes e simpatizantes do PS. Esta iniciativa procura conciliar momentos de confraterniza\u00e7\u00e3o com o debate de tem\u00e1ticas espec\u00edficas. Nesta edi\u00e7\u00e3o [&hellip;]<\/p>\n","protected":false},"author":1,"featured_media":4700,"comment_status":"open","ping_status":"closed","sticky":false,"template":"","format":"standard","meta":{"_acf_changed":false,"footnotes":""},"categories":[1],"tags":[],"class_list":{"0":"post-4698","1":"post","2":"type-post","3":"status-publish","4":"format-standard","5":"has-post-thumbnail","7":"category-sem-categoria"},"acf":[],"_links":{"self":[{"href":"https:\/\/www.entroncamentoonline.pt\/portal\/wp-json\/wp\/v2\/posts\/4698","targetHints":{"allow":["GET"]}}],"collection":[{"href":"https:\/\/www.entroncamentoonline.pt\/portal\/wp-json\/wp\/v2\/posts"}],"about":[{"href":"https:\/\/www.entroncamentoonline.pt\/portal\/wp-json\/wp\/v2\/types\/post"}],"author":[{"embeddable":true,"href":"https:\/\/www.entroncamentoonline.pt\/portal\/wp-json\/wp\/v2\/users\/1"}],"replies":[{"embeddable":true,"href":"https:\/\/www.entroncamentoonline.pt\/portal\/wp-json\/wp\/v2\/comments?post=4698"}],"version-history":[{"count":0,"href":"https:\/\/www.entroncamentoonline.pt\/portal\/wp-json\/wp\/v2\/posts\/4698\/revisions"}],"wp:featuredmedia":[{"embeddable":true,"href":"https:\/\/www.entroncamentoonline.pt\/portal\/wp-json\/wp\/v2\/media\/4700"}],"wp:attachment":[{"href":"https:\/\/www.entroncamentoonline.pt\/portal\/wp-json\/wp\/v2\/media?parent=4698"}],"wp:term":[{"taxonomy":"category","embeddable":true,"href":"https:\/\/www.entroncamentoonline.pt\/portal\/wp-json\/wp\/v2\/categories?post=4698"},{"taxonomy":"post_tag","embeddable":true,"href":"https:\/\/www.entroncamentoonline.pt\/portal\/wp-json\/wp\/v2\/tags?post=4698"}],"curies":[{"name":"wp","href":"https:\/\/api.w.org\/{rel}","templated":true}]}}