{"id":46875,"date":"2022-02-13T00:48:59","date_gmt":"2022-02-13T00:48:59","guid":{"rendered":"https:\/\/www.entroncamentoonline.pt\/portal\/?p=46875"},"modified":"2022-02-13T16:19:35","modified_gmt":"2022-02-13T16:19:35","slug":"entroncamento-sessenta-e-seis-novos-casos-de-covid-19","status":"publish","type":"post","link":"https:\/\/www.entroncamentoonline.pt\/portal\/entroncamento-sessenta-e-seis-novos-casos-de-covid-19\/","title":{"rendered":"Entroncamento | Sessenta e seis novos casos de Covid-19"},"content":{"rendered":"<figure id=\"attachment_46905\" aria-describedby=\"caption-attachment-46905\" style=\"width: 682px\" class=\"wp-caption aligncenter\"><img loading=\"lazy\" decoding=\"async\" class=\"size-full wp-image-46905\" src=\"https:\/\/www.entroncamentoonline.pt\/portal\/wp-content\/uploads\/2022\/02\/MapasPortugal12.2.jpg\" alt=\"\" width=\"682\" height=\"383\" \/><figcaption id=\"caption-attachment-46905\" class=\"wp-caption-text\">Evolu\u00e7\u00e3o da Covid-19 em Portugal (Levy Correia)<\/figcaption><\/figure>\n<figure id=\"attachment_46904\" aria-describedby=\"caption-attachment-46904\" style=\"width: 682px\" class=\"wp-caption aligncenter\"><img loading=\"lazy\" decoding=\"async\" class=\"size-full wp-image-46904\" src=\"https:\/\/www.entroncamentoonline.pt\/portal\/wp-content\/uploads\/2022\/02\/MapasPortugal1.12.2.jpg\" alt=\"\" width=\"682\" height=\"383\" \/><figcaption id=\"caption-attachment-46904\" class=\"wp-caption-text\">Recolha Levy Correia<\/figcaption><\/figure>\n<figure id=\"attachment_46903\" aria-describedby=\"caption-attachment-46903\" style=\"width: 615px\" class=\"wp-caption aligncenter\"><img loading=\"lazy\" decoding=\"async\" class=\"size-full wp-image-46903\" src=\"https:\/\/www.entroncamentoonline.pt\/portal\/wp-content\/uploads\/2022\/02\/MapasGrupoRisco11.2.jpg\" alt=\"\" width=\"615\" height=\"425\" \/><figcaption id=\"caption-attachment-46903\" class=\"wp-caption-text\">Valores da incid\u00eancia cumulativa por 100 mil habitantes nos concelhos do ACES MT (Levy Correia)<\/figcaption><\/figure>\n<figure id=\"attachment_46902\" aria-describedby=\"caption-attachment-46902\" style=\"width: 615px\" class=\"wp-caption aligncenter\"><img loading=\"lazy\" decoding=\"async\" class=\"size-full wp-image-46902\" src=\"https:\/\/www.entroncamentoonline.pt\/portal\/wp-content\/uploads\/2022\/02\/MapasRecuperados11.2.jpg\" alt=\"\" width=\"615\" height=\"425\" \/><figcaption id=\"caption-attachment-46902\" class=\"wp-caption-text\">Ativos (Levy Correia)<\/figcaption><\/figure>\n<p>Segundo o Agrupamento de Centros de Sa\u00fade do M\u00e9dio Tejo (ACES MT), este s\u00e1bado, 12 de fevereiro, no concelho do Entroncamento, h\u00e1 registo de 66 novos casos de Covid-19, sendo 5234 o n\u00famero total de casos, 4002 doentes recuperados e 1205 casos ativos.<\/p>\n<p>No M\u00e9dio Tejo, houve registo de 488 casos de Covid-19 (ontem 487). Trinta e sete em Abrantes, 28 em Alcanena, 3 em Const\u00e2ncia, 66 no Entroncamento, 25 em Ferreira do Z\u00eazere, 9 em Ma\u00e7\u00e3o, 131 em Our\u00e9m, 12 em Sardoal, 76 em Tomar, 78 em Torres Novas e 23 em Vila Nova da Barquinha.<\/p>\n<p><img loading=\"lazy\" decoding=\"async\" class=\"size-full wp-image-46911 aligncenter\" src=\"https:\/\/www.entroncamentoonline.pt\/portal\/wp-content\/uploads\/2022\/02\/ACESMT12.2.jpg\" alt=\"\" width=\"679\" height=\"505\" \/><\/p>\n<p style=\"text-align: center;\"><strong>Em Portugal nas \u00faltimas 24 horas | Mais 19436 casos e 50 mortos<\/strong><\/p>\n<p>A n\u00edvel nacional, este s\u00e1bado h\u00e1 registo de 50 \u00f3bitos, (ontem 41), num total de 20492 o total de infetados \u00e9 agora 3069128, mais 19436, (ontem 24271) os casos recuperados s\u00e3o 2463423, mais 34497, (ontem 40691), os internados 2232, (-100 que ontem, 2332) e em cuidados intensivos 160, (+1 que ontem, 159).<\/p>\n<p><img loading=\"lazy\" decoding=\"async\" class=\"size-medium wp-image-46890 aligncenter\" src=\"https:\/\/www.entroncamentoonline.pt\/portal\/wp-content\/uploads\/2022\/02\/RelatorioDGS-658x800.jpg\" alt=\"\" width=\"658\" height=\"800\" \/><\/p>\n<p style=\"text-align: center;\"><strong>Evolu\u00e7\u00e3o da Covid-19 nos concelhos da ACES M\u00e9dio Tejo (Levy Correia)<\/strong><\/p>\n\n<p><img loading=\"lazy\" decoding=\"async\" class=\"size-medium wp-image-46889 aligncenter\" src=\"https:\/\/www.entroncamentoonline.pt\/portal\/wp-content\/uploads\/2022\/02\/MatrizRisco-640x800.jpg\" alt=\"\" width=\"640\" height=\"800\" \/><\/p>\n<div class=\"fb-background-color\">\n\t\t\t  <div \n\t\t\t  \tclass = \"fb-comments\" \n\t\t\t  \tdata-href = \"https:\/\/www.entroncamentoonline.pt\/portal\/entroncamento-sessenta-e-seis-novos-casos-de-covid-19\/\"\n\t\t\t  \tdata-numposts = \"10\"\n\t\t\t  \tdata-lazy = \"true\"\n\t\t\t\tdata-colorscheme = \"light\"\n\t\t\t\tdata-order-by = \"social\"\n\t\t\t\tdata-mobile=true>\n\t\t\t  <\/div><\/div>\n\t\t  <style>\n\t\t    .fb-background-color {\n\t\t\t\tbackground:  !important;\n\t\t\t}\n\t\t\t.fb_iframe_widget_fluid_desktop iframe {\n\t\t\t    width: 100% !important;\n\t\t\t}\n\t\t  <\/style>\n\t\t  ","protected":false},"excerpt":{"rendered":"<p>Segundo o Agrupamento de Centros de Sa\u00fade do M\u00e9dio Tejo (ACES MT), este s\u00e1bado, 12 de fevereiro, no concelho do Entroncamento, h\u00e1 registo de 66 novos casos de Covid-19, sendo 5234 o n\u00famero total de casos, 4002 doentes recuperados e 1205 casos ativos. No M\u00e9dio Tejo, houve registo de 488 casos de Covid-19 (ontem 487). [&hellip;]<\/p>\n","protected":false},"author":1,"featured_media":46877,"comment_status":"open","ping_status":"closed","sticky":false,"template":"","format":"standard","meta":{"_acf_changed":false,"footnotes":""},"categories":[1],"tags":[],"class_list":{"0":"post-46875","1":"post","2":"type-post","3":"status-publish","4":"format-standard","5":"has-post-thumbnail","7":"category-sem-categoria"},"acf":[],"_links":{"self":[{"href":"https:\/\/www.entroncamentoonline.pt\/portal\/wp-json\/wp\/v2\/posts\/46875","targetHints":{"allow":["GET"]}}],"collection":[{"href":"https:\/\/www.entroncamentoonline.pt\/portal\/wp-json\/wp\/v2\/posts"}],"about":[{"href":"https:\/\/www.entroncamentoonline.pt\/portal\/wp-json\/wp\/v2\/types\/post"}],"author":[{"embeddable":true,"href":"https:\/\/www.entroncamentoonline.pt\/portal\/wp-json\/wp\/v2\/users\/1"}],"replies":[{"embeddable":true,"href":"https:\/\/www.entroncamentoonline.pt\/portal\/wp-json\/wp\/v2\/comments?post=46875"}],"version-history":[{"count":0,"href":"https:\/\/www.entroncamentoonline.pt\/portal\/wp-json\/wp\/v2\/posts\/46875\/revisions"}],"wp:featuredmedia":[{"embeddable":true,"href":"https:\/\/www.entroncamentoonline.pt\/portal\/wp-json\/wp\/v2\/media\/46877"}],"wp:attachment":[{"href":"https:\/\/www.entroncamentoonline.pt\/portal\/wp-json\/wp\/v2\/media?parent=46875"}],"wp:term":[{"taxonomy":"category","embeddable":true,"href":"https:\/\/www.entroncamentoonline.pt\/portal\/wp-json\/wp\/v2\/categories?post=46875"},{"taxonomy":"post_tag","embeddable":true,"href":"https:\/\/www.entroncamentoonline.pt\/portal\/wp-json\/wp\/v2\/tags?post=46875"}],"curies":[{"name":"wp","href":"https:\/\/api.w.org\/{rel}","templated":true}]}}