{"id":46712,"date":"2022-02-08T19:15:58","date_gmt":"2022-02-08T19:15:58","guid":{"rendered":"https:\/\/www.entroncamentoonline.pt\/portal\/?p=46712"},"modified":"2022-02-08T19:15:58","modified_gmt":"2022-02-08T19:15:58","slug":"entroncamento-aluna-da-escola-dr-ruy-de-andrade-agredida-por-colegas","status":"publish","type":"post","link":"https:\/\/www.entroncamentoonline.pt\/portal\/entroncamento-aluna-da-escola-dr-ruy-de-andrade-agredida-por-colegas\/","title":{"rendered":"Entroncamento | Aluna da Escola Dr Ruy de Andrade agredida por colegas"},"content":{"rendered":"<p>Segundo a edi\u00e7\u00e3o online do JN, \u201cuma jovem de 11 anos foi brutalmente agredida pelas colegas de escola no Entroncamento, n\u00e3o tendo recebido, segundo a m\u00e3e, qualquer apoio por parte dos respons\u00e1veis do estabelecimento de ensino. A agress\u00e3o ocorreu na passada sexta-feira na Escola EB 2,3 Dr Ruy D&#8217;Andrade e foi filmada pelo grupo de agressoras\u201d.<\/p>\n<p>\u201cA m\u00e3e mostra-se inconformada pela ina\u00e7\u00e3o da escola, at\u00e9 porque o caso de bullying de que \u00e9 alvo a filha n\u00e3o \u00e9 de agora. &#8220;J\u00e1 durante as f\u00e9rias de Natal ela foi amea\u00e7ada por elas que diziam que a odiavam e que ela se devia matar&#8221;, conta Ant\u00f3nia Melo que apresentou esta manh\u00e3 queixa na esquadra da PSP.<\/p>\n<p>A filha de 11 anos n\u00e3o sofreu ferimentos graves apesar de, como se v\u00ea no v\u00eddeo, ter sido agredida pela colega com estaladas, socos e pontap\u00e9s. Mais tarde, nessa mesma tarde, receberia mais uma bofetada de uma outra aluna do grupo de agressoras.<\/p>\n<p>&#8220;Deixei o Brasil por causa da viol\u00eancia e n\u00e3o esperava, nem eu nem a minha filha, vir a passar por uma situa\u00e7\u00e3o destas&#8221;, acrescenta a m\u00e3e da rapariga que j\u00e1 foi convocada pela dire\u00e7\u00e3o da escola para uma reuni\u00e3o esta tarde, na qual vai estar tamb\u00e9m a encarregada de educa\u00e7\u00e3o da agressora.<\/p>\n<p>O JN tentou contactar a dire\u00e7\u00e3o da escola, mas a mesma encontrava-se em reuni\u00e3o\u201d.<\/p>\n<p><iframe loading=\"lazy\" title=\"Aluna de 11 anos agredida e filmada por colegas de escola no Entroncamento\" width=\"696\" height=\"392\" src=\"https:\/\/www.youtube.com\/embed\/2424G7XjgDE?feature=oembed\" frameborder=\"0\" allow=\"accelerometer; autoplay; clipboard-write; encrypted-media; gyroscope; picture-in-picture\" allowfullscreen><\/iframe><\/p>\n<p>&nbsp;<\/p>\n<div class=\"fb-background-color\">\n\t\t\t  <div \n\t\t\t  \tclass = \"fb-comments\" \n\t\t\t  \tdata-href = \"https:\/\/www.entroncamentoonline.pt\/portal\/entroncamento-aluna-da-escola-dr-ruy-de-andrade-agredida-por-colegas\/\"\n\t\t\t  \tdata-numposts = \"10\"\n\t\t\t  \tdata-lazy = \"true\"\n\t\t\t\tdata-colorscheme = \"light\"\n\t\t\t\tdata-order-by = \"social\"\n\t\t\t\tdata-mobile=true>\n\t\t\t  <\/div><\/div>\n\t\t  <style>\n\t\t    .fb-background-color {\n\t\t\t\tbackground:  !important;\n\t\t\t}\n\t\t\t.fb_iframe_widget_fluid_desktop iframe {\n\t\t\t    width: 100% !important;\n\t\t\t}\n\t\t  <\/style>\n\t\t  ","protected":false},"excerpt":{"rendered":"<p>Segundo a edi\u00e7\u00e3o online do JN, \u201cuma jovem de 11 anos foi brutalmente agredida pelas colegas de escola no Entroncamento, n\u00e3o tendo recebido, segundo a m\u00e3e, qualquer apoio por parte dos respons\u00e1veis do estabelecimento de ensino. A agress\u00e3o ocorreu na passada sexta-feira na Escola EB 2,3 Dr Ruy D&#8217;Andrade e foi filmada pelo grupo de [&hellip;]<\/p>\n","protected":false},"author":1,"featured_media":46714,"comment_status":"open","ping_status":"closed","sticky":false,"template":"","format":"standard","meta":{"_acf_changed":false,"footnotes":""},"categories":[26,32,1],"tags":[],"class_list":{"0":"post-46712","1":"post","2":"type-post","3":"status-publish","4":"format-standard","5":"has-post-thumbnail","7":"category-entroncamento","8":"category-noticias","9":"category-sem-categoria"},"acf":[],"_links":{"self":[{"href":"https:\/\/www.entroncamentoonline.pt\/portal\/wp-json\/wp\/v2\/posts\/46712","targetHints":{"allow":["GET"]}}],"collection":[{"href":"https:\/\/www.entroncamentoonline.pt\/portal\/wp-json\/wp\/v2\/posts"}],"about":[{"href":"https:\/\/www.entroncamentoonline.pt\/portal\/wp-json\/wp\/v2\/types\/post"}],"author":[{"embeddable":true,"href":"https:\/\/www.entroncamentoonline.pt\/portal\/wp-json\/wp\/v2\/users\/1"}],"replies":[{"embeddable":true,"href":"https:\/\/www.entroncamentoonline.pt\/portal\/wp-json\/wp\/v2\/comments?post=46712"}],"version-history":[{"count":0,"href":"https:\/\/www.entroncamentoonline.pt\/portal\/wp-json\/wp\/v2\/posts\/46712\/revisions"}],"wp:featuredmedia":[{"embeddable":true,"href":"https:\/\/www.entroncamentoonline.pt\/portal\/wp-json\/wp\/v2\/media\/46714"}],"wp:attachment":[{"href":"https:\/\/www.entroncamentoonline.pt\/portal\/wp-json\/wp\/v2\/media?parent=46712"}],"wp:term":[{"taxonomy":"category","embeddable":true,"href":"https:\/\/www.entroncamentoonline.pt\/portal\/wp-json\/wp\/v2\/categories?post=46712"},{"taxonomy":"post_tag","embeddable":true,"href":"https:\/\/www.entroncamentoonline.pt\/portal\/wp-json\/wp\/v2\/tags?post=46712"}],"curies":[{"name":"wp","href":"https:\/\/api.w.org\/{rel}","templated":true}]}}