{"id":46553,"date":"2022-02-06T18:53:38","date_gmt":"2022-02-06T18:53:38","guid":{"rendered":"https:\/\/www.entroncamentoonline.pt\/portal\/?p=46553"},"modified":"2022-02-07T16:25:37","modified_gmt":"2022-02-07T16:25:37","slug":"46553-2","status":"publish","type":"post","link":"https:\/\/www.entroncamentoonline.pt\/portal\/46553-2\/","title":{"rendered":"Entroncamento | Cinquenta e dois novos casos de Covid-19"},"content":{"rendered":"<figure id=\"attachment_46610\" aria-describedby=\"caption-attachment-46610\" style=\"width: 682px\" class=\"wp-caption aligncenter\"><img loading=\"lazy\" decoding=\"async\" class=\"size-full wp-image-46610\" src=\"https:\/\/www.entroncamentoonline.pt\/portal\/wp-content\/uploads\/2022\/02\/MapasPortugal6.2.jpg\" alt=\"\" width=\"682\" height=\"383\" \/><figcaption id=\"caption-attachment-46610\" class=\"wp-caption-text\">Evolu\u00e7\u00e3o da Covid-19 em Portugal (Levy Correia)<\/figcaption><\/figure>\n<figure id=\"attachment_46609\" aria-describedby=\"caption-attachment-46609\" style=\"width: 682px\" class=\"wp-caption alignnone\"><img loading=\"lazy\" decoding=\"async\" class=\"size-full wp-image-46609\" src=\"https:\/\/www.entroncamentoonline.pt\/portal\/wp-content\/uploads\/2022\/02\/MapasPortugal1.6.2.jpg\" alt=\"\" width=\"682\" height=\"383\" \/><figcaption id=\"caption-attachment-46609\" class=\"wp-caption-text\">Recolha Levy Correia<\/figcaption><\/figure>\n<figure id=\"attachment_46608\" aria-describedby=\"caption-attachment-46608\" style=\"width: 615px\" class=\"wp-caption aligncenter\"><img loading=\"lazy\" decoding=\"async\" class=\"size-full wp-image-46608\" src=\"https:\/\/www.entroncamentoonline.pt\/portal\/wp-content\/uploads\/2022\/02\/MapasGrupoRisco5.2.jpg\" alt=\"\" width=\"615\" height=\"425\" \/><figcaption id=\"caption-attachment-46608\" class=\"wp-caption-text\">Valores da incid\u00eancia cumulativa por 100 mil habitantes nos concelhos do ACES MT (Levy Correia)<\/figcaption><\/figure>\n<figure id=\"attachment_46607\" aria-describedby=\"caption-attachment-46607\" style=\"width: 615px\" class=\"wp-caption aligncenter\"><img loading=\"lazy\" decoding=\"async\" class=\"size-full wp-image-46607\" src=\"https:\/\/www.entroncamentoonline.pt\/portal\/wp-content\/uploads\/2022\/02\/MapasRecuperados5.2.jpg\" alt=\"\" width=\"615\" height=\"425\" \/><figcaption id=\"caption-attachment-46607\" class=\"wp-caption-text\">Percentagem casos recuperados (Levy Correia)<\/figcaption><\/figure>\n<p>Segundo o Agrupamento de Centros de Sa\u00fade do M\u00e9dio Tejo (ACES MT), este domingo, 6 de fevereiro, no concelho do Entroncamento, h\u00e1 registo de 52 novos casos de Covid-19, sendo 4883 o n\u00famero total de casos, 4002 doentes recuperados e 854 casos ativos.<\/p>\n<p>No M\u00e9dio Tejo, houve registo de 512 casos de Covid-19 (ontem 816). Quarenta em Abrantes, 42 em Alcanena, 6 em Const\u00e2ncia, 52 no Entroncamento, 18 em Ferreira do Z\u00eazere, 7 em Ma\u00e7\u00e3o, 155 em Our\u00e9m, 5 em Sardoal, 92 em Tomar, 78 em Torres Novas e 17 em Vila Nova da Barquinha.<\/p>\n<p><img loading=\"lazy\" decoding=\"async\" class=\"size-full wp-image-46612 aligncenter\" src=\"https:\/\/www.entroncamentoonline.pt\/portal\/wp-content\/uploads\/2022\/02\/ACESMT6.2.jpg\" alt=\"\" width=\"679\" height=\"505\" \/><\/p>\n<p style=\"text-align: center;\"><strong>Em Portugal nas \u00faltimas 24 horas | Mais 31431 casos e 51 mortos<\/strong><\/p>\n<p>A n\u00edvel nacional, este domingo h\u00e1 registo de 51 \u00f3bitos, (ontem 44), num total de 20222 o total de infetados \u00e9 agora 2915971, mais 31431, (ontem 41511) os casos recuperados s\u00e3o 2266939, mais 40391, (ontem 46439), os internados 2511, (+102 que ontem, 2409) e em cuidados intensivos 180, (+11 que ontem, 169).<\/p>\n<p><img loading=\"lazy\" decoding=\"async\" class=\"size-medium wp-image-46595 aligncenter\" src=\"https:\/\/www.entroncamentoonline.pt\/portal\/wp-content\/uploads\/2022\/02\/RelatorioDGS-653x800.jpg\" alt=\"\" width=\"653\" height=\"800\" \/><\/p>\n<p style=\"text-align: center;\"><strong>Evolu\u00e7\u00e3o da Covid-19 nos concelhos da ACES M\u00e9dio Tejo (Levy Correia)<\/strong><\/p>\n\n<p><img loading=\"lazy\" decoding=\"async\" class=\"size-medium wp-image-46594 aligncenter\" src=\"https:\/\/www.entroncamentoonline.pt\/portal\/wp-content\/uploads\/2022\/02\/MatrizRisco-642x800.jpg\" alt=\"\" width=\"642\" height=\"800\" \/><\/p>\n<div class=\"fb-background-color\">\n\t\t\t  <div \n\t\t\t  \tclass = \"fb-comments\" \n\t\t\t  \tdata-href = \"https:\/\/www.entroncamentoonline.pt\/portal\/46553-2\/\"\n\t\t\t  \tdata-numposts = \"10\"\n\t\t\t  \tdata-lazy = \"true\"\n\t\t\t\tdata-colorscheme = \"light\"\n\t\t\t\tdata-order-by = \"social\"\n\t\t\t\tdata-mobile=true>\n\t\t\t  <\/div><\/div>\n\t\t  <style>\n\t\t    .fb-background-color {\n\t\t\t\tbackground:  !important;\n\t\t\t}\n\t\t\t.fb_iframe_widget_fluid_desktop iframe {\n\t\t\t    width: 100% !important;\n\t\t\t}\n\t\t  <\/style>\n\t\t  ","protected":false},"excerpt":{"rendered":"<p>Segundo o Agrupamento de Centros de Sa\u00fade do M\u00e9dio Tejo (ACES MT), este domingo, 6 de fevereiro, no concelho do Entroncamento, h\u00e1 registo de 52 novos casos de Covid-19, sendo 4883 o n\u00famero total de casos, 4002 doentes recuperados e 854 casos ativos. No M\u00e9dio Tejo, houve registo de 512 casos de Covid-19 (ontem 816). [&hellip;]<\/p>\n","protected":false},"author":1,"featured_media":46555,"comment_status":"open","ping_status":"closed","sticky":false,"template":"","format":"standard","meta":{"_acf_changed":false,"footnotes":""},"categories":[1],"tags":[],"class_list":{"0":"post-46553","1":"post","2":"type-post","3":"status-publish","4":"format-standard","5":"has-post-thumbnail","7":"category-sem-categoria"},"acf":[],"_links":{"self":[{"href":"https:\/\/www.entroncamentoonline.pt\/portal\/wp-json\/wp\/v2\/posts\/46553","targetHints":{"allow":["GET"]}}],"collection":[{"href":"https:\/\/www.entroncamentoonline.pt\/portal\/wp-json\/wp\/v2\/posts"}],"about":[{"href":"https:\/\/www.entroncamentoonline.pt\/portal\/wp-json\/wp\/v2\/types\/post"}],"author":[{"embeddable":true,"href":"https:\/\/www.entroncamentoonline.pt\/portal\/wp-json\/wp\/v2\/users\/1"}],"replies":[{"embeddable":true,"href":"https:\/\/www.entroncamentoonline.pt\/portal\/wp-json\/wp\/v2\/comments?post=46553"}],"version-history":[{"count":0,"href":"https:\/\/www.entroncamentoonline.pt\/portal\/wp-json\/wp\/v2\/posts\/46553\/revisions"}],"wp:featuredmedia":[{"embeddable":true,"href":"https:\/\/www.entroncamentoonline.pt\/portal\/wp-json\/wp\/v2\/media\/46555"}],"wp:attachment":[{"href":"https:\/\/www.entroncamentoonline.pt\/portal\/wp-json\/wp\/v2\/media?parent=46553"}],"wp:term":[{"taxonomy":"category","embeddable":true,"href":"https:\/\/www.entroncamentoonline.pt\/portal\/wp-json\/wp\/v2\/categories?post=46553"},{"taxonomy":"post_tag","embeddable":true,"href":"https:\/\/www.entroncamentoonline.pt\/portal\/wp-json\/wp\/v2\/tags?post=46553"}],"curies":[{"name":"wp","href":"https:\/\/api.w.org\/{rel}","templated":true}]}}