{"id":46521,"date":"2022-02-05T20:23:11","date_gmt":"2022-02-05T20:23:11","guid":{"rendered":"https:\/\/www.entroncamentoonline.pt\/portal\/?p=46521"},"modified":"2022-02-06T17:09:12","modified_gmt":"2022-02-06T17:09:12","slug":"entroncamento-cem-novos-casos-de-covid-19","status":"publish","type":"post","link":"https:\/\/www.entroncamentoonline.pt\/portal\/entroncamento-cem-novos-casos-de-covid-19\/","title":{"rendered":"Entroncamento | Cem novos casos de Covid-19"},"content":{"rendered":"<figure id=\"attachment_46545\" aria-describedby=\"caption-attachment-46545\" style=\"width: 682px\" class=\"wp-caption aligncenter\"><img loading=\"lazy\" decoding=\"async\" class=\"size-full wp-image-46545\" src=\"https:\/\/www.entroncamentoonline.pt\/portal\/wp-content\/uploads\/2022\/02\/MapasPortugal5.2.jpg\" alt=\"\" width=\"682\" height=\"383\" \/><figcaption id=\"caption-attachment-46545\" class=\"wp-caption-text\">Evolu\u00e7\u00e3o da Covid-19 em Portugal (Levy Correia)<\/figcaption><\/figure>\n<figure id=\"attachment_46544\" aria-describedby=\"caption-attachment-46544\" style=\"width: 682px\" class=\"wp-caption aligncenter\"><img loading=\"lazy\" decoding=\"async\" class=\"size-full wp-image-46544\" src=\"https:\/\/www.entroncamentoonline.pt\/portal\/wp-content\/uploads\/2022\/02\/MapasPortugal1.5.2.jpg\" alt=\"\" width=\"682\" height=\"383\" \/><figcaption id=\"caption-attachment-46544\" class=\"wp-caption-text\">Recolha Levy Correia<\/figcaption><\/figure>\n<figure id=\"attachment_46543\" aria-describedby=\"caption-attachment-46543\" style=\"width: 615px\" class=\"wp-caption aligncenter\"><img loading=\"lazy\" decoding=\"async\" class=\"size-full wp-image-46543\" src=\"https:\/\/www.entroncamentoonline.pt\/portal\/wp-content\/uploads\/2022\/02\/MapasGrupoRisco4.2.jpg\" alt=\"\" width=\"615\" height=\"425\" \/><figcaption id=\"caption-attachment-46543\" class=\"wp-caption-text\">Valores da incid\u00eancia cumulativa por 100 mil habitantes nos concelhos do ACES MT (Levy Correia)<\/figcaption><\/figure>\n<figure id=\"attachment_46542\" aria-describedby=\"caption-attachment-46542\" style=\"width: 615px\" class=\"wp-caption aligncenter\"><img loading=\"lazy\" decoding=\"async\" class=\"size-full wp-image-46542\" src=\"https:\/\/www.entroncamentoonline.pt\/portal\/wp-content\/uploads\/2022\/02\/MapasRecuperados4.2.jpg\" alt=\"\" width=\"615\" height=\"425\" \/><figcaption id=\"caption-attachment-46542\" class=\"wp-caption-text\">Casos ativos (Levy Correia)<\/figcaption><\/figure>\n<p>Segundo o Agrupamento de Centros de Sa\u00fade do M\u00e9dio Tejo (ACES MT), este s\u00e1bado, 5 de fevereiro, no concelho do Entroncamento, h\u00e1 registo de 100 novos casos de Covid-19, sendo 4831, o n\u00famero total de casos, 4002 doentes recuperados e 802 casos ativos.<\/p>\n<p>No M\u00e9dio Tejo, houve registo de 816 casos de Covid-19 (ontem 994). Oitenta e Nove em Abrantes, 56 em Alcanena, 33 em Const\u00e2ncia, 100 no Entroncamento, 36 em Ferreira do Z\u00eazere, 21 em Ma\u00e7\u00e3o, 200 em Our\u00e9m, 13 em Sardoal, 75 em Tomar, 160 em Torres Novas e 33 em Vila Nova da Barquinha.<\/p>\n<p><img loading=\"lazy\" decoding=\"async\" class=\"size-full wp-image-46549 aligncenter\" src=\"https:\/\/www.entroncamentoonline.pt\/portal\/wp-content\/uploads\/2022\/02\/ACESMT5.2.jpg\" alt=\"\" width=\"679\" height=\"505\" \/><\/p>\n<p style=\"text-align: center;\"><strong>Em Portugal nas \u00faltimas 24 horas | Mais 41511 casos e 44 mortos<\/strong><\/p>\n<p>A n\u00edvel nacional, este s\u00e1bado h\u00e1 registo de 44 \u00f3bitos, (ontem 50), num total de 20171 o total de infetados \u00e9 agora 2884540, mais 41511, (ontem 47199) os casos recuperados s\u00e3o 2226548, mais 46439, (ontem 46469), os internados 2409, (-36 que ontem, 2445) e em cuidados intensivos 169, (-5 que ontem, 174).<\/p>\n<p><img loading=\"lazy\" decoding=\"async\" class=\"size-medium wp-image-46530 aligncenter\" src=\"https:\/\/www.entroncamentoonline.pt\/portal\/wp-content\/uploads\/2022\/02\/RelatorioDGS-663x800.jpg\" alt=\"\" width=\"663\" height=\"800\" \/><\/p>\n<p style=\"text-align: center;\"><strong>Evolu\u00e7\u00e3o da Covid-19 nos concelhos da ACES M\u00e9dio Tejo (Levy Correia)<\/strong><\/p>\n\n<p><img loading=\"lazy\" decoding=\"async\" class=\"size-medium wp-image-46529 aligncenter\" src=\"https:\/\/www.entroncamentoonline.pt\/portal\/wp-content\/uploads\/2022\/02\/MatrizRisco-654x800.jpg\" alt=\"\" width=\"654\" height=\"800\" \/><\/p>\n<div class=\"fb-background-color\">\n\t\t\t  <div \n\t\t\t  \tclass = \"fb-comments\" \n\t\t\t  \tdata-href = \"https:\/\/www.entroncamentoonline.pt\/portal\/entroncamento-cem-novos-casos-de-covid-19\/\"\n\t\t\t  \tdata-numposts = \"10\"\n\t\t\t  \tdata-lazy = \"true\"\n\t\t\t\tdata-colorscheme = \"light\"\n\t\t\t\tdata-order-by = \"social\"\n\t\t\t\tdata-mobile=true>\n\t\t\t  <\/div><\/div>\n\t\t  <style>\n\t\t    .fb-background-color {\n\t\t\t\tbackground:  !important;\n\t\t\t}\n\t\t\t.fb_iframe_widget_fluid_desktop iframe {\n\t\t\t    width: 100% !important;\n\t\t\t}\n\t\t  <\/style>\n\t\t  ","protected":false},"excerpt":{"rendered":"<p>Segundo o Agrupamento de Centros de Sa\u00fade do M\u00e9dio Tejo (ACES MT), este s\u00e1bado, 5 de fevereiro, no concelho do Entroncamento, h\u00e1 registo de 100 novos casos de Covid-19, sendo 4831, o n\u00famero total de casos, 4002 doentes recuperados e 802 casos ativos. No M\u00e9dio Tejo, houve registo de 816 casos de Covid-19 (ontem 994). [&hellip;]<\/p>\n","protected":false},"author":1,"featured_media":46523,"comment_status":"open","ping_status":"closed","sticky":false,"template":"","format":"standard","meta":{"_acf_changed":false,"footnotes":""},"categories":[1],"tags":[],"class_list":{"0":"post-46521","1":"post","2":"type-post","3":"status-publish","4":"format-standard","5":"has-post-thumbnail","7":"category-sem-categoria"},"acf":[],"_links":{"self":[{"href":"https:\/\/www.entroncamentoonline.pt\/portal\/wp-json\/wp\/v2\/posts\/46521","targetHints":{"allow":["GET"]}}],"collection":[{"href":"https:\/\/www.entroncamentoonline.pt\/portal\/wp-json\/wp\/v2\/posts"}],"about":[{"href":"https:\/\/www.entroncamentoonline.pt\/portal\/wp-json\/wp\/v2\/types\/post"}],"author":[{"embeddable":true,"href":"https:\/\/www.entroncamentoonline.pt\/portal\/wp-json\/wp\/v2\/users\/1"}],"replies":[{"embeddable":true,"href":"https:\/\/www.entroncamentoonline.pt\/portal\/wp-json\/wp\/v2\/comments?post=46521"}],"version-history":[{"count":0,"href":"https:\/\/www.entroncamentoonline.pt\/portal\/wp-json\/wp\/v2\/posts\/46521\/revisions"}],"wp:featuredmedia":[{"embeddable":true,"href":"https:\/\/www.entroncamentoonline.pt\/portal\/wp-json\/wp\/v2\/media\/46523"}],"wp:attachment":[{"href":"https:\/\/www.entroncamentoonline.pt\/portal\/wp-json\/wp\/v2\/media?parent=46521"}],"wp:term":[{"taxonomy":"category","embeddable":true,"href":"https:\/\/www.entroncamentoonline.pt\/portal\/wp-json\/wp\/v2\/categories?post=46521"},{"taxonomy":"post_tag","embeddable":true,"href":"https:\/\/www.entroncamentoonline.pt\/portal\/wp-json\/wp\/v2\/tags?post=46521"}],"curies":[{"name":"wp","href":"https:\/\/api.w.org\/{rel}","templated":true}]}}