{"id":46160,"date":"2022-01-28T19:37:00","date_gmt":"2022-01-28T19:37:00","guid":{"rendered":"https:\/\/www.entroncamentoonline.pt\/portal\/?p=46160"},"modified":"2022-01-29T16:09:14","modified_gmt":"2022-01-29T16:09:14","slug":"entroncamento-cento-e-vinte-e-um-novos-casos-de-covid-19","status":"publish","type":"post","link":"https:\/\/www.entroncamentoonline.pt\/portal\/entroncamento-cento-e-vinte-e-um-novos-casos-de-covid-19\/","title":{"rendered":"Entroncamento | Cento e vinte e um novos casos de Covid-19"},"content":{"rendered":"<figure id=\"attachment_46189\" aria-describedby=\"caption-attachment-46189\" style=\"width: 682px\" class=\"wp-caption aligncenter\"><img loading=\"lazy\" decoding=\"async\" class=\"size-full wp-image-46189\" src=\"https:\/\/www.entroncamentoonline.pt\/portal\/wp-content\/uploads\/2022\/01\/MapasPortugal28.1.jpg\" alt=\"\" width=\"682\" height=\"383\" \/><figcaption id=\"caption-attachment-46189\" class=\"wp-caption-text\">Evolu\u00e7\u00e3o da Covid-19 em Portugal (Levy Correia)<\/figcaption><\/figure>\n<figure id=\"attachment_46188\" aria-describedby=\"caption-attachment-46188\" style=\"width: 682px\" class=\"wp-caption aligncenter\"><img loading=\"lazy\" decoding=\"async\" class=\"size-full wp-image-46188\" src=\"https:\/\/www.entroncamentoonline.pt\/portal\/wp-content\/uploads\/2022\/01\/MapasPortugal1.28.1.jpg\" alt=\"\" width=\"682\" height=\"383\" \/><figcaption id=\"caption-attachment-46188\" class=\"wp-caption-text\">Recolha Levy Correia<\/figcaption><\/figure>\n<figure id=\"attachment_46187\" aria-describedby=\"caption-attachment-46187\" style=\"width: 615px\" class=\"wp-caption aligncenter\"><img loading=\"lazy\" decoding=\"async\" class=\"size-full wp-image-46187\" src=\"https:\/\/www.entroncamentoonline.pt\/portal\/wp-content\/uploads\/2022\/01\/MapasGrupoRisco27.1.jpg\" alt=\"\" width=\"615\" height=\"425\" \/><figcaption id=\"caption-attachment-46187\" class=\"wp-caption-text\">Valores da incid\u00eancia cumulativa por 100 mil habitantes nos concelhos do ACES MT (Levy Correia)<\/figcaption><\/figure>\n<figure id=\"attachment_46186\" aria-describedby=\"caption-attachment-46186\" style=\"width: 615px\" class=\"wp-caption aligncenter\"><img loading=\"lazy\" decoding=\"async\" class=\"size-full wp-image-46186\" src=\"https:\/\/www.entroncamentoonline.pt\/portal\/wp-content\/uploads\/2022\/01\/MapasRecuperados27.1.jpg\" alt=\"\" width=\"615\" height=\"425\" \/><figcaption id=\"caption-attachment-46186\" class=\"wp-caption-text\">Incid\u00eancia (Levy Correia<\/figcaption><\/figure>\n<p>Segundo o Agrupamento de Centros de Sa\u00fade do M\u00e9dio Tejo (ACES MT), esta sexta-feira, 28 de janeiro, no concelho do Entroncamento, h\u00e1 registo de 121 novos casos de Covid-19, sendo 4150, o n\u00famero total de casos, 3420 doentes recuperados e 703 casos ativos.<\/p>\n<p>No M\u00e9dio Tejo, houve registo de 1294 casos de Covid-19 (ontem 1182). Cento e sessenta\u00a0 e cinco em Abrantes, 39 em Alcanena, 39 em Const\u00e2ncia, 121 no Entroncamento, 33 em Ferreira do Z\u00eazere, 18 em Ma\u00e7\u00e3o, 409 em Our\u00e9m, 12 em Sardoal, 239 em Tomar, 176 em Torres Novas e 43 em Vila Nova da Barquinha.<\/p>\n<p><img loading=\"lazy\" decoding=\"async\" class=\"size-full wp-image-46191 aligncenter\" src=\"https:\/\/www.entroncamentoonline.pt\/portal\/wp-content\/uploads\/2022\/01\/ACESMT28.1.jpg\" alt=\"\" width=\"679\" height=\"476\" \/><\/p>\n<p style=\"text-align: center;\"><strong>Em Portugal nas \u00faltimas 24 horas | Mais 63833 casos e 44 mortos<\/strong><\/p>\n<p>A n\u00edvel nacional, esta sexta-feira h\u00e1 registo de 44 \u00f3bitos, (ontem 41), num total de 19788 o total de infetados \u00e9 agora 2507357, mais 63833, (ontem 65706) os casos recuperados s\u00e3o 1908199, mais 42548, (ontem 23498), os internados 2320, (+71 que ontem, 2249) e em cuidados intensivos 152, (+5 que ontem, 147).<\/p>\n<p><img loading=\"lazy\" decoding=\"async\" class=\"size-medium wp-image-46174 aligncenter\" src=\"https:\/\/www.entroncamentoonline.pt\/portal\/wp-content\/uploads\/2022\/01\/RelatorioDGS-656x800.jpg\" alt=\"\" width=\"656\" height=\"800\" \/><\/p>\n<p style=\"text-align: center;\"><strong>Evolu\u00e7\u00e3o da Covid-19 nos concelhos da ACES M\u00e9dio Tejo (Levy Correia)<\/strong><\/p>\n\n<p><img loading=\"lazy\" decoding=\"async\" class=\"size-medium wp-image-46173 aligncenter\" src=\"https:\/\/www.entroncamentoonline.pt\/portal\/wp-content\/uploads\/2022\/01\/MatrizRisco-654x800.jpg\" alt=\"\" width=\"654\" height=\"800\" \/><\/p>\n<div class=\"fb-background-color\">\n\t\t\t  <div \n\t\t\t  \tclass = \"fb-comments\" \n\t\t\t  \tdata-href = \"https:\/\/www.entroncamentoonline.pt\/portal\/entroncamento-cento-e-vinte-e-um-novos-casos-de-covid-19\/\"\n\t\t\t  \tdata-numposts = \"10\"\n\t\t\t  \tdata-lazy = \"true\"\n\t\t\t\tdata-colorscheme = \"light\"\n\t\t\t\tdata-order-by = \"social\"\n\t\t\t\tdata-mobile=true>\n\t\t\t  <\/div><\/div>\n\t\t  <style>\n\t\t    .fb-background-color {\n\t\t\t\tbackground:  !important;\n\t\t\t}\n\t\t\t.fb_iframe_widget_fluid_desktop iframe {\n\t\t\t    width: 100% !important;\n\t\t\t}\n\t\t  <\/style>\n\t\t  ","protected":false},"excerpt":{"rendered":"<p>Segundo o Agrupamento de Centros de Sa\u00fade do M\u00e9dio Tejo (ACES MT), esta sexta-feira, 28 de janeiro, no concelho do Entroncamento, h\u00e1 registo de 121 novos casos de Covid-19, sendo 4150, o n\u00famero total de casos, 3420 doentes recuperados e 703 casos ativos. No M\u00e9dio Tejo, houve registo de 1294 casos de Covid-19 (ontem 1182). [&hellip;]<\/p>\n","protected":false},"author":1,"featured_media":46162,"comment_status":"open","ping_status":"closed","sticky":false,"template":"","format":"standard","meta":{"_acf_changed":false,"footnotes":""},"categories":[1],"tags":[],"class_list":{"0":"post-46160","1":"post","2":"type-post","3":"status-publish","4":"format-standard","5":"has-post-thumbnail","7":"category-sem-categoria"},"acf":[],"_links":{"self":[{"href":"https:\/\/www.entroncamentoonline.pt\/portal\/wp-json\/wp\/v2\/posts\/46160","targetHints":{"allow":["GET"]}}],"collection":[{"href":"https:\/\/www.entroncamentoonline.pt\/portal\/wp-json\/wp\/v2\/posts"}],"about":[{"href":"https:\/\/www.entroncamentoonline.pt\/portal\/wp-json\/wp\/v2\/types\/post"}],"author":[{"embeddable":true,"href":"https:\/\/www.entroncamentoonline.pt\/portal\/wp-json\/wp\/v2\/users\/1"}],"replies":[{"embeddable":true,"href":"https:\/\/www.entroncamentoonline.pt\/portal\/wp-json\/wp\/v2\/comments?post=46160"}],"version-history":[{"count":0,"href":"https:\/\/www.entroncamentoonline.pt\/portal\/wp-json\/wp\/v2\/posts\/46160\/revisions"}],"wp:featuredmedia":[{"embeddable":true,"href":"https:\/\/www.entroncamentoonline.pt\/portal\/wp-json\/wp\/v2\/media\/46162"}],"wp:attachment":[{"href":"https:\/\/www.entroncamentoonline.pt\/portal\/wp-json\/wp\/v2\/media?parent=46160"}],"wp:term":[{"taxonomy":"category","embeddable":true,"href":"https:\/\/www.entroncamentoonline.pt\/portal\/wp-json\/wp\/v2\/categories?post=46160"},{"taxonomy":"post_tag","embeddable":true,"href":"https:\/\/www.entroncamentoonline.pt\/portal\/wp-json\/wp\/v2\/tags?post=46160"}],"curies":[{"name":"wp","href":"https:\/\/api.w.org\/{rel}","templated":true}]}}