{"id":45877,"date":"2022-01-21T19:06:04","date_gmt":"2022-01-21T19:06:04","guid":{"rendered":"https:\/\/www.entroncamentoonline.pt\/portal\/?p=45877"},"modified":"2022-01-22T16:02:41","modified_gmt":"2022-01-22T16:02:41","slug":"entroncamento-oitenta-e-dois-novos-casos-de-covid-19","status":"publish","type":"post","link":"https:\/\/www.entroncamentoonline.pt\/portal\/entroncamento-oitenta-e-dois-novos-casos-de-covid-19\/","title":{"rendered":"Entroncamento | Oitenta e dois novos casos de Covid-19"},"content":{"rendered":"<figure id=\"attachment_45905\" aria-describedby=\"caption-attachment-45905\" style=\"width: 682px\" class=\"wp-caption aligncenter\"><img loading=\"lazy\" decoding=\"async\" class=\"size-full wp-image-45905\" src=\"https:\/\/www.entroncamentoonline.pt\/portal\/wp-content\/uploads\/2022\/01\/MapasPortugal21.1.jpg\" alt=\"\" width=\"682\" height=\"383\" \/><figcaption id=\"caption-attachment-45905\" class=\"wp-caption-text\">Evolu\u00e7\u00e3o da Covid-19 em Portugal (Levy Correia)<\/figcaption><\/figure>\n<figure id=\"attachment_45904\" aria-describedby=\"caption-attachment-45904\" style=\"width: 682px\" class=\"wp-caption aligncenter\"><img loading=\"lazy\" decoding=\"async\" class=\"size-full wp-image-45904\" src=\"https:\/\/www.entroncamentoonline.pt\/portal\/wp-content\/uploads\/2022\/01\/MapasPortugal1.21.1.jpg\" alt=\"\" width=\"682\" height=\"383\" \/><figcaption id=\"caption-attachment-45904\" class=\"wp-caption-text\">Recolha Levy Correia<\/figcaption><\/figure>\n<figure id=\"attachment_45903\" aria-describedby=\"caption-attachment-45903\" style=\"width: 608px\" class=\"wp-caption aligncenter\"><img loading=\"lazy\" decoding=\"async\" class=\"size-full wp-image-45903\" src=\"https:\/\/www.entroncamentoonline.pt\/portal\/wp-content\/uploads\/2022\/01\/MapasGrupoRisco20.1.jpg\" alt=\"\" width=\"608\" height=\"430\" \/><figcaption id=\"caption-attachment-45903\" class=\"wp-caption-text\">Valores da incid\u00eancia cumulativa por 100 mil habitantes nos concelhos do ACES MT (Levy Correia)<\/figcaption><\/figure>\n<figure id=\"attachment_45902\" aria-describedby=\"caption-attachment-45902\" style=\"width: 608px\" class=\"wp-caption aligncenter\"><img loading=\"lazy\" decoding=\"async\" class=\"size-full wp-image-45902\" src=\"https:\/\/www.entroncamentoonline.pt\/portal\/wp-content\/uploads\/2022\/01\/MapasRecuperados20.1.jpg\" alt=\"\" width=\"608\" height=\"430\" \/><figcaption id=\"caption-attachment-45902\" class=\"wp-caption-text\">Valores da incid\u00eancia no M\u00e9dio Tejo (Levy Correia)<\/figcaption><\/figure>\n<p>Segundo o Agrupamento de Centros de Sa\u00fade do M\u00e9dio Tejo (ACES MT), esta sexta-feira, 21 de janeiro, no concelho do Entroncamento, h\u00e1 registo de 82 novos casos de Covid-19, sendo 3529, o n\u00famero total de casos, 2539 doentes recuperados e 964 casos ativos.<\/p>\n<p>No M\u00e9dio Tejo, houve registo de 940 casos de Covid-19 (ontem 1077). Cento e quinze em Abrantes, 43 em Alcanena, 12 em Const\u00e2ncia, 82 no Entroncamento, 28 em Ferreira do Z\u00eazere, 13 em Ma\u00e7\u00e3o, 274 em Our\u00e9m, 24 em Sardoal, 163 em Tomar, 164 em Torres Novas e 22 em Vila Nova da Barquinha.<\/p>\n<p><img loading=\"lazy\" decoding=\"async\" class=\"size-full wp-image-45912 aligncenter\" src=\"https:\/\/www.entroncamentoonline.pt\/portal\/wp-content\/uploads\/2022\/01\/ACESMT21.1.jpg\" alt=\"\" width=\"679\" height=\"505\" \/><\/p>\n<p style=\"text-align: center;\"><strong>Em Portugal nas \u00faltimas 24 horas | Mais 58530 casos e 49 mortos<\/strong><\/p>\n<p>A n\u00edvel nacional, esta sexta-feira h\u00e1 registo de 49 \u00f3bitos, (ontem 34), num total de 19496 o total de infetados \u00e9 agora 2118125, mais 58530, (ontem 56426) os casos recuperados s\u00e3o 1675736, mais 20156, (ontem 28301), os internados 2044, (+40\u00a0 que ontem, 2004) e em cuidados intensivos 162, (+10 que ontem, 152).<\/p>\n<p><img loading=\"lazy\" decoding=\"async\" class=\"size-medium wp-image-45890 aligncenter\" src=\"https:\/\/www.entroncamentoonline.pt\/portal\/wp-content\/uploads\/2022\/01\/RelatorioDGS-665x800.jpg\" alt=\"\" width=\"665\" height=\"800\" \/><\/p>\n<p style=\"text-align: center;\"><strong>Evolu\u00e7\u00e3o da Covid-19 nos concelhos da ACES M\u00e9dio Tejo (Levy Correia)<\/strong><\/p>\n\n<p><img loading=\"lazy\" decoding=\"async\" class=\"size-medium wp-image-45889 aligncenter\" src=\"https:\/\/www.entroncamentoonline.pt\/portal\/wp-content\/uploads\/2022\/01\/MatrizRisco-650x800.jpg\" alt=\"\" width=\"650\" height=\"800\" \/><\/p>\n<div class=\"fb-background-color\">\n\t\t\t  <div \n\t\t\t  \tclass = \"fb-comments\" \n\t\t\t  \tdata-href = \"https:\/\/www.entroncamentoonline.pt\/portal\/entroncamento-oitenta-e-dois-novos-casos-de-covid-19\/\"\n\t\t\t  \tdata-numposts = \"10\"\n\t\t\t  \tdata-lazy = \"true\"\n\t\t\t\tdata-colorscheme = \"light\"\n\t\t\t\tdata-order-by = \"social\"\n\t\t\t\tdata-mobile=true>\n\t\t\t  <\/div><\/div>\n\t\t  <style>\n\t\t    .fb-background-color {\n\t\t\t\tbackground:  !important;\n\t\t\t}\n\t\t\t.fb_iframe_widget_fluid_desktop iframe {\n\t\t\t    width: 100% !important;\n\t\t\t}\n\t\t  <\/style>\n\t\t  ","protected":false},"excerpt":{"rendered":"<p>Segundo o Agrupamento de Centros de Sa\u00fade do M\u00e9dio Tejo (ACES MT), esta sexta-feira, 21 de janeiro, no concelho do Entroncamento, h\u00e1 registo de 82 novos casos de Covid-19, sendo 3529, o n\u00famero total de casos, 2539 doentes recuperados e 964 casos ativos. No M\u00e9dio Tejo, houve registo de 940 casos de Covid-19 (ontem 1077). [&hellip;]<\/p>\n","protected":false},"author":1,"featured_media":45880,"comment_status":"open","ping_status":"closed","sticky":false,"template":"","format":"standard","meta":{"_acf_changed":false,"footnotes":""},"categories":[1],"tags":[],"class_list":{"0":"post-45877","1":"post","2":"type-post","3":"status-publish","4":"format-standard","5":"has-post-thumbnail","7":"category-sem-categoria"},"acf":[],"_links":{"self":[{"href":"https:\/\/www.entroncamentoonline.pt\/portal\/wp-json\/wp\/v2\/posts\/45877","targetHints":{"allow":["GET"]}}],"collection":[{"href":"https:\/\/www.entroncamentoonline.pt\/portal\/wp-json\/wp\/v2\/posts"}],"about":[{"href":"https:\/\/www.entroncamentoonline.pt\/portal\/wp-json\/wp\/v2\/types\/post"}],"author":[{"embeddable":true,"href":"https:\/\/www.entroncamentoonline.pt\/portal\/wp-json\/wp\/v2\/users\/1"}],"replies":[{"embeddable":true,"href":"https:\/\/www.entroncamentoonline.pt\/portal\/wp-json\/wp\/v2\/comments?post=45877"}],"version-history":[{"count":0,"href":"https:\/\/www.entroncamentoonline.pt\/portal\/wp-json\/wp\/v2\/posts\/45877\/revisions"}],"wp:featuredmedia":[{"embeddable":true,"href":"https:\/\/www.entroncamentoonline.pt\/portal\/wp-json\/wp\/v2\/media\/45880"}],"wp:attachment":[{"href":"https:\/\/www.entroncamentoonline.pt\/portal\/wp-json\/wp\/v2\/media?parent=45877"}],"wp:term":[{"taxonomy":"category","embeddable":true,"href":"https:\/\/www.entroncamentoonline.pt\/portal\/wp-json\/wp\/v2\/categories?post=45877"},{"taxonomy":"post_tag","embeddable":true,"href":"https:\/\/www.entroncamentoonline.pt\/portal\/wp-json\/wp\/v2\/tags?post=45877"}],"curies":[{"name":"wp","href":"https:\/\/api.w.org\/{rel}","templated":true}]}}