{"id":45272,"date":"2022-01-06T18:23:51","date_gmt":"2022-01-06T18:23:51","guid":{"rendered":"https:\/\/www.entroncamentoonline.pt\/portal\/?p=45272"},"modified":"2022-01-07T18:19:03","modified_gmt":"2022-01-07T18:19:03","slug":"entroncamento-cento-e-tres-novos-casos-de-covid-19-e-menos-1-em-vigilancia-ativa","status":"publish","type":"post","link":"https:\/\/www.entroncamentoonline.pt\/portal\/entroncamento-cento-e-tres-novos-casos-de-covid-19-e-menos-1-em-vigilancia-ativa\/","title":{"rendered":"Entroncamento | Cento e tr\u00eas novos casos de Covid-19 e menos 1 em vigil\u00e2ncia ativa"},"content":{"rendered":"<figure id=\"attachment_45290\" aria-describedby=\"caption-attachment-45290\" style=\"width: 608px\" class=\"wp-caption aligncenter\"><img loading=\"lazy\" decoding=\"async\" class=\"size-full wp-image-45290\" src=\"https:\/\/www.entroncamentoonline.pt\/portal\/wp-content\/uploads\/2022\/01\/MapasPortugal6.1.jpg\" alt=\"\" width=\"608\" height=\"430\" \/><figcaption id=\"caption-attachment-45290\" class=\"wp-caption-text\">Evolu\u00e7\u00e3o da Covid-19 em Portugal (Levy Correia)<\/figcaption><\/figure>\n<figure id=\"attachment_45289\" aria-describedby=\"caption-attachment-45289\" style=\"width: 608px\" class=\"wp-caption aligncenter\"><img loading=\"lazy\" decoding=\"async\" class=\"size-full wp-image-45289\" src=\"https:\/\/www.entroncamentoonline.pt\/portal\/wp-content\/uploads\/2022\/01\/MapasPortugal1.6.1.jpg\" alt=\"\" width=\"608\" height=\"430\" \/><figcaption id=\"caption-attachment-45289\" class=\"wp-caption-text\">Recolha Levy Correia<\/figcaption><\/figure>\n<figure id=\"attachment_45288\" aria-describedby=\"caption-attachment-45288\" style=\"width: 608px\" class=\"wp-caption aligncenter\"><img loading=\"lazy\" decoding=\"async\" class=\"size-full wp-image-45288\" src=\"https:\/\/www.entroncamentoonline.pt\/portal\/wp-content\/uploads\/2022\/01\/MapasGruposRisco5.1.jpg\" alt=\"\" width=\"608\" height=\"430\" \/><figcaption id=\"caption-attachment-45288\" class=\"wp-caption-text\">Valores da incid\u00eancia cumulativa por 100 mil habitantes nos concelhos do ACES MT (Levy Correia)<\/figcaption><\/figure>\n<figure id=\"attachment_45287\" aria-describedby=\"caption-attachment-45287\" style=\"width: 608px\" class=\"wp-caption aligncenter\"><img loading=\"lazy\" decoding=\"async\" class=\"size-full wp-image-45287\" src=\"https:\/\/www.entroncamentoonline.pt\/portal\/wp-content\/uploads\/2022\/01\/MapasRecuperados5.1.jpg\" alt=\"\" width=\"608\" height=\"430\" \/><figcaption id=\"caption-attachment-45287\" class=\"wp-caption-text\">Casos Acumulados em 14 dias (Levy Correia)<\/figcaption><\/figure>\n<p>Segundo o Agrupamento de Centros de Sa\u00fade do M\u00e9dio Tejo (ACES MT), esta quinta-feira, dia 6 de janeiro, no concelho do Entroncamento, h\u00e1 registo de 103 novos casos de Covid-19, sendo 2565, o n\u00famero total de casos, 109 pessoas em vigil\u00e2ncia ativa, 1939 doentes recuperados e 600 casos ativos.<\/p>\n<p>No M\u00e9dio Tejo, houve registo de 775 casos de Covid-19 (ontem 737). Noventa e tr\u00eas em Abrantes, 36 em Alcanena, 14 em Const\u00e2ncia, 103 no Entroncamento, 57 em Ferreira do Z\u00eazere, 16 em Ma\u00e7\u00e3o, 186 em Our\u00e9m, 12 em Sardoal, 110 em Tomar, 116 em Torres Novas e 32 em Vila Nova da Barquinha.<\/p>\n<p><img loading=\"lazy\" decoding=\"async\" class=\"size-full wp-image-45293 aligncenter\" src=\"https:\/\/www.entroncamentoonline.pt\/portal\/wp-content\/uploads\/2022\/01\/ACESMT6.1.jpg\" alt=\"\" width=\"778\" height=\"505\" \/><\/p>\n<p style=\"text-align: center;\"><strong>Em Portugal nas \u00faltimas 24 horas | Mais 39074 casos e 25 mortos<\/strong><\/p>\n<p>A n\u00edvel nacional, esta quinta-feira h\u00e1 registo de 25 \u00f3bitos, (ontem 14), num total de 19054 o total de infetados \u00e9 agora 1539050, mais 39074, (ontem 39570) os casos recuperados s\u00e3o 1272556, mais 30707, (ontem 14207), os internados 1311, (+60 que ontem, 1251) e em cuidados intensivos 158, (+15 que ontem, 143).<\/p>\n<p><img loading=\"lazy\" decoding=\"async\" class=\"size-medium wp-image-45275 aligncenter\" src=\"https:\/\/www.entroncamentoonline.pt\/portal\/wp-content\/uploads\/2022\/01\/RelatorioDGS-2-627x800.jpg\" alt=\"\" width=\"627\" height=\"800\" \/><\/p>\n<p style=\"text-align: center;\"><strong>Evolu\u00e7\u00e3o da Covid-19 nos concelhos da ACES M\u00e9dio Tejo (Levy Correia)<\/strong><\/p>\n\n<p>&nbsp;<\/p>\n<div class=\"fb-background-color\">\n\t\t\t  <div \n\t\t\t  \tclass = \"fb-comments\" \n\t\t\t  \tdata-href = \"https:\/\/www.entroncamentoonline.pt\/portal\/entroncamento-cento-e-tres-novos-casos-de-covid-19-e-menos-1-em-vigilancia-ativa\/\"\n\t\t\t  \tdata-numposts = \"10\"\n\t\t\t  \tdata-lazy = \"true\"\n\t\t\t\tdata-colorscheme = \"light\"\n\t\t\t\tdata-order-by = \"social\"\n\t\t\t\tdata-mobile=true>\n\t\t\t  <\/div><\/div>\n\t\t  <style>\n\t\t    .fb-background-color {\n\t\t\t\tbackground:  !important;\n\t\t\t}\n\t\t\t.fb_iframe_widget_fluid_desktop iframe {\n\t\t\t    width: 100% !important;\n\t\t\t}\n\t\t  <\/style>\n\t\t  ","protected":false},"excerpt":{"rendered":"<p>Segundo o Agrupamento de Centros de Sa\u00fade do M\u00e9dio Tejo (ACES MT), esta quinta-feira, dia 6 de janeiro, no concelho do Entroncamento, h\u00e1 registo de 103 novos casos de Covid-19, sendo 2565, o n\u00famero total de casos, 109 pessoas em vigil\u00e2ncia ativa, 1939 doentes recuperados e 600 casos ativos. No M\u00e9dio Tejo, houve registo de [&hellip;]<\/p>\n","protected":false},"author":1,"featured_media":45229,"comment_status":"open","ping_status":"closed","sticky":false,"template":"","format":"standard","meta":{"_acf_changed":false,"footnotes":""},"categories":[1],"tags":[],"class_list":{"0":"post-45272","1":"post","2":"type-post","3":"status-publish","4":"format-standard","5":"has-post-thumbnail","7":"category-sem-categoria"},"acf":[],"_links":{"self":[{"href":"https:\/\/www.entroncamentoonline.pt\/portal\/wp-json\/wp\/v2\/posts\/45272","targetHints":{"allow":["GET"]}}],"collection":[{"href":"https:\/\/www.entroncamentoonline.pt\/portal\/wp-json\/wp\/v2\/posts"}],"about":[{"href":"https:\/\/www.entroncamentoonline.pt\/portal\/wp-json\/wp\/v2\/types\/post"}],"author":[{"embeddable":true,"href":"https:\/\/www.entroncamentoonline.pt\/portal\/wp-json\/wp\/v2\/users\/1"}],"replies":[{"embeddable":true,"href":"https:\/\/www.entroncamentoonline.pt\/portal\/wp-json\/wp\/v2\/comments?post=45272"}],"version-history":[{"count":0,"href":"https:\/\/www.entroncamentoonline.pt\/portal\/wp-json\/wp\/v2\/posts\/45272\/revisions"}],"wp:featuredmedia":[{"embeddable":true,"href":"https:\/\/www.entroncamentoonline.pt\/portal\/wp-json\/wp\/v2\/media\/45229"}],"wp:attachment":[{"href":"https:\/\/www.entroncamentoonline.pt\/portal\/wp-json\/wp\/v2\/media?parent=45272"}],"wp:term":[{"taxonomy":"category","embeddable":true,"href":"https:\/\/www.entroncamentoonline.pt\/portal\/wp-json\/wp\/v2\/categories?post=45272"},{"taxonomy":"post_tag","embeddable":true,"href":"https:\/\/www.entroncamentoonline.pt\/portal\/wp-json\/wp\/v2\/tags?post=45272"}],"curies":[{"name":"wp","href":"https:\/\/api.w.org\/{rel}","templated":true}]}}