{"id":45257,"date":"2022-01-05T18:39:08","date_gmt":"2022-01-05T18:39:08","guid":{"rendered":"https:\/\/www.entroncamentoonline.pt\/portal\/?p=45257"},"modified":"2022-01-06T15:35:25","modified_gmt":"2022-01-06T15:35:25","slug":"entroncamento-setenta-e-um-novos-casos-de-covid-19-e-menos-3-casos-em-vigilancia-ativa","status":"publish","type":"post","link":"https:\/\/www.entroncamentoonline.pt\/portal\/entroncamento-setenta-e-um-novos-casos-de-covid-19-e-menos-3-casos-em-vigilancia-ativa\/","title":{"rendered":"Entroncamento | Setenta e um novos casos de Covid-19 e menos 3 em vigil\u00e2ncia ativa"},"content":{"rendered":"<figure id=\"attachment_45252\" aria-describedby=\"caption-attachment-45252\" style=\"width: 608px\" class=\"wp-caption aligncenter\"><img loading=\"lazy\" decoding=\"async\" class=\"size-full wp-image-45252\" src=\"https:\/\/www.entroncamentoonline.pt\/portal\/wp-content\/uploads\/2022\/01\/MapasPortugal5.1.jpg\" alt=\"\" width=\"608\" height=\"430\" \/><figcaption id=\"caption-attachment-45252\" class=\"wp-caption-text\">Evolu\u00e7\u00e3o da Covid-19 em Portugal (Levy Correia)<\/figcaption><\/figure>\n<figure id=\"attachment_45251\" aria-describedby=\"caption-attachment-45251\" style=\"width: 608px\" class=\"wp-caption aligncenter\"><img loading=\"lazy\" decoding=\"async\" class=\"size-full wp-image-45251\" src=\"https:\/\/www.entroncamentoonline.pt\/portal\/wp-content\/uploads\/2022\/01\/MapasPortugal1.5.1.jpg\" alt=\"\" width=\"608\" height=\"430\" \/><figcaption id=\"caption-attachment-45251\" class=\"wp-caption-text\">Recolha Levy Correia<\/figcaption><\/figure>\n<figure id=\"attachment_45250\" aria-describedby=\"caption-attachment-45250\" style=\"width: 608px\" class=\"wp-caption aligncenter\"><img loading=\"lazy\" decoding=\"async\" class=\"size-full wp-image-45250\" src=\"https:\/\/www.entroncamentoonline.pt\/portal\/wp-content\/uploads\/2022\/01\/MapasGruposRisco4.1.jpg\" alt=\"\" width=\"608\" height=\"430\" \/><figcaption id=\"caption-attachment-45250\" class=\"wp-caption-text\">Valores da incid\u00eancia cumulativa por 100 mil habitantes nos concelhos do ACES MT (Levy Correia)<\/figcaption><\/figure>\n<figure id=\"attachment_45249\" aria-describedby=\"caption-attachment-45249\" style=\"width: 608px\" class=\"wp-caption aligncenter\"><img loading=\"lazy\" decoding=\"async\" class=\"size-full wp-image-45249\" src=\"https:\/\/www.entroncamentoonline.pt\/portal\/wp-content\/uploads\/2022\/01\/MapasRecuperados4.1.jpg\" alt=\"\" width=\"608\" height=\"430\" \/><figcaption id=\"caption-attachment-45249\" class=\"wp-caption-text\">Mortos por 10 mil habitantes (Levy Correia)<\/figcaption><\/figure>\n<p>Segundo o Agrupamento de Centros de Sa\u00fade do M\u00e9dio Tejo (ACES MT), esta quarta-feira, dia 5 de janeiro, no concelho do Entroncamento, h\u00e1 registo de 71 novos casos de Covid-19, sendo 2462, o n\u00famero total de casos, 110 pessoas em vigil\u00e2ncia ativa, 1939 doentes recuperados e 497 casos ativos.<\/p>\n<p>No M\u00e9dio Tejo, houve registo de 737 casos de Covid-19 (ontem 488). Cento e vinte dois em Abrantes, 58 em Alcanena, 13 em Const\u00e2ncia, 71 no Entroncamento, 26 em Ferreira do Z\u00eazere, 18 em Ma\u00e7\u00e3o, 181 em Our\u00e9m, 17 em Sardoal, 100 em Tomar, 113 em Torres Novas e 18 em Vila Nova da Barquinha.<\/p>\n<p><img loading=\"lazy\" decoding=\"async\" class=\"size-full wp-image-45254 aligncenter\" src=\"https:\/\/www.entroncamentoonline.pt\/portal\/wp-content\/uploads\/2022\/01\/ACESMT5.1.jpg\" alt=\"\" width=\"778\" height=\"505\" \/><\/p>\n<p style=\"text-align: center;\"><strong>Em Portugal nas \u00faltimas 24 horas | Mais 39570 casos e 14 mortos<\/strong><\/p>\n<p>A n\u00edvel nacional, esta quarta-feira h\u00e1 registo de 14 \u00f3bitos, (ontem 15), num total de 19029 o total de infetados \u00e9 agora 1499976, mais 39570, (ontem 25836) os casos recuperados s\u00e3o 1241849, mais 14207, (ontem 19931), os internados 1251, (+48 que ontem, 1203) e em cuidados intensivos 143, (-4 que ontem, 147).<\/p>\n<p><img loading=\"lazy\" decoding=\"async\" class=\"size-medium wp-image-45235 aligncenter\" src=\"https:\/\/www.entroncamentoonline.pt\/portal\/wp-content\/uploads\/2022\/01\/RelatorioDGS-661x800.jpg\" alt=\"\" width=\"661\" height=\"800\" \/><\/p>\n<p style=\"text-align: center;\"><strong>Evolu\u00e7\u00e3o da Covid-19 nos concelhos da ACES M\u00e9dio Tejo (Levy Correia)<\/strong><\/p>\n\n<p><img loading=\"lazy\" decoding=\"async\" class=\"size-medium wp-image-45234 aligncenter\" src=\"https:\/\/www.entroncamentoonline.pt\/portal\/wp-content\/uploads\/2022\/01\/MatrizRisco-663x800.jpg\" alt=\"\" width=\"663\" height=\"800\" \/><\/p>\n<div class=\"fb-background-color\">\n\t\t\t  <div \n\t\t\t  \tclass = \"fb-comments\" \n\t\t\t  \tdata-href = \"https:\/\/www.entroncamentoonline.pt\/portal\/entroncamento-setenta-e-um-novos-casos-de-covid-19-e-menos-3-casos-em-vigilancia-ativa\/\"\n\t\t\t  \tdata-numposts = \"10\"\n\t\t\t  \tdata-lazy = \"true\"\n\t\t\t\tdata-colorscheme = \"light\"\n\t\t\t\tdata-order-by = \"social\"\n\t\t\t\tdata-mobile=true>\n\t\t\t  <\/div><\/div>\n\t\t  <style>\n\t\t    .fb-background-color {\n\t\t\t\tbackground:  !important;\n\t\t\t}\n\t\t\t.fb_iframe_widget_fluid_desktop iframe {\n\t\t\t    width: 100% !important;\n\t\t\t}\n\t\t  <\/style>\n\t\t  ","protected":false},"excerpt":{"rendered":"<p>Segundo o Agrupamento de Centros de Sa\u00fade do M\u00e9dio Tejo (ACES MT), esta quarta-feira, dia 5 de janeiro, no concelho do Entroncamento, h\u00e1 registo de 71 novos casos de Covid-19, sendo 2462, o n\u00famero total de casos, 110 pessoas em vigil\u00e2ncia ativa, 1939 doentes recuperados e 497 casos ativos. No M\u00e9dio Tejo, houve registo de [&hellip;]<\/p>\n","protected":false},"author":1,"featured_media":45233,"comment_status":"open","ping_status":"closed","sticky":false,"template":"","format":"standard","meta":{"_acf_changed":false,"footnotes":""},"categories":[1],"tags":[],"class_list":{"0":"post-45257","1":"post","2":"type-post","3":"status-publish","4":"format-standard","5":"has-post-thumbnail","7":"category-sem-categoria"},"acf":[],"_links":{"self":[{"href":"https:\/\/www.entroncamentoonline.pt\/portal\/wp-json\/wp\/v2\/posts\/45257","targetHints":{"allow":["GET"]}}],"collection":[{"href":"https:\/\/www.entroncamentoonline.pt\/portal\/wp-json\/wp\/v2\/posts"}],"about":[{"href":"https:\/\/www.entroncamentoonline.pt\/portal\/wp-json\/wp\/v2\/types\/post"}],"author":[{"embeddable":true,"href":"https:\/\/www.entroncamentoonline.pt\/portal\/wp-json\/wp\/v2\/users\/1"}],"replies":[{"embeddable":true,"href":"https:\/\/www.entroncamentoonline.pt\/portal\/wp-json\/wp\/v2\/comments?post=45257"}],"version-history":[{"count":0,"href":"https:\/\/www.entroncamentoonline.pt\/portal\/wp-json\/wp\/v2\/posts\/45257\/revisions"}],"wp:featuredmedia":[{"embeddable":true,"href":"https:\/\/www.entroncamentoonline.pt\/portal\/wp-json\/wp\/v2\/media\/45233"}],"wp:attachment":[{"href":"https:\/\/www.entroncamentoonline.pt\/portal\/wp-json\/wp\/v2\/media?parent=45257"}],"wp:term":[{"taxonomy":"category","embeddable":true,"href":"https:\/\/www.entroncamentoonline.pt\/portal\/wp-json\/wp\/v2\/categories?post=45257"},{"taxonomy":"post_tag","embeddable":true,"href":"https:\/\/www.entroncamentoonline.pt\/portal\/wp-json\/wp\/v2\/tags?post=45257"}],"curies":[{"name":"wp","href":"https:\/\/api.w.org\/{rel}","templated":true}]}}