{"id":45169,"date":"2022-01-04T18:24:13","date_gmt":"2022-01-04T18:24:13","guid":{"rendered":"https:\/\/www.entroncamentoonline.pt\/portal\/?p=45169"},"modified":"2022-01-05T18:40:22","modified_gmt":"2022-01-05T18:40:22","slug":"entroncamento-quarenta-e-dois-novos-casos-de-covid-19-e-mais-8-casos-em-vigilancia-ativa","status":"publish","type":"post","link":"https:\/\/www.entroncamentoonline.pt\/portal\/entroncamento-quarenta-e-dois-novos-casos-de-covid-19-e-mais-8-casos-em-vigilancia-ativa\/","title":{"rendered":"Entroncamento | Quarenta e dois novos casos de Covid-19 e mais 8 casos em vigil\u00e2ncia ativa"},"content":{"rendered":"<figure id=\"attachment_45210\" aria-describedby=\"caption-attachment-45210\" style=\"width: 608px\" class=\"wp-caption aligncenter\"><img loading=\"lazy\" decoding=\"async\" class=\"size-full wp-image-45210\" src=\"https:\/\/www.entroncamentoonline.pt\/portal\/wp-content\/uploads\/2022\/01\/MapasPortugal4.1.jpg\" alt=\"\" width=\"608\" height=\"430\" \/><figcaption id=\"caption-attachment-45210\" class=\"wp-caption-text\">Evolu\u00e7\u00e3o da Covid-19 em Portugal (Levy Correia)<\/figcaption><\/figure>\n<figure id=\"attachment_45209\" aria-describedby=\"caption-attachment-45209\" style=\"width: 608px\" class=\"wp-caption aligncenter\"><img loading=\"lazy\" decoding=\"async\" class=\"size-full wp-image-45209\" src=\"https:\/\/www.entroncamentoonline.pt\/portal\/wp-content\/uploads\/2022\/01\/MapasPortugal1.4.1.jpg\" alt=\"\" width=\"608\" height=\"430\" \/><figcaption id=\"caption-attachment-45209\" class=\"wp-caption-text\">Recolha Levy Correia<\/figcaption><\/figure>\n<figure id=\"attachment_45208\" aria-describedby=\"caption-attachment-45208\" style=\"width: 608px\" class=\"wp-caption aligncenter\"><img loading=\"lazy\" decoding=\"async\" class=\"size-full wp-image-45208\" src=\"https:\/\/www.entroncamentoonline.pt\/portal\/wp-content\/uploads\/2022\/01\/MapasGruposRisco3.1.jpg\" alt=\"\" width=\"608\" height=\"430\" \/><figcaption id=\"caption-attachment-45208\" class=\"wp-caption-text\">Valores da incid\u00eancia cumulativa por 100 mil habitantes nos concelhos do ACES MT (Levy Correia)<\/figcaption><\/figure>\n<figure id=\"attachment_45207\" aria-describedby=\"caption-attachment-45207\" style=\"width: 608px\" class=\"wp-caption aligncenter\"><img loading=\"lazy\" decoding=\"async\" class=\"size-full wp-image-45207\" src=\"https:\/\/www.entroncamentoonline.pt\/portal\/wp-content\/uploads\/2022\/01\/MapasRecuperados3.1.jpg\" alt=\"\" width=\"608\" height=\"430\" \/><figcaption id=\"caption-attachment-45207\" class=\"wp-caption-text\">Percentagem de casos por mil habitantes (Levy Correia)<\/figcaption><\/figure>\n<p>Segundo o Agrupamento de Centros de Sa\u00fade do M\u00e9dio Tejo (ACES MT), esta ter\u00e7a-feira, dia 4 de janeiro, no concelho do Entroncamento, h\u00e1 registo de 42 novos casos de Covid-19, sendo 2391, o n\u00famero total de casos, 113 pessoas em vigil\u00e2ncia ativa, 1939 doentes recuperados e 426 casos ativos.<\/p>\n<p>No M\u00e9dio Tejo, houve registo de 488 casos de Covid-19 (ontem 79). Setenta e quatro em Abrantes, 23 em Alcanena, 3 em Const\u00e2ncia, 42 no Entroncamento, 52 em Ferreira do Z\u00eazere, 19 em Ma\u00e7\u00e3o, 71 em Our\u00e9m, 3 em Sardoal, 105 em Tomar, 84 em Torres Novas e 12 em Vila Nova da Barquinha.<\/p>\n<p><img loading=\"lazy\" decoding=\"async\" class=\"size-full wp-image-45212 aligncenter\" src=\"https:\/\/www.entroncamentoonline.pt\/portal\/wp-content\/uploads\/2022\/01\/ACESMT4.1.jpg\" alt=\"\" width=\"778\" height=\"505\" \/><\/p>\n<p style=\"text-align: center;\"><strong>Em Portugal nas \u00faltimas 24 horas | Mais 25836 casos e 15 mortos<\/strong><\/p>\n<p>A n\u00edvel nacional, esta ter\u00e7a-feira h\u00e1 registo de 15 \u00f3bitos, (ontem 10), num total de 19015 o total de infetados \u00e9 agora 1460406, mais 25836, (ontem 10554) os casos recuperados s\u00e3o 1227642, mais 19931, (ontem 6007), os internados 1203, (+36 que ontem, 1167) e em cuidados intensivos 147, (o mesmo que ontem, 147).<\/p>\n<p><img loading=\"lazy\" decoding=\"async\" class=\"size-medium wp-image-45179 aligncenter\" src=\"https:\/\/www.entroncamentoonline.pt\/portal\/wp-content\/uploads\/2022\/01\/RelatorioDGS-642x800.jpg\" alt=\"\" width=\"642\" height=\"800\" \/><\/p>\n<p style=\"text-align: center;\"><strong>Evolu\u00e7\u00e3o da Covid-19 nos concelhos da ACES M\u00e9dio Tejo (Levy Correia)<\/strong><\/p>\n\n<p><img loading=\"lazy\" decoding=\"async\" class=\"size-medium wp-image-45180 aligncenter\" src=\"https:\/\/www.entroncamentoonline.pt\/portal\/wp-content\/uploads\/2022\/01\/MatrizRisco-660x800.jpg\" alt=\"\" width=\"660\" height=\"800\" \/><\/p>\n<div class=\"fb-background-color\">\n\t\t\t  <div \n\t\t\t  \tclass = \"fb-comments\" \n\t\t\t  \tdata-href = \"https:\/\/www.entroncamentoonline.pt\/portal\/entroncamento-quarenta-e-dois-novos-casos-de-covid-19-e-mais-8-casos-em-vigilancia-ativa\/\"\n\t\t\t  \tdata-numposts = \"10\"\n\t\t\t  \tdata-lazy = \"true\"\n\t\t\t\tdata-colorscheme = \"light\"\n\t\t\t\tdata-order-by = \"social\"\n\t\t\t\tdata-mobile=true>\n\t\t\t  <\/div><\/div>\n\t\t  <style>\n\t\t    .fb-background-color {\n\t\t\t\tbackground:  !important;\n\t\t\t}\n\t\t\t.fb_iframe_widget_fluid_desktop iframe {\n\t\t\t    width: 100% !important;\n\t\t\t}\n\t\t  <\/style>\n\t\t  ","protected":false},"excerpt":{"rendered":"<p>Segundo o Agrupamento de Centros de Sa\u00fade do M\u00e9dio Tejo (ACES MT), esta ter\u00e7a-feira, dia 4 de janeiro, no concelho do Entroncamento, h\u00e1 registo de 42 novos casos de Covid-19, sendo 2391, o n\u00famero total de casos, 113 pessoas em vigil\u00e2ncia ativa, 1939 doentes recuperados e 426 casos ativos. No M\u00e9dio Tejo, houve registo de [&hellip;]<\/p>\n","protected":false},"author":1,"featured_media":45172,"comment_status":"open","ping_status":"closed","sticky":false,"template":"","format":"standard","meta":{"_acf_changed":false,"footnotes":""},"categories":[1],"tags":[],"class_list":{"0":"post-45169","1":"post","2":"type-post","3":"status-publish","4":"format-standard","5":"has-post-thumbnail","7":"category-sem-categoria"},"acf":[],"_links":{"self":[{"href":"https:\/\/www.entroncamentoonline.pt\/portal\/wp-json\/wp\/v2\/posts\/45169","targetHints":{"allow":["GET"]}}],"collection":[{"href":"https:\/\/www.entroncamentoonline.pt\/portal\/wp-json\/wp\/v2\/posts"}],"about":[{"href":"https:\/\/www.entroncamentoonline.pt\/portal\/wp-json\/wp\/v2\/types\/post"}],"author":[{"embeddable":true,"href":"https:\/\/www.entroncamentoonline.pt\/portal\/wp-json\/wp\/v2\/users\/1"}],"replies":[{"embeddable":true,"href":"https:\/\/www.entroncamentoonline.pt\/portal\/wp-json\/wp\/v2\/comments?post=45169"}],"version-history":[{"count":0,"href":"https:\/\/www.entroncamentoonline.pt\/portal\/wp-json\/wp\/v2\/posts\/45169\/revisions"}],"wp:featuredmedia":[{"embeddable":true,"href":"https:\/\/www.entroncamentoonline.pt\/portal\/wp-json\/wp\/v2\/media\/45172"}],"wp:attachment":[{"href":"https:\/\/www.entroncamentoonline.pt\/portal\/wp-json\/wp\/v2\/media?parent=45169"}],"wp:term":[{"taxonomy":"category","embeddable":true,"href":"https:\/\/www.entroncamentoonline.pt\/portal\/wp-json\/wp\/v2\/categories?post=45169"},{"taxonomy":"post_tag","embeddable":true,"href":"https:\/\/www.entroncamentoonline.pt\/portal\/wp-json\/wp\/v2\/tags?post=45169"}],"curies":[{"name":"wp","href":"https:\/\/api.w.org\/{rel}","templated":true}]}}