{"id":45159,"date":"2022-01-04T09:42:03","date_gmt":"2022-01-04T09:42:03","guid":{"rendered":"https:\/\/www.entroncamentoonline.pt\/portal\/?p=45159"},"modified":"2022-01-26T12:14:34","modified_gmt":"2022-01-26T12:14:34","slug":"legislativas-2022-conheca-os-prazos-para-pedir-o-voto-antecipado","status":"publish","type":"post","link":"https:\/\/www.entroncamentoonline.pt\/portal\/legislativas-2022-conheca-os-prazos-para-pedir-o-voto-antecipado\/","title":{"rendered":"Legislativas 2022 | Conhe\u00e7a os prazos para pedir o voto antecipado"},"content":{"rendered":"<p dir=\"ltr\">J\u00e1 foram divulgadas as datas para pedir o voto antecipado para as elei\u00e7\u00f5es legislativas, que acontecem a 30 de janeiro de 2022. O voto antecipado aplica-se a pessoas em mobilidade, em internamento, em pris\u00e3o, em lares, em confinamento obrigat\u00f3rio devido \u00e0 COVID-19 e pessoas deslocadas no estrangeiro por motivos profissionais, escolares ou de sa\u00fade.<\/p>\n<p dir=\"ltr\"><strong>Eleitores internados ou presos<\/strong><\/p>\n<p dir=\"ltr\">Quem n\u00e3o se pode deslocar \u00e0 mesa de voto no dia das elei\u00e7\u00f5es por estar\u00a0<a href=\"https:\/\/www.portaldoeleitor.pt\/Documents\/Legislativas%202022\/AR_Voto%20Doentes%20Internados.pdf\">internado num estabelecimento hospitalar<\/a>\u00a0ou\u00a0<a href=\"https:\/\/www.portaldoeleitor.pt\/Documents\/Legislativas%202022\/AR_Folheto_Presos.pdf\">detido num estabelecimento prisional<\/a>, pode pedir o voto antecipado\u00a0<strong>at\u00e9 10 de janeiro<\/strong>. O pedido \u00e9 feito atrav\u00e9s da\u00a0<a href=\"https:\/\/www.votoantecipado.mai.gov.pt\/\">plataforma Voto Antecipado<\/a>.<\/p>\n<p dir=\"ltr\">Entre 17 e 20 de janeiro, o presidente da c\u00e2mara municipal ou o seu representante ir\u00e1 deslocar-se ao local onde est\u00e1 o eleitor para entregar e recolher o boletim de voto.<\/p>\n<p dir=\"ltr\"><strong>Eleitores em mobilidade<\/strong><\/p>\n<p dir=\"ltr\"><img loading=\"lazy\" decoding=\"async\" class=\" wp-image-45162 alignleft\" src=\"https:\/\/www.entroncamentoonline.pt\/portal\/wp-content\/uploads\/2022\/01\/VotoAnticipado2-558x800.jpg\" alt=\"\" width=\"332\" height=\"476\" srcset=\"https:\/\/www.entroncamentoonline.pt\/portal\/wp-content\/uploads\/2022\/01\/VotoAnticipado2-558x800.jpg 558w, https:\/\/www.entroncamentoonline.pt\/portal\/wp-content\/uploads\/2022\/01\/VotoAnticipado2-293x420.jpg 293w, https:\/\/www.entroncamentoonline.pt\/portal\/wp-content\/uploads\/2022\/01\/VotoAnticipado2.jpg 613w\" sizes=\"auto, (max-width: 332px) 100vw, 332px\" \/>Quem est\u00e1 recenseado em territ\u00f3rio nacional e vai estar\u00a0<a href=\"https:\/\/www.portaldoeleitor.pt\/Documents\/Legislativas%202022\/AR_Folheto_Mobilidade.pdf\">em mobilidade<\/a>\u00a0no dia das elei\u00e7\u00f5es, pode pedir o voto antecipado\u00a0<strong>entre 16 e 20 de janeiro<\/strong>. O pedido \u00e9 feito atrav\u00e9s da\u00a0<a href=\"https:\/\/www.votoantecipado.mai.gov.pt\/\">plataforma Voto Antecipado.\u00a0<\/a><\/p>\n<p dir=\"ltr\">A vota\u00e7\u00e3o ter\u00e1 lugar a 23 de janeiro, na mesa de voto que escolher, indicando a sua freguesia.<\/p>\n<p dir=\"ltr\"><strong>Eleitores deslocados no estrangeiro<\/strong><\/p>\n<p dir=\"ltr\">Quem est\u00e1 recenseado em Portugal, mas encontra-se\u00a0<a href=\"https:\/\/www.portaldoeleitor.pt\/Documents\/Legislativas%202022\/AR_Folheto_VotoAntecipado_Estrangeiro.pdf\">deslocado no estrangeiro por motivos profissionais, escolares ou de sa\u00fade<\/a>, pode votar antecipadamente\u00a0<strong>entre 18 e 20 de janeiro<\/strong>.<\/p>\n<p dir=\"ltr\">Basta dirigir-se \u00e0s representa\u00e7\u00f5es diplom\u00e1ticas, consulares ou delega\u00e7\u00f5es externas do Minist\u00e9rio dos Neg\u00f3cios Estrangeiros do local onde estiver.<\/p>\n<p dir=\"ltr\"><strong>Eleitores em lares e em confinamento devido \u00e0 COVID-19<\/strong><\/p>\n<p dir=\"ltr\">Quem est\u00e1 impedido de se deslocar no dia das elei\u00e7\u00f5es por\u00a0<a href=\"https:\/\/www.portaldoeleitor.pt\/Documents\/Legislativas%202022\/AR_Voto%20Residentes%20em%20Lares.pdf\">residir num lar<\/a>\u00a0ou por estar\u00a0<a href=\"https:\/\/www.portaldoeleitor.pt\/Documents\/Legislativas%202022\/AR_Voto%20Confinados.pdf\">em confinamento obrigat\u00f3rio devido \u00e0 COVID-19<\/a>, pode pedir o voto antecipado\u00a0<strong>entre 20 a 23 de janeiro<\/strong>. O pedido \u00e9 feito atrav\u00e9s da\u00a0<a href=\"https:\/\/www.votoantecipado.mai.gov.pt\/\">plataforma Voto Antecipado<\/a>.<\/p>\n<p dir=\"ltr\">Entre 25 e 26 de janeiro, o presidente da c\u00e2mara municipal ou o seu representante ir\u00e1 deslocar-se ao local onde est\u00e1 o eleitor para entregar e recolher o boletim de voto.<\/p>\n<div id='gallery-1' class='gallery galleryid-45159 gallery-columns-2 gallery-size-thumbnail'><figure class='gallery-item'>\n\t\t\t<div class='gallery-icon portrait'>\n\t\t\t\t<a href='https:\/\/www.entroncamentoonline.pt\/portal\/legislativas-2022-conheca-os-prazos-para-pedir-o-voto-antecipado\/votoanticipado3\/'><img loading=\"lazy\" decoding=\"async\" width=\"350\" height=\"350\" src=\"https:\/\/www.entroncamentoonline.pt\/portal\/wp-content\/uploads\/2022\/01\/VotoAnticipado3-350x350.jpg\" class=\"attachment-thumbnail size-thumbnail\" alt=\"\" \/><\/a>\n\t\t\t<\/div><\/figure><figure class='gallery-item'>\n\t\t\t<div class='gallery-icon portrait'>\n\t\t\t\t<a href='https:\/\/www.entroncamentoonline.pt\/portal\/legislativas-2022-conheca-os-prazos-para-pedir-o-voto-antecipado\/votoanticipado4\/'><img loading=\"lazy\" decoding=\"async\" width=\"350\" height=\"350\" src=\"https:\/\/www.entroncamentoonline.pt\/portal\/wp-content\/uploads\/2022\/01\/VotoAnticipado4-350x350.jpg\" class=\"attachment-thumbnail size-thumbnail\" alt=\"\" \/><\/a>\n\t\t\t<\/div><\/figure>\n\t\t<\/div>\n\n<div class=\"fb-background-color\">\n\t\t\t  <div \n\t\t\t  \tclass = \"fb-comments\" \n\t\t\t  \tdata-href = \"https:\/\/www.entroncamentoonline.pt\/portal\/legislativas-2022-conheca-os-prazos-para-pedir-o-voto-antecipado\/\"\n\t\t\t  \tdata-numposts = \"10\"\n\t\t\t  \tdata-lazy = \"true\"\n\t\t\t\tdata-colorscheme = \"light\"\n\t\t\t\tdata-order-by = \"social\"\n\t\t\t\tdata-mobile=true>\n\t\t\t  <\/div><\/div>\n\t\t  <style>\n\t\t    .fb-background-color {\n\t\t\t\tbackground:  !important;\n\t\t\t}\n\t\t\t.fb_iframe_widget_fluid_desktop iframe {\n\t\t\t    width: 100% !important;\n\t\t\t}\n\t\t  <\/style>\n\t\t  ","protected":false},"excerpt":{"rendered":"<p>J\u00e1 foram divulgadas as datas para pedir o voto antecipado para as elei\u00e7\u00f5es legislativas, que acontecem a 30 de janeiro de 2022. O voto antecipado aplica-se a pessoas em mobilidade, em internamento, em pris\u00e3o, em lares, em confinamento obrigat\u00f3rio devido \u00e0 COVID-19 e pessoas deslocadas no estrangeiro por motivos profissionais, escolares ou de sa\u00fade. Eleitores [&hellip;]<\/p>\n","protected":false},"author":1,"featured_media":45165,"comment_status":"open","ping_status":"closed","sticky":false,"template":"","format":"standard","meta":{"_acf_changed":false,"footnotes":""},"categories":[1],"tags":[],"class_list":{"0":"post-45159","1":"post","2":"type-post","3":"status-publish","4":"format-standard","5":"has-post-thumbnail","7":"category-sem-categoria"},"acf":[],"_links":{"self":[{"href":"https:\/\/www.entroncamentoonline.pt\/portal\/wp-json\/wp\/v2\/posts\/45159","targetHints":{"allow":["GET"]}}],"collection":[{"href":"https:\/\/www.entroncamentoonline.pt\/portal\/wp-json\/wp\/v2\/posts"}],"about":[{"href":"https:\/\/www.entroncamentoonline.pt\/portal\/wp-json\/wp\/v2\/types\/post"}],"author":[{"embeddable":true,"href":"https:\/\/www.entroncamentoonline.pt\/portal\/wp-json\/wp\/v2\/users\/1"}],"replies":[{"embeddable":true,"href":"https:\/\/www.entroncamentoonline.pt\/portal\/wp-json\/wp\/v2\/comments?post=45159"}],"version-history":[{"count":0,"href":"https:\/\/www.entroncamentoonline.pt\/portal\/wp-json\/wp\/v2\/posts\/45159\/revisions"}],"wp:featuredmedia":[{"embeddable":true,"href":"https:\/\/www.entroncamentoonline.pt\/portal\/wp-json\/wp\/v2\/media\/45165"}],"wp:attachment":[{"href":"https:\/\/www.entroncamentoonline.pt\/portal\/wp-json\/wp\/v2\/media?parent=45159"}],"wp:term":[{"taxonomy":"category","embeddable":true,"href":"https:\/\/www.entroncamentoonline.pt\/portal\/wp-json\/wp\/v2\/categories?post=45159"},{"taxonomy":"post_tag","embeddable":true,"href":"https:\/\/www.entroncamentoonline.pt\/portal\/wp-json\/wp\/v2\/tags?post=45159"}],"curies":[{"name":"wp","href":"https:\/\/api.w.org\/{rel}","templated":true}]}}