{"id":4514,"date":"2019-03-20T14:49:03","date_gmt":"2019-03-20T14:49:03","guid":{"rendered":"https:\/\/www.entroncamentoonline.pt\/portal\/?p=4514"},"modified":"2019-05-21T10:09:35","modified_gmt":"2019-05-21T09:09:35","slug":"rodrigo-bertelo-incendios-florestais-em-portugal-a-evolucao-dinamica-e-a-interacao-com-o-fogo","status":"publish","type":"post","link":"https:\/\/www.entroncamentoonline.pt\/portal\/rodrigo-bertelo-incendios-florestais-em-portugal-a-evolucao-dinamica-e-a-interacao-com-o-fogo\/","title":{"rendered":"RODRIGO BERTELO | Inc\u00eandios Florestais em Portugal \u2013 A Evolu\u00e7\u00e3o Din\u00e2mica e a Intera\u00e7\u00e3o com o Fogo"},"content":{"rendered":"<figure id=\"attachment_1172\" aria-describedby=\"caption-attachment-1172\" style=\"width: 300px\" class=\"wp-caption alignnone\"><img loading=\"lazy\" decoding=\"async\" class=\"wp-image-1172 size-full\" src=\"https:\/\/www.entroncamentoonline.pt\/portal\/wp-content\/uploads\/2018\/12\/RodrigoBertelo1.jpg\" alt=\"\" width=\"300\" height=\"299\" \/><figcaption id=\"caption-attachment-1172\" class=\"wp-caption-text\">Rodrigo Bertelo rodrigo.bertelo@entroncamentoonline.pt<\/figcaption><\/figure>\n<p>O fogo \u00e9 um elemento carater\u00edstico dos ecossistemas mediterr\u00e2nicos. Todavia, conv\u00e9m n\u00e3o estimul\u00e1-lo. Em Portugal, mais de 90% das ocorr\u00eancias est\u00e3o associadas \u00e0 a\u00e7\u00e3o humana. Estamos no topo do\u00a0<em>ranking<\/em>\u00a0em \u00e1rea ardida na Europa e com grande destaque a n\u00edvel mundial.<\/p>\n<p>Associado ao fogo em espa\u00e7os silvestres est\u00e1 a produtividade vegetal dos nossos ecossistemas, humanizados na sua quase totalidade. Sem uma gest\u00e3o ativa destes ecossistemas s\u00e3o geradas grandes acumula\u00e7\u00f5es de material vegetal combust\u00edvel: arbustos, \u00e1rvores e herb\u00e1ceas.<\/p>\n<p>As estat\u00edsticas dos inc\u00eandios em Portugal refletem preju\u00edzos econ\u00f3micos muito elevados resultantes da perda do coberto florestal, bem como danos ambientais associados \u00e0 morte e fuga dos animais, \u00e0 maior suscetibilidade do povoamento ardido a pragas e a um eventual aumento da eros\u00e3o do solo. Aparentemente, o ecossistema fica mais pobre, devido ao desaparecimento de in\u00fameras esp\u00e9cies da fauna e flora, que d\u00e3o lugar ao solo nu. Mas, ser\u00e1 que esta perda \u00e9 definitiva? Como \u00e9 que o ecossistema recupera ap\u00f3s o fogo? Qual \u00e9 o efeito do fogo, a m\u00e9dio e longo prazo, na biodiversidade?<\/p>\n<p>Habitu\u00e1mos-mos a entender o fogo como um fen\u00f3meno destrutivo, n\u00e3o natural, associado \u00e0s atividades humanas, talvez porque conduz ao desaparecimento imediato de in\u00fameras esp\u00e9cies de plantas e animais numa dada \u00e1rea. No entanto, para avaliar os efeitos deste fen\u00f3meno na diversidade biol\u00f3gica do ecossistema, h\u00e1 que analisar o processo de recoloniza\u00e7\u00e3o do espa\u00e7o no m\u00e9dio e longo prazo, e comparar a comunidade que se desenvolve (p\u00f3s-fogo) com a inicial (pr\u00e9-fogo), atendendo ao n\u00famero de esp\u00e9cies existentes (riqueza flor\u00edstica, se estivermos a considerar a vegeta\u00e7\u00e3o) e \u00e0 abund\u00e2ncia relativa dos indiv\u00edduos de cada esp\u00e9cie.<\/p>\n<p>Nesta abordagem temporal, o fogo surge como um evento natural, que ciclicamente afeta o ecossistema, de tal modo que as comunidades vegetais evolu\u00edram e adaptaram-se a um determinado regime de fogo, sendo, portanto, um agente modelador da estrutura e composi\u00e7\u00e3o da paisagem.<\/p>\n<p>Deste modo, os efeitos do fogo ao n\u00edvel da biodiversidade do ecossistema dependem essencialmente do estado de evolu\u00e7\u00e3o desse mesmo ecossistema e da frequ\u00eancia de ocorr\u00eancia do fogo (per\u00edodo de tempo entre cada fogo).<\/p>\n<p>Quando os fogos ocorrem numa frequ\u00eancia superior \u00e0 normal (de 5-6 anos), a tend\u00eancia para o retorno ao est\u00e1dio inicial \u00e9 retardada e a comunidade tende para um novo equil\u00edbrio relativo \u00e0 nova frequ\u00eancia de fogo. Isto \u00e9 devido \u00e0 impossibilidade de implementa\u00e7\u00e3o das plantas lenhosas da comunidade. Tal pode verificar-se como consequ\u00eancia dos inc\u00eandios florestais decorrentes de a\u00e7\u00e3o humana.<\/p>\n<p>A consci\u00eancia dos preju\u00edzos e danos causados pelo fogo conduz \u00e0 implementa\u00e7\u00e3o de pol\u00edticas de supress\u00e3o do fogo nestas comunidades heli\u00f3fitas (plantas que carecem de exposi\u00e7\u00e3o solar), as quais apenas adiam um evento relativamente inevit\u00e1vel e promovem a acumula\u00e7\u00e3o de combust\u00edveis, o que resulta na ocorr\u00eancia de fogos de elevada severidade. Assim, em vez da supress\u00e3o dever\u00e1 equacionar-se a realiza\u00e7\u00e3o de fogos controlados, por t\u00e9cnicos experientes e em condi\u00e7\u00f5es climat\u00e9ricas adequadas ao controlo da progress\u00e3o do inc\u00eandio, destinados \u00e0 redu\u00e7\u00e3o da carga de combust\u00edvel e \u00e0 conserva\u00e7\u00e3o destas comunidades, pois a estabilidade e diversidade deste mosaico de vegeta\u00e7\u00e3o heli\u00f3fita est\u00e1 intimamente associada ao fogo.<\/p>\n<p>Em resumo, as rela\u00e7\u00f5es entre o fogo, as plantas e animais apresentam diferentes n\u00edveis de depend\u00eancia, pelo que os efeitos do fogo variam numa gama entre o aumento e a redu\u00e7\u00e3o da biodiversidade. O conhecimento destas rela\u00e7\u00f5es \u00e9 essencial para prever a recupera\u00e7\u00e3o do ecossistema ap\u00f3s o fogo, n\u00e3o esquecendo que as comunidades naturais t\u00eam uma evolu\u00e7\u00e3o din\u00e2mica associada \u00e0 intera\u00e7\u00e3o com o fogo, pelo que tendem para um equil\u00edbrio flor\u00edstico adequado \u00e0 frequ\u00eancia de ocorr\u00eancia deste fen\u00f3meno.<\/p>\n<p>Recentemente foi lan\u00e7ada pelo Governo, atrav\u00e9s da AGIF \u2014\u00a0Ag\u00eancia para a Gest\u00e3o Integrada de Fogos Rurais, a Campanha \u201cPortugal Chama\u201d que quer mobilizar os portugueses para o perigo dos inc\u00eandios antes do Ver\u00e3o. \u00c9 uma campanha que julgo que ir\u00e1 colher os seus frutos e que mobiliza para a mudan\u00e7a de comportamentos antes da \u00e9poca cr\u00edtica chegar.<\/p>\n<p>\u00c9 suficiente? N\u00e3o ser\u00e1 certamente, mas j\u00e1 \u00e9 uma tentativa de reduzir os riscos relativamente ao que se passou em 2017 e no passado, para que se n\u00e3o volte a repetir.<\/p>\n<p>Ser\u00e1 importante ainda, e em paralelo, analisar o abandono do solo nos \u00faltimos anos, assim como a recupera\u00e7\u00e3o do ecossistema ap\u00f3s a a\u00e7\u00e3o do fogo, atrav\u00e9s do processo de recoloniza\u00e7\u00e3o do espa\u00e7o no m\u00e9dio e longo prazo.<\/p>\n<p>A solu\u00e7\u00e3o ter\u00e1 definitivamente de passar pela ocupa\u00e7\u00e3o, limpeza, uso do fogo, recupera\u00e7\u00e3o e ordenamento dos espa\u00e7os florestais, associada a um maior controlo (sensibiliza\u00e7\u00e3o, vigil\u00e2ncia, etc.) de todas as vertentes, sendo certo que \u00e9 mais f\u00e1cil falar do que implementar.<\/p>\n<p>Muito haveria para se dizer, mas de qualquer forma, e n\u00e3o querendo fazer previs\u00f5es, deixo-vos com uma frase com muito significado:<\/p>\n<p><em>\u201c<\/em><em>Os homens que tentam fazer algo e falham s\u00e3o infinitamente melhores do que aqueles que tentam fazer nada e conseguem\u201d. <\/em>(Lloyd Jones)<\/p>\n<p>A resposta pronta e r\u00e1pida do cidad\u00e3o \u00e9 t\u00e3o ou mais importante que a resposta dos servi\u00e7os de emerg\u00eancia.<\/p>\n<p>Todos juntos poderemos fazer a diferen\u00e7a.<\/p>\n<p>Rodrigo Bertelo<\/p>\n<div class=\"fb-background-color\">\n\t\t\t  <div \n\t\t\t  \tclass = \"fb-comments\" \n\t\t\t  \tdata-href = \"https:\/\/www.entroncamentoonline.pt\/portal\/rodrigo-bertelo-incendios-florestais-em-portugal-a-evolucao-dinamica-e-a-interacao-com-o-fogo\/\"\n\t\t\t  \tdata-numposts = \"10\"\n\t\t\t  \tdata-lazy = \"true\"\n\t\t\t\tdata-colorscheme = \"light\"\n\t\t\t\tdata-order-by = \"social\"\n\t\t\t\tdata-mobile=true>\n\t\t\t  <\/div><\/div>\n\t\t  <style>\n\t\t    .fb-background-color {\n\t\t\t\tbackground:  !important;\n\t\t\t}\n\t\t\t.fb_iframe_widget_fluid_desktop iframe {\n\t\t\t    width: 100% !important;\n\t\t\t}\n\t\t  <\/style>\n\t\t  ","protected":false},"excerpt":{"rendered":"<p>O fogo \u00e9 um elemento carater\u00edstico dos ecossistemas mediterr\u00e2nicos. Todavia, conv\u00e9m n\u00e3o estimul\u00e1-lo. Em Portugal, mais de 90% das ocorr\u00eancias est\u00e3o associadas \u00e0 a\u00e7\u00e3o humana. Estamos no topo do\u00a0ranking\u00a0em \u00e1rea ardida na Europa e com grande destaque a n\u00edvel mundial. Associado ao fogo em espa\u00e7os silvestres est\u00e1 a produtividade vegetal dos nossos ecossistemas, humanizados na [&hellip;]<\/p>\n","protected":false},"author":18,"featured_media":0,"comment_status":"open","ping_status":"closed","sticky":false,"template":"","format":"standard","meta":{"_acf_changed":false,"footnotes":""},"categories":[1],"tags":[],"class_list":{"0":"post-4514","1":"post","2":"type-post","3":"status-publish","4":"format-standard","6":"category-sem-categoria"},"acf":[],"_links":{"self":[{"href":"https:\/\/www.entroncamentoonline.pt\/portal\/wp-json\/wp\/v2\/posts\/4514","targetHints":{"allow":["GET"]}}],"collection":[{"href":"https:\/\/www.entroncamentoonline.pt\/portal\/wp-json\/wp\/v2\/posts"}],"about":[{"href":"https:\/\/www.entroncamentoonline.pt\/portal\/wp-json\/wp\/v2\/types\/post"}],"author":[{"embeddable":true,"href":"https:\/\/www.entroncamentoonline.pt\/portal\/wp-json\/wp\/v2\/users\/18"}],"replies":[{"embeddable":true,"href":"https:\/\/www.entroncamentoonline.pt\/portal\/wp-json\/wp\/v2\/comments?post=4514"}],"version-history":[{"count":0,"href":"https:\/\/www.entroncamentoonline.pt\/portal\/wp-json\/wp\/v2\/posts\/4514\/revisions"}],"wp:attachment":[{"href":"https:\/\/www.entroncamentoonline.pt\/portal\/wp-json\/wp\/v2\/media?parent=4514"}],"wp:term":[{"taxonomy":"category","embeddable":true,"href":"https:\/\/www.entroncamentoonline.pt\/portal\/wp-json\/wp\/v2\/categories?post=4514"},{"taxonomy":"post_tag","embeddable":true,"href":"https:\/\/www.entroncamentoonline.pt\/portal\/wp-json\/wp\/v2\/tags?post=4514"}],"curies":[{"name":"wp","href":"https:\/\/api.w.org\/{rel}","templated":true}]}}