{"id":45038,"date":"2022-01-01T17:50:30","date_gmt":"2022-01-01T17:50:30","guid":{"rendered":"https:\/\/www.entroncamentoonline.pt\/portal\/?p=45038"},"modified":"2022-01-02T15:13:26","modified_gmt":"2022-01-02T15:13:26","slug":"entroncamento-trinta-e-sete-novos-casos-de-covid-19-e-mais-2-casos-em-vigilancia-ativa","status":"publish","type":"post","link":"https:\/\/www.entroncamentoonline.pt\/portal\/entroncamento-trinta-e-sete-novos-casos-de-covid-19-e-mais-2-casos-em-vigilancia-ativa\/","title":{"rendered":"Entroncamento | Trinta e sete novos casos de Covid-19 e mais 2 casos em vigil\u00e2ncia ativa"},"content":{"rendered":"<figure id=\"attachment_45056\" aria-describedby=\"caption-attachment-45056\" style=\"width: 608px\" class=\"wp-caption aligncenter\"><img loading=\"lazy\" decoding=\"async\" class=\"size-full wp-image-45056\" src=\"https:\/\/www.entroncamentoonline.pt\/portal\/wp-content\/uploads\/2022\/01\/MapasPortugal1.1.jpg\" alt=\"\" width=\"608\" height=\"430\" \/><figcaption id=\"caption-attachment-45056\" class=\"wp-caption-text\">Evolu\u00e7\u00e3o da Covid-19 em Portugal (Levy Correia)<\/figcaption><\/figure>\n<figure id=\"attachment_45055\" aria-describedby=\"caption-attachment-45055\" style=\"width: 608px\" class=\"wp-caption aligncenter\"><img loading=\"lazy\" decoding=\"async\" class=\"size-full wp-image-45055\" src=\"https:\/\/www.entroncamentoonline.pt\/portal\/wp-content\/uploads\/2022\/01\/MapasPortugal1.1.1.jpg\" alt=\"\" width=\"608\" height=\"430\" \/><figcaption id=\"caption-attachment-45055\" class=\"wp-caption-text\">Recolha Levy Correia<\/figcaption><\/figure>\n<figure id=\"attachment_45054\" aria-describedby=\"caption-attachment-45054\" style=\"width: 608px\" class=\"wp-caption aligncenter\"><img loading=\"lazy\" decoding=\"async\" class=\"size-full wp-image-45054\" src=\"https:\/\/www.entroncamentoonline.pt\/portal\/wp-content\/uploads\/2022\/01\/MapasGruposRisco31.12.jpg\" alt=\"\" width=\"608\" height=\"430\" \/><figcaption id=\"caption-attachment-45054\" class=\"wp-caption-text\">Valores da incid\u00eancia cumulativa por 100 mil habitantes nos concelhos do ACES MT (Levy Correia)<\/figcaption><\/figure>\n<figure id=\"attachment_45053\" aria-describedby=\"caption-attachment-45053\" style=\"width: 608px\" class=\"wp-caption aligncenter\"><img loading=\"lazy\" decoding=\"async\" class=\"size-full wp-image-45053\" src=\"https:\/\/www.entroncamentoonline.pt\/portal\/wp-content\/uploads\/2022\/01\/MapasRecuperados31.12.jpg\" alt=\"\" width=\"608\" height=\"430\" \/><figcaption id=\"caption-attachment-45053\" class=\"wp-caption-text\">Casos ativos (Levy Correia)<\/figcaption><\/figure>\n<p>Segundo o Agrupamento de Centros de Sa\u00fade do M\u00e9dio Tejo (ACES MT), este s\u00e1bado, dia 1 de janeiro, no concelho do Entroncamento, h\u00e1 registo de 37 novos casos de Covid-19, sendo 2326, o n\u00famero total de casos, 90 pessoas em vigil\u00e2ncia ativa, 1939 doentes recuperados e 361 casos ativos.<\/p>\n<p>No M\u00e9dio Tejo, houve registo de 412 casos de Covid-19 (ontem 638). Quarenta e tr\u00eas em Abrantes, 27 em Alcanena, 1 em Const\u00e2ncia, 37 no Entroncamento, 22 em Ferreira do Z\u00eazere, 25 em Ma\u00e7\u00e3o, 122 em Our\u00e9m, 13 em Sardoal, 53 em Tomar, 62 em Torres Novas e 7 em Vila Nova da Barquinha.<\/p>\n<p><img loading=\"lazy\" decoding=\"async\" class=\"size-full wp-image-45060 aligncenter\" src=\"https:\/\/www.entroncamentoonline.pt\/portal\/wp-content\/uploads\/2022\/01\/ACESMT1.1.jpg\" alt=\"\" width=\"778\" height=\"505\" \/><\/p>\n<p style=\"text-align: center;\"><strong>Em Portugal nas \u00faltimas 24 horas | Mais 23290 casos e 21 mortos<\/strong><\/p>\n<p>A n\u00edvel nacional, este s\u00e1bado h\u00e1 registo de 21 \u00f3bitos, (ontem 18), num total de 18976 o total de infetados \u00e9 agora 1412936, mais 23290, (ontem 30829) os casos recuperados s\u00e3o 1197737, mais 5758, (ontem 10523), os internados 1023, (-1 que ontem, 1024) e em cuidados intensivos 142, (-3 que ontem, 145).<\/p>\n<p><img loading=\"lazy\" decoding=\"async\" class=\"size-medium wp-image-45041 aligncenter\" src=\"https:\/\/www.entroncamentoonline.pt\/portal\/wp-content\/uploads\/2022\/01\/RelatorioDGS-637x800.jpg\" alt=\"\" width=\"637\" height=\"800\" \/><\/p>\n<p style=\"text-align: center;\"><strong>Evolu\u00e7\u00e3o da Covid-19 nos concelhos da ACES M\u00e9dio Tejo (Levy Correia)<\/strong><\/p>\n\n<p><img loading=\"lazy\" decoding=\"async\" class=\"size-medium wp-image-45040 aligncenter\" src=\"https:\/\/www.entroncamentoonline.pt\/portal\/wp-content\/uploads\/2022\/01\/MatrizRisco-652x800.jpg\" alt=\"\" width=\"652\" height=\"800\" \/><\/p>\n<div class=\"fb-background-color\">\n\t\t\t  <div \n\t\t\t  \tclass = \"fb-comments\" \n\t\t\t  \tdata-href = \"https:\/\/www.entroncamentoonline.pt\/portal\/entroncamento-trinta-e-sete-novos-casos-de-covid-19-e-mais-2-casos-em-vigilancia-ativa\/\"\n\t\t\t  \tdata-numposts = \"10\"\n\t\t\t  \tdata-lazy = \"true\"\n\t\t\t\tdata-colorscheme = \"light\"\n\t\t\t\tdata-order-by = \"social\"\n\t\t\t\tdata-mobile=true>\n\t\t\t  <\/div><\/div>\n\t\t  <style>\n\t\t    .fb-background-color {\n\t\t\t\tbackground:  !important;\n\t\t\t}\n\t\t\t.fb_iframe_widget_fluid_desktop iframe {\n\t\t\t    width: 100% !important;\n\t\t\t}\n\t\t  <\/style>\n\t\t  ","protected":false},"excerpt":{"rendered":"<p>Segundo o Agrupamento de Centros de Sa\u00fade do M\u00e9dio Tejo (ACES MT), este s\u00e1bado, dia 1 de janeiro, no concelho do Entroncamento, h\u00e1 registo de 37 novos casos de Covid-19, sendo 2326, o n\u00famero total de casos, 90 pessoas em vigil\u00e2ncia ativa, 1939 doentes recuperados e 361 casos ativos. No M\u00e9dio Tejo, houve registo de [&hellip;]<\/p>\n","protected":false},"author":1,"featured_media":44822,"comment_status":"open","ping_status":"closed","sticky":false,"template":"","format":"standard","meta":{"_acf_changed":false,"footnotes":""},"categories":[1],"tags":[],"class_list":{"0":"post-45038","1":"post","2":"type-post","3":"status-publish","4":"format-standard","5":"has-post-thumbnail","7":"category-sem-categoria"},"acf":[],"_links":{"self":[{"href":"https:\/\/www.entroncamentoonline.pt\/portal\/wp-json\/wp\/v2\/posts\/45038","targetHints":{"allow":["GET"]}}],"collection":[{"href":"https:\/\/www.entroncamentoonline.pt\/portal\/wp-json\/wp\/v2\/posts"}],"about":[{"href":"https:\/\/www.entroncamentoonline.pt\/portal\/wp-json\/wp\/v2\/types\/post"}],"author":[{"embeddable":true,"href":"https:\/\/www.entroncamentoonline.pt\/portal\/wp-json\/wp\/v2\/users\/1"}],"replies":[{"embeddable":true,"href":"https:\/\/www.entroncamentoonline.pt\/portal\/wp-json\/wp\/v2\/comments?post=45038"}],"version-history":[{"count":0,"href":"https:\/\/www.entroncamentoonline.pt\/portal\/wp-json\/wp\/v2\/posts\/45038\/revisions"}],"wp:featuredmedia":[{"embeddable":true,"href":"https:\/\/www.entroncamentoonline.pt\/portal\/wp-json\/wp\/v2\/media\/44822"}],"wp:attachment":[{"href":"https:\/\/www.entroncamentoonline.pt\/portal\/wp-json\/wp\/v2\/media?parent=45038"}],"wp:term":[{"taxonomy":"category","embeddable":true,"href":"https:\/\/www.entroncamentoonline.pt\/portal\/wp-json\/wp\/v2\/categories?post=45038"},{"taxonomy":"post_tag","embeddable":true,"href":"https:\/\/www.entroncamentoonline.pt\/portal\/wp-json\/wp\/v2\/tags?post=45038"}],"curies":[{"name":"wp","href":"https:\/\/api.w.org\/{rel}","templated":true}]}}