{"id":44768,"date":"2021-12-26T20:07:30","date_gmt":"2021-12-26T20:07:30","guid":{"rendered":"https:\/\/www.entroncamentoonline.pt\/portal\/?p=44768"},"modified":"2021-12-27T16:46:07","modified_gmt":"2021-12-27T16:46:07","slug":"entroncamento-quinze-novos-casos-de-covid-19-e-menos-8-casos-em-vigilancia-ativa","status":"publish","type":"post","link":"https:\/\/www.entroncamentoonline.pt\/portal\/entroncamento-quinze-novos-casos-de-covid-19-e-menos-8-casos-em-vigilancia-ativa\/","title":{"rendered":"Entroncamento | Quinze novos casos de Covid-19 e menos 8 casos em vigil\u00e2ncia ativa"},"content":{"rendered":"<figure id=\"attachment_44779\" aria-describedby=\"caption-attachment-44779\" style=\"width: 608px\" class=\"wp-caption aligncenter\"><img loading=\"lazy\" decoding=\"async\" class=\"size-full wp-image-44779\" src=\"https:\/\/www.entroncamentoonline.pt\/portal\/wp-content\/uploads\/2021\/12\/MapasPortugal26.12.jpg\" alt=\"\" width=\"608\" height=\"430\" \/><figcaption id=\"caption-attachment-44779\" class=\"wp-caption-text\">Evolu\u00e7\u00e3o da Covid-19 em Portugal (Levy Correia)<\/figcaption><\/figure>\n<figure id=\"attachment_44796\" aria-describedby=\"caption-attachment-44796\" style=\"width: 608px\" class=\"wp-caption aligncenter\"><img loading=\"lazy\" decoding=\"async\" class=\"size-full wp-image-44796\" src=\"https:\/\/www.entroncamentoonline.pt\/portal\/wp-content\/uploads\/2021\/12\/MapasPortugal1.2612.jpg\" alt=\"\" width=\"608\" height=\"430\" \/><figcaption id=\"caption-attachment-44796\" class=\"wp-caption-text\">Recolha Levy Correia<\/figcaption><\/figure>\n<figure id=\"attachment_44795\" aria-describedby=\"caption-attachment-44795\" style=\"width: 608px\" class=\"wp-caption aligncenter\"><img loading=\"lazy\" decoding=\"async\" class=\"size-full wp-image-44795\" src=\"https:\/\/www.entroncamentoonline.pt\/portal\/wp-content\/uploads\/2021\/12\/MapasGruposRisco25.12.jpg\" alt=\"\" width=\"608\" height=\"430\" \/><figcaption id=\"caption-attachment-44795\" class=\"wp-caption-text\">Valores da incid\u00eancia cumulativa por 100 mil habitantes nos concelhos do ACES MT (Levy Correia)<\/figcaption><\/figure>\n<figure id=\"attachment_44794\" aria-describedby=\"caption-attachment-44794\" style=\"width: 608px\" class=\"wp-caption aligncenter\"><img loading=\"lazy\" decoding=\"async\" class=\"size-full wp-image-44794\" src=\"https:\/\/www.entroncamentoonline.pt\/portal\/wp-content\/uploads\/2021\/12\/MapasRecuperados25.12.jpg\" alt=\"\" width=\"608\" height=\"430\" \/><figcaption id=\"caption-attachment-44794\" class=\"wp-caption-text\">Percentagem Recuperados (Levy Correia)<\/figcaption><\/figure>\n<p>Segundo o Agrupamento de Centros de Sa\u00fade do M\u00e9dio Tejo (ACES MT), este domingo, dia 26 de dezembro, no concelho do Entroncamento, h\u00e1 registo de 15 novos casos de Covid-19, sendo 2089, o n\u00famero total de casos, 107 pessoas em vigil\u00e2ncia ativa, 1878 doentes recuperados e 185\u00a0casos ativos.<\/p>\n<p>No M\u00e9dio Tejo, houve registo de 92 casos de Covid-19 (ontem 231). Vinte e dois em Abrantes, 3 em Alcanena, 5 em Const\u00e2ncia, 15 no Entroncamento, 4 em Ferreira do Z\u00eazere, 21 em Our\u00e9m, 1 em Sardoal, 9 em Tomar, 11 em Torres Novas e 1 em Vila Nova da Barquinha.<\/p>\n<p><img loading=\"lazy\" decoding=\"async\" class=\"size-full wp-image-44782 aligncenter\" src=\"https:\/\/www.entroncamentoonline.pt\/portal\/wp-content\/uploads\/2021\/12\/ACESMT26.12.jpg\" alt=\"\" width=\"778\" height=\"468\" \/><\/p>\n<p style=\"text-align: center;\"><strong>Em Portugal nas \u00faltimas 24 horas | Mais 3732 casos e 13 mortos<\/strong><\/p>\n<p>A n\u00edvel nacional, este domingo h\u00e1 registo de 13 \u00f3bitos, (ontem 10), num total de 18874 o total de infetados \u00e9 agora 1279785, mais3732 , (ontem 10016) os casos recuperados s\u00e3o 1159192, mais 1594, (ontem 2359), os internados 878, (+21 que ontem, 857) e em cuidados intensivos 151, (-1 que ontem, 152).<\/p>\n<p style=\"text-align: center;\"><strong>Evolu\u00e7\u00e3o da Covid-19 nos concelhos da ACES M\u00e9dio Tejo (Levy Correia)<\/strong><\/p>\n\n<p><img loading=\"lazy\" decoding=\"async\" class=\"size-medium wp-image-44780 aligncenter\" src=\"https:\/\/www.entroncamentoonline.pt\/portal\/wp-content\/uploads\/2021\/12\/MatrizRisco-651x800.jpg\" alt=\"\" width=\"651\" height=\"800\" \/><\/p>\n<div class=\"fb-background-color\">\n\t\t\t  <div \n\t\t\t  \tclass = \"fb-comments\" \n\t\t\t  \tdata-href = \"https:\/\/www.entroncamentoonline.pt\/portal\/entroncamento-quinze-novos-casos-de-covid-19-e-menos-8-casos-em-vigilancia-ativa\/\"\n\t\t\t  \tdata-numposts = \"10\"\n\t\t\t  \tdata-lazy = \"true\"\n\t\t\t\tdata-colorscheme = \"light\"\n\t\t\t\tdata-order-by = \"social\"\n\t\t\t\tdata-mobile=true>\n\t\t\t  <\/div><\/div>\n\t\t  <style>\n\t\t    .fb-background-color {\n\t\t\t\tbackground:  !important;\n\t\t\t}\n\t\t\t.fb_iframe_widget_fluid_desktop iframe {\n\t\t\t    width: 100% !important;\n\t\t\t}\n\t\t  <\/style>\n\t\t  ","protected":false},"excerpt":{"rendered":"<p>Segundo o Agrupamento de Centros de Sa\u00fade do M\u00e9dio Tejo (ACES MT), este domingo, dia 26 de dezembro, no concelho do Entroncamento, h\u00e1 registo de 15 novos casos de Covid-19, sendo 2089, o n\u00famero total de casos, 107 pessoas em vigil\u00e2ncia ativa, 1878 doentes recuperados e 185\u00a0casos ativos. No M\u00e9dio Tejo, houve registo de 92 [&hellip;]<\/p>\n","protected":false},"author":1,"featured_media":40911,"comment_status":"open","ping_status":"closed","sticky":false,"template":"","format":"standard","meta":{"_acf_changed":false,"footnotes":""},"categories":[1],"tags":[],"class_list":{"0":"post-44768","1":"post","2":"type-post","3":"status-publish","4":"format-standard","5":"has-post-thumbnail","7":"category-sem-categoria"},"acf":[],"_links":{"self":[{"href":"https:\/\/www.entroncamentoonline.pt\/portal\/wp-json\/wp\/v2\/posts\/44768","targetHints":{"allow":["GET"]}}],"collection":[{"href":"https:\/\/www.entroncamentoonline.pt\/portal\/wp-json\/wp\/v2\/posts"}],"about":[{"href":"https:\/\/www.entroncamentoonline.pt\/portal\/wp-json\/wp\/v2\/types\/post"}],"author":[{"embeddable":true,"href":"https:\/\/www.entroncamentoonline.pt\/portal\/wp-json\/wp\/v2\/users\/1"}],"replies":[{"embeddable":true,"href":"https:\/\/www.entroncamentoonline.pt\/portal\/wp-json\/wp\/v2\/comments?post=44768"}],"version-history":[{"count":0,"href":"https:\/\/www.entroncamentoonline.pt\/portal\/wp-json\/wp\/v2\/posts\/44768\/revisions"}],"wp:featuredmedia":[{"embeddable":true,"href":"https:\/\/www.entroncamentoonline.pt\/portal\/wp-json\/wp\/v2\/media\/40911"}],"wp:attachment":[{"href":"https:\/\/www.entroncamentoonline.pt\/portal\/wp-json\/wp\/v2\/media?parent=44768"}],"wp:term":[{"taxonomy":"category","embeddable":true,"href":"https:\/\/www.entroncamentoonline.pt\/portal\/wp-json\/wp\/v2\/categories?post=44768"},{"taxonomy":"post_tag","embeddable":true,"href":"https:\/\/www.entroncamentoonline.pt\/portal\/wp-json\/wp\/v2\/tags?post=44768"}],"curies":[{"name":"wp","href":"https:\/\/api.w.org\/{rel}","templated":true}]}}