{"id":44698,"date":"2021-12-24T20:04:16","date_gmt":"2021-12-24T20:04:16","guid":{"rendered":"https:\/\/www.entroncamentoonline.pt\/portal\/?p=44698"},"modified":"2021-12-25T17:34:58","modified_gmt":"2021-12-25T17:34:58","slug":"entroncamento-vinte-e-seis-novos-casos-de-covid-19-e-menos-1-caso-em-vigilancia-ativa","status":"publish","type":"post","link":"https:\/\/www.entroncamentoonline.pt\/portal\/entroncamento-vinte-e-seis-novos-casos-de-covid-19-e-menos-1-caso-em-vigilancia-ativa\/","title":{"rendered":"Entroncamento | Vinte e seis novos casos de Covid-19 e menos 1 caso em vigil\u00e2ncia ativa"},"content":{"rendered":"<figure id=\"attachment_44705\" aria-describedby=\"caption-attachment-44705\" style=\"width: 608px\" class=\"wp-caption aligncenter\"><img loading=\"lazy\" decoding=\"async\" class=\"size-full wp-image-44705\" src=\"https:\/\/www.entroncamentoonline.pt\/portal\/wp-content\/uploads\/2021\/12\/MapasPortugal24.12.jpg\" alt=\"\" width=\"608\" height=\"430\" \/><figcaption id=\"caption-attachment-44705\" class=\"wp-caption-text\">Evolu\u00e7\u00e3o da Covid-19 em Portugal (Levy Correia)<\/figcaption><\/figure>\n<figure id=\"attachment_44720\" aria-describedby=\"caption-attachment-44720\" style=\"width: 608px\" class=\"wp-caption aligncenter\"><img loading=\"lazy\" decoding=\"async\" class=\"size-full wp-image-44720\" src=\"https:\/\/www.entroncamentoonline.pt\/portal\/wp-content\/uploads\/2021\/12\/MapasPortugal1.2412.jpg\" alt=\"\" width=\"608\" height=\"430\" \/><figcaption id=\"caption-attachment-44720\" class=\"wp-caption-text\">Recolha Levy Correia<\/figcaption><\/figure>\n<figure id=\"attachment_44719\" aria-describedby=\"caption-attachment-44719\" style=\"width: 608px\" class=\"wp-caption aligncenter\"><img loading=\"lazy\" decoding=\"async\" class=\"size-full wp-image-44719\" src=\"https:\/\/www.entroncamentoonline.pt\/portal\/wp-content\/uploads\/2021\/12\/MapasGruposRisco23.12.jpg\" alt=\"\" width=\"608\" height=\"430\" \/><figcaption id=\"caption-attachment-44719\" class=\"wp-caption-text\">Valores da incid\u00eancia cumulativa por 100 mil habitantes nos concelhos do ACES MT (Levy Correia)<\/figcaption><\/figure>\n<figure id=\"attachment_44718\" aria-describedby=\"caption-attachment-44718\" style=\"width: 608px\" class=\"wp-caption aligncenter\"><img loading=\"lazy\" decoding=\"async\" class=\"size-full wp-image-44718\" src=\"https:\/\/www.entroncamentoonline.pt\/portal\/wp-content\/uploads\/2021\/12\/MapasRecuperados23.12.jpg\" alt=\"\" width=\"608\" height=\"430\" \/><figcaption id=\"caption-attachment-44718\" class=\"wp-caption-text\">Casos em vigil\u00e2ncia ativa (Levy Correia)<\/figcaption><\/figure>\n<p>Segundo o Agrupamento de Centros de Sa\u00fade do M\u00e9dio Tejo (ACES MT), esta sexta-feira, dia 24 de dezembro, no concelho do Entroncamento, h\u00e1 registo de 26 novos casos de Covid-19, sendo 2050, o n\u00famero total de casos, 139 pessoas em vigil\u00e2ncia ativa, 1878 doentes recuperados e 146 casos ativos.<\/p>\n<p>No M\u00e9dio Tejo, houve registo de 299 casos de Covid-19 (ontem 270). Vinte e nove em Abrantes, 10 em Alcanena, 3 em Const\u00e2ncia, 26 no Entroncamento, 15 em Ferreira do Z\u00eazere, 1 em Ma\u00e7\u00e3o, 70 em Our\u00e9m, 6 em Sardoal, 75 em Tomar, 55 em Torres Novas e 9 em Vila Nova da Barquinha.<\/p>\n<p><img loading=\"lazy\" decoding=\"async\" class=\"size-full wp-image-44701 aligncenter\" src=\"https:\/\/www.entroncamentoonline.pt\/portal\/wp-content\/uploads\/2021\/12\/ACESMT24.12.jpg\" alt=\"\" width=\"778\" height=\"505\" \/><\/p>\n<p style=\"text-align: center;\"><strong>Em Portugal nas \u00faltimas 24 horas | Mais 12943 casos e 11 mortos<\/strong><\/p>\n<p>A n\u00edvel nacional, esta sexta-feira h\u00e1 registo de 11 \u00f3bitos, (ontem 17), num total de 18851 o total de infetados \u00e9 agora 1266037, mais 12943, (ontem 10549) os casos recuperados s\u00e3o 1155239, mais 5628, (ontem 3948), os internados 864, (-29 que ontem, 893) e em cuidados intensivos 149, (+1 que ontem, 148).<\/p>\n<p><img loading=\"lazy\" decoding=\"async\" class=\"size-medium wp-image-44704 aligncenter\" src=\"https:\/\/www.entroncamentoonline.pt\/portal\/wp-content\/uploads\/2021\/12\/RelatorioDGS-1-663x800.jpg\" alt=\"\" width=\"663\" height=\"800\" \/><\/p>\n<p style=\"text-align: center;\"><strong>Evolu\u00e7\u00e3o da Covid-19 nos concelhos da ACES M\u00e9dio Tejo (Levy Correia)<\/strong><\/p>\n\n<p><img loading=\"lazy\" decoding=\"async\" class=\"size-medium wp-image-44703 aligncenter\" src=\"https:\/\/www.entroncamentoonline.pt\/portal\/wp-content\/uploads\/2021\/12\/MatrizRisco-1-659x800.jpg\" alt=\"\" width=\"659\" height=\"800\" \/><\/p>\n<div class=\"fb-background-color\">\n\t\t\t  <div \n\t\t\t  \tclass = \"fb-comments\" \n\t\t\t  \tdata-href = \"https:\/\/www.entroncamentoonline.pt\/portal\/entroncamento-vinte-e-seis-novos-casos-de-covid-19-e-menos-1-caso-em-vigilancia-ativa\/\"\n\t\t\t  \tdata-numposts = \"10\"\n\t\t\t  \tdata-lazy = \"true\"\n\t\t\t\tdata-colorscheme = \"light\"\n\t\t\t\tdata-order-by = \"social\"\n\t\t\t\tdata-mobile=true>\n\t\t\t  <\/div><\/div>\n\t\t  <style>\n\t\t    .fb-background-color {\n\t\t\t\tbackground:  !important;\n\t\t\t}\n\t\t\t.fb_iframe_widget_fluid_desktop iframe {\n\t\t\t    width: 100% !important;\n\t\t\t}\n\t\t  <\/style>\n\t\t  ","protected":false},"excerpt":{"rendered":"<p>Segundo o Agrupamento de Centros de Sa\u00fade do M\u00e9dio Tejo (ACES MT), esta sexta-feira, dia 24 de dezembro, no concelho do Entroncamento, h\u00e1 registo de 26 novos casos de Covid-19, sendo 2050, o n\u00famero total de casos, 139 pessoas em vigil\u00e2ncia ativa, 1878 doentes recuperados e 146 casos ativos. No M\u00e9dio Tejo, houve registo de [&hellip;]<\/p>\n","protected":false},"author":1,"featured_media":44519,"comment_status":"open","ping_status":"closed","sticky":false,"template":"","format":"standard","meta":{"_acf_changed":false,"footnotes":""},"categories":[1],"tags":[],"class_list":{"0":"post-44698","1":"post","2":"type-post","3":"status-publish","4":"format-standard","5":"has-post-thumbnail","7":"category-sem-categoria"},"acf":[],"_links":{"self":[{"href":"https:\/\/www.entroncamentoonline.pt\/portal\/wp-json\/wp\/v2\/posts\/44698","targetHints":{"allow":["GET"]}}],"collection":[{"href":"https:\/\/www.entroncamentoonline.pt\/portal\/wp-json\/wp\/v2\/posts"}],"about":[{"href":"https:\/\/www.entroncamentoonline.pt\/portal\/wp-json\/wp\/v2\/types\/post"}],"author":[{"embeddable":true,"href":"https:\/\/www.entroncamentoonline.pt\/portal\/wp-json\/wp\/v2\/users\/1"}],"replies":[{"embeddable":true,"href":"https:\/\/www.entroncamentoonline.pt\/portal\/wp-json\/wp\/v2\/comments?post=44698"}],"version-history":[{"count":0,"href":"https:\/\/www.entroncamentoonline.pt\/portal\/wp-json\/wp\/v2\/posts\/44698\/revisions"}],"wp:featuredmedia":[{"embeddable":true,"href":"https:\/\/www.entroncamentoonline.pt\/portal\/wp-json\/wp\/v2\/media\/44519"}],"wp:attachment":[{"href":"https:\/\/www.entroncamentoonline.pt\/portal\/wp-json\/wp\/v2\/media?parent=44698"}],"wp:term":[{"taxonomy":"category","embeddable":true,"href":"https:\/\/www.entroncamentoonline.pt\/portal\/wp-json\/wp\/v2\/categories?post=44698"},{"taxonomy":"post_tag","embeddable":true,"href":"https:\/\/www.entroncamentoonline.pt\/portal\/wp-json\/wp\/v2\/tags?post=44698"}],"curies":[{"name":"wp","href":"https:\/\/api.w.org\/{rel}","templated":true}]}}