{"id":44647,"date":"2021-12-23T18:58:17","date_gmt":"2021-12-23T18:58:17","guid":{"rendered":"https:\/\/www.entroncamentoonline.pt\/portal\/?p=44647"},"modified":"2021-12-26T12:01:45","modified_gmt":"2021-12-26T12:01:45","slug":"entroncamento-vinte-e-quatro-novos-casos-de-covid-19-e-mais-5-casos-em-vigilancia-ativa","status":"publish","type":"post","link":"https:\/\/www.entroncamentoonline.pt\/portal\/entroncamento-vinte-e-quatro-novos-casos-de-covid-19-e-mais-5-casos-em-vigilancia-ativa\/","title":{"rendered":"Entroncamento | Vinte e quatro novos casos de Covid-19 e mais 5 casos em vigil\u00e2ncia ativa"},"content":{"rendered":"<figure id=\"attachment_44670\" aria-describedby=\"caption-attachment-44670\" style=\"width: 608px\" class=\"wp-caption aligncenter\"><img loading=\"lazy\" decoding=\"async\" class=\"size-full wp-image-44670\" src=\"https:\/\/www.entroncamentoonline.pt\/portal\/wp-content\/uploads\/2021\/12\/MapasPortugal23.12.jpg\" alt=\"\" width=\"608\" height=\"430\" \/><figcaption id=\"caption-attachment-44670\" class=\"wp-caption-text\">Evolu\u00e7\u00e3o da Covid-19 em Portugal (Levy Correia)<\/figcaption><\/figure>\n<figure id=\"attachment_44669\" aria-describedby=\"caption-attachment-44669\" style=\"width: 608px\" class=\"wp-caption aligncenter\"><img loading=\"lazy\" decoding=\"async\" class=\"size-full wp-image-44669\" src=\"https:\/\/www.entroncamentoonline.pt\/portal\/wp-content\/uploads\/2021\/12\/MapasPortugal1.2312.jpg\" alt=\"\" width=\"608\" height=\"430\" \/><figcaption id=\"caption-attachment-44669\" class=\"wp-caption-text\">Recolha Levy Correia<\/figcaption><\/figure>\n<figure id=\"attachment_44668\" aria-describedby=\"caption-attachment-44668\" style=\"width: 608px\" class=\"wp-caption aligncenter\"><img loading=\"lazy\" decoding=\"async\" class=\"size-full wp-image-44668\" src=\"https:\/\/www.entroncamentoonline.pt\/portal\/wp-content\/uploads\/2021\/12\/MapasGruposRisco22.12.jpg\" alt=\"\" width=\"608\" height=\"430\" \/><figcaption id=\"caption-attachment-44668\" class=\"wp-caption-text\">Valores da incid\u00eancia cumulativa por 100 mil habitantes nos concelhos do ACES MT (Levy Correia)<\/figcaption><\/figure>\n<figure id=\"attachment_44667\" aria-describedby=\"caption-attachment-44667\" style=\"width: 608px\" class=\"wp-caption aligncenter\"><img loading=\"lazy\" decoding=\"async\" class=\"size-full wp-image-44667\" src=\"https:\/\/www.entroncamentoonline.pt\/portal\/wp-content\/uploads\/2021\/12\/MapasRecuperados22.12.jpg\" alt=\"\" width=\"608\" height=\"430\" \/><figcaption id=\"caption-attachment-44667\" class=\"wp-caption-text\">Casos acumulados em 14 dias (Levy Correia)<\/figcaption><\/figure>\n<p>Segundo o Agrupamento de Centros de Sa\u00fade do M\u00e9dio Tejo (ACES MT), esta quinta-feira, dia 23 de dezembro, no concelho do Entroncamento, h\u00e1 registo de 24 novos casos de Covid-19, sendo 2024, o n\u00famero total de casos, 130 pessoas em vigil\u00e2ncia ativa, 1789 doentes recuperados e 209 casos ativos.<\/p>\n<p>No M\u00e9dio Tejo, houve registo de 270 casos de Covid-19 (ontem 188). Dezoito em Abrantes, 14 em Alcanena, 1 em Const\u00e2ncia, 24 no Entroncamento, 8 em Ferreira do Z\u00eazere, 2 em Ma\u00e7\u00e3o, 93 em Our\u00e9m, 1 em Sardoal, 53 em Tomar, 53 em Torres Novas e 3 em Vila Nova da Barquinha.<\/p>\n<p><img loading=\"lazy\" decoding=\"async\" class=\"alignnone size-full wp-image-44677\" src=\"https:\/\/www.entroncamentoonline.pt\/portal\/wp-content\/uploads\/2021\/12\/ACESMT23.12.jpg\" alt=\"\" width=\"781\" height=\"505\" \/><\/p>\n<p style=\"text-align: center;\"><strong>Em Portugal nas \u00faltimas 24 horas | Mais 10549 casos e 17 mortos<\/strong><\/p>\n<p>A n\u00edvel nacional, esta quinta-feira h\u00e1 registo de 17 \u00f3bitos, (ontem 11), num total de 18840 o total de infetados \u00e9 agora 1253094, mais 10549, (ontem 8937) os casos recuperados s\u00e3o 1149611, mais 3948, (ontem 3754), os internados 893, (-16 que ontem, 909) e em cuidados intensivos 148, (-7 que ontem, 155).<\/p>\n<p><img loading=\"lazy\" decoding=\"async\" class=\"size-medium wp-image-44655 aligncenter\" src=\"https:\/\/www.entroncamentoonline.pt\/portal\/wp-content\/uploads\/2021\/12\/RelatorioDGS-671x800.jpg\" alt=\"\" width=\"671\" height=\"800\" \/><\/p>\n<p style=\"text-align: center;\"><strong>Evolu\u00e7\u00e3o da Covid-19 nos concelhos da ACES M\u00e9dio Tejo (Levy Correia)<\/strong><\/p>\n\n<p><img loading=\"lazy\" decoding=\"async\" class=\"size-medium wp-image-44654 aligncenter\" src=\"https:\/\/www.entroncamentoonline.pt\/portal\/wp-content\/uploads\/2021\/12\/MatrizRisco-677x800.jpg\" alt=\"\" width=\"677\" height=\"800\" \/><\/p>\n<div class=\"fb-background-color\">\n\t\t\t  <div \n\t\t\t  \tclass = \"fb-comments\" \n\t\t\t  \tdata-href = \"https:\/\/www.entroncamentoonline.pt\/portal\/entroncamento-vinte-e-quatro-novos-casos-de-covid-19-e-mais-5-casos-em-vigilancia-ativa\/\"\n\t\t\t  \tdata-numposts = \"10\"\n\t\t\t  \tdata-lazy = \"true\"\n\t\t\t\tdata-colorscheme = \"light\"\n\t\t\t\tdata-order-by = \"social\"\n\t\t\t\tdata-mobile=true>\n\t\t\t  <\/div><\/div>\n\t\t  <style>\n\t\t    .fb-background-color {\n\t\t\t\tbackground:  !important;\n\t\t\t}\n\t\t\t.fb_iframe_widget_fluid_desktop iframe {\n\t\t\t    width: 100% !important;\n\t\t\t}\n\t\t  <\/style>\n\t\t  ","protected":false},"excerpt":{"rendered":"<p>Segundo o Agrupamento de Centros de Sa\u00fade do M\u00e9dio Tejo (ACES MT), esta quinta-feira, dia 23 de dezembro, no concelho do Entroncamento, h\u00e1 registo de 24 novos casos de Covid-19, sendo 2024, o n\u00famero total de casos, 130 pessoas em vigil\u00e2ncia ativa, 1789 doentes recuperados e 209 casos ativos. No M\u00e9dio Tejo, houve registo de [&hellip;]<\/p>\n","protected":false},"author":1,"featured_media":43968,"comment_status":"open","ping_status":"closed","sticky":false,"template":"","format":"standard","meta":{"_acf_changed":false,"footnotes":""},"categories":[1],"tags":[],"class_list":{"0":"post-44647","1":"post","2":"type-post","3":"status-publish","4":"format-standard","5":"has-post-thumbnail","7":"category-sem-categoria"},"acf":[],"_links":{"self":[{"href":"https:\/\/www.entroncamentoonline.pt\/portal\/wp-json\/wp\/v2\/posts\/44647","targetHints":{"allow":["GET"]}}],"collection":[{"href":"https:\/\/www.entroncamentoonline.pt\/portal\/wp-json\/wp\/v2\/posts"}],"about":[{"href":"https:\/\/www.entroncamentoonline.pt\/portal\/wp-json\/wp\/v2\/types\/post"}],"author":[{"embeddable":true,"href":"https:\/\/www.entroncamentoonline.pt\/portal\/wp-json\/wp\/v2\/users\/1"}],"replies":[{"embeddable":true,"href":"https:\/\/www.entroncamentoonline.pt\/portal\/wp-json\/wp\/v2\/comments?post=44647"}],"version-history":[{"count":0,"href":"https:\/\/www.entroncamentoonline.pt\/portal\/wp-json\/wp\/v2\/posts\/44647\/revisions"}],"wp:featuredmedia":[{"embeddable":true,"href":"https:\/\/www.entroncamentoonline.pt\/portal\/wp-json\/wp\/v2\/media\/43968"}],"wp:attachment":[{"href":"https:\/\/www.entroncamentoonline.pt\/portal\/wp-json\/wp\/v2\/media?parent=44647"}],"wp:term":[{"taxonomy":"category","embeddable":true,"href":"https:\/\/www.entroncamentoonline.pt\/portal\/wp-json\/wp\/v2\/categories?post=44647"},{"taxonomy":"post_tag","embeddable":true,"href":"https:\/\/www.entroncamentoonline.pt\/portal\/wp-json\/wp\/v2\/tags?post=44647"}],"curies":[{"name":"wp","href":"https:\/\/api.w.org\/{rel}","templated":true}]}}