{"id":44633,"date":"2021-12-22T10:35:59","date_gmt":"2021-12-22T10:35:59","guid":{"rendered":"https:\/\/www.entroncamentoonline.pt\/portal\/?p=44633"},"modified":"2022-04-26T16:43:09","modified_gmt":"2022-04-26T15:43:09","slug":"entroncamento-as-igrejas-da-cidade-divulgam-horario-das-missas-de-natal","status":"publish","type":"post","link":"https:\/\/www.entroncamentoonline.pt\/portal\/entroncamento-as-igrejas-da-cidade-divulgam-horario-das-missas-de-natal\/","title":{"rendered":"Entroncamento | As Igrejas da Cidade divulgam hor\u00e1rio das Missas de Natal"},"content":{"rendered":"<p>A Igreja da Sagrada Fam\u00edlia e a Igreja de Nossa Senhora do Ros\u00e1rio de F\u00e1tima, do Entroncamento, divulgam o hor\u00e1rio das Missas de Natal.<\/p>\n<p>Apenas ter\u00e3o transmiss\u00e3o online as realizadas na Igreja da Sagrada Fam\u00edlia<\/p>\n<p>Dia 24, \u00e0s 23 horas, Eucaristia da noite de Natal.<\/p>\n<p>Dia 25, \u00e0s 9,30 e 17 horas Missa do dia de Natal.<\/p>\n<p>Dia 26, \u00e0s 9,30 e \u00e0s 17 horas, Eucaristia da Sagrada Fam\u00edlia, presidida pelo Sr. Bispo Dom Jos\u00e9 Traquina.<\/p>\n<div class=\"fb-background-color\">\n\t\t\t  <div \n\t\t\t  \tclass = \"fb-comments\" \n\t\t\t  \tdata-href = \"https:\/\/www.entroncamentoonline.pt\/portal\/entroncamento-as-igrejas-da-cidade-divulgam-horario-das-missas-de-natal\/\"\n\t\t\t  \tdata-numposts = \"10\"\n\t\t\t  \tdata-lazy = \"true\"\n\t\t\t\tdata-colorscheme = \"light\"\n\t\t\t\tdata-order-by = \"social\"\n\t\t\t\tdata-mobile=true>\n\t\t\t  <\/div><\/div>\n\t\t  <style>\n\t\t    .fb-background-color {\n\t\t\t\tbackground:  !important;\n\t\t\t}\n\t\t\t.fb_iframe_widget_fluid_desktop iframe {\n\t\t\t    width: 100% !important;\n\t\t\t}\n\t\t  <\/style>\n\t\t  ","protected":false},"excerpt":{"rendered":"<p>A Igreja da Sagrada Fam\u00edlia e a Igreja de Nossa Senhora do Ros\u00e1rio de F\u00e1tima, do Entroncamento, divulgam o hor\u00e1rio das Missas de Natal. Apenas ter\u00e3o transmiss\u00e3o online as realizadas na Igreja da Sagrada Fam\u00edlia Dia 24, \u00e0s 23 horas, Eucaristia da noite de Natal. Dia 25, \u00e0s 9,30 e 17 horas Missa do dia [&hellip;]<\/p>\n","protected":false},"author":1,"featured_media":44634,"comment_status":"open","ping_status":"closed","sticky":false,"template":"","format":"standard","meta":{"_acf_changed":false,"footnotes":""},"categories":[1],"tags":[],"class_list":{"0":"post-44633","1":"post","2":"type-post","3":"status-publish","4":"format-standard","5":"has-post-thumbnail","7":"category-sem-categoria"},"acf":[],"_links":{"self":[{"href":"https:\/\/www.entroncamentoonline.pt\/portal\/wp-json\/wp\/v2\/posts\/44633","targetHints":{"allow":["GET"]}}],"collection":[{"href":"https:\/\/www.entroncamentoonline.pt\/portal\/wp-json\/wp\/v2\/posts"}],"about":[{"href":"https:\/\/www.entroncamentoonline.pt\/portal\/wp-json\/wp\/v2\/types\/post"}],"author":[{"embeddable":true,"href":"https:\/\/www.entroncamentoonline.pt\/portal\/wp-json\/wp\/v2\/users\/1"}],"replies":[{"embeddable":true,"href":"https:\/\/www.entroncamentoonline.pt\/portal\/wp-json\/wp\/v2\/comments?post=44633"}],"version-history":[{"count":0,"href":"https:\/\/www.entroncamentoonline.pt\/portal\/wp-json\/wp\/v2\/posts\/44633\/revisions"}],"wp:featuredmedia":[{"embeddable":true,"href":"https:\/\/www.entroncamentoonline.pt\/portal\/wp-json\/wp\/v2\/media\/44634"}],"wp:attachment":[{"href":"https:\/\/www.entroncamentoonline.pt\/portal\/wp-json\/wp\/v2\/media?parent=44633"}],"wp:term":[{"taxonomy":"category","embeddable":true,"href":"https:\/\/www.entroncamentoonline.pt\/portal\/wp-json\/wp\/v2\/categories?post=44633"},{"taxonomy":"post_tag","embeddable":true,"href":"https:\/\/www.entroncamentoonline.pt\/portal\/wp-json\/wp\/v2\/tags?post=44633"}],"curies":[{"name":"wp","href":"https:\/\/api.w.org\/{rel}","templated":true}]}}