{"id":44515,"date":"2021-12-20T19:18:22","date_gmt":"2021-12-20T19:18:22","guid":{"rendered":"https:\/\/www.entroncamentoonline.pt\/portal\/?p=44515"},"modified":"2021-12-21T17:17:13","modified_gmt":"2021-12-21T17:17:13","slug":"entroncamento-cinco-novos-casos-de-covid-19-e-mantem-se-os-136-casos-em-vigilancia-ativa","status":"publish","type":"post","link":"https:\/\/www.entroncamentoonline.pt\/portal\/entroncamento-cinco-novos-casos-de-covid-19-e-mantem-se-os-136-casos-em-vigilancia-ativa\/","title":{"rendered":"Entroncamento | Cinco novos casos de Covid-19 e mant\u00eam-se os 136 casos em vigil\u00e2ncia ativa"},"content":{"rendered":"<figure id=\"attachment_44537\" aria-describedby=\"caption-attachment-44537\" style=\"width: 608px\" class=\"wp-caption aligncenter\"><img loading=\"lazy\" decoding=\"async\" class=\"size-full wp-image-44537\" src=\"https:\/\/www.entroncamentoonline.pt\/portal\/wp-content\/uploads\/2021\/12\/MapasPortugal20.12.jpg\" alt=\"\" width=\"608\" height=\"430\" \/><figcaption id=\"caption-attachment-44537\" class=\"wp-caption-text\">Evolu\u00e7\u00e3o da Covid-19 em Portugal (Levy Correia)<\/figcaption><\/figure>\n<figure id=\"attachment_44536\" aria-describedby=\"caption-attachment-44536\" style=\"width: 608px\" class=\"wp-caption aligncenter\"><img loading=\"lazy\" decoding=\"async\" class=\"size-full wp-image-44536\" src=\"https:\/\/www.entroncamentoonline.pt\/portal\/wp-content\/uploads\/2021\/12\/MapasPortugal1.20.12.jpg\" alt=\"\" width=\"608\" height=\"430\" \/><figcaption id=\"caption-attachment-44536\" class=\"wp-caption-text\">Recolha de Levy Correia<\/figcaption><\/figure>\n<figure id=\"attachment_44535\" aria-describedby=\"caption-attachment-44535\" style=\"width: 608px\" class=\"wp-caption aligncenter\"><img loading=\"lazy\" decoding=\"async\" class=\"size-full wp-image-44535\" src=\"https:\/\/www.entroncamentoonline.pt\/portal\/wp-content\/uploads\/2021\/12\/MapasGruposRisco19.12.jpg\" alt=\"\" width=\"608\" height=\"430\" \/><figcaption id=\"caption-attachment-44535\" class=\"wp-caption-text\">Valores da incid\u00eancia cumulativa por 100 mil habitantes nos concelhos do ACES MT (Levy Correia)<\/figcaption><\/figure>\n<figure id=\"attachment_44534\" aria-describedby=\"caption-attachment-44534\" style=\"width: 608px\" class=\"wp-caption aligncenter\"><img loading=\"lazy\" decoding=\"async\" class=\"size-full wp-image-44534\" src=\"https:\/\/www.entroncamentoonline.pt\/portal\/wp-content\/uploads\/2021\/12\/MapasRecuperados19.12.jpg\" alt=\"\" width=\"608\" height=\"430\" \/><figcaption id=\"caption-attachment-44534\" class=\"wp-caption-text\">Percentagem dos Recuperados (Levy Correia)<\/figcaption><\/figure>\n<p>Segundo o Agrupamento de Centros de Sa\u00fade do M\u00e9dio Tejo (ACES MT), esta segunda-feira, dia 20 de dezembro, no concelho do Entroncamento, h\u00e1 registo de 5 novos casos de Covid-19, sendo 1965, o n\u00famero total de casos, 136 pessoas em vigil\u00e2ncia ativa, 1789 doentes recuperados e 150 casos ativos.<\/p>\n<p>No M\u00e9dio Tejo, houve registo de 64 casos de Covid-19 (ontem 82). Dois em Alcanena, 1 em Const\u00e2ncia, 5 no Entroncamento, 7 em Ferreira do Z\u00eazere, 14 em Our\u00e9m, 22 em Tomar, 9 em Torres Novas e 4 em Vila Nova da Barquinha.<\/p>\n<p><img loading=\"lazy\" decoding=\"async\" class=\"size-full wp-image-44540 aligncenter\" src=\"https:\/\/www.entroncamentoonline.pt\/portal\/wp-content\/uploads\/2021\/12\/ACESMT20.12.jpg\" alt=\"\" width=\"778\" height=\"505\" \/><\/p>\n<p style=\"text-align: center;\"><strong>Em Portugal nas \u00faltimas 24 horas | Mais 2752 casos e 18 mortos<\/strong><\/p>\n<p>A n\u00edvel nacional, esta segunda-feira h\u00e1 registo de 18 \u00f3bitos, (ontem 25), num total de 18796 o total de infetados \u00e9 agora 1227854, mais 2752, (ontem 4266) os casos recuperados s\u00e3o 1135358, mais 2025, (ontem 1692), os internados 943, (+12 que ontem, 931) e em cuidados intensivos 152, (+7 que ontem, 145).<\/p>\n<p><img loading=\"lazy\" decoding=\"async\" class=\"size-medium wp-image-44522 aligncenter\" src=\"https:\/\/www.entroncamentoonline.pt\/portal\/wp-content\/uploads\/2021\/12\/RelatorioDGS-642x800.jpg\" alt=\"\" width=\"642\" height=\"800\" \/><\/p>\n<p style=\"text-align: center;\"><strong>Evolu\u00e7\u00e3o da Covid-19 nos concelhos da ACES M\u00e9dio Tejo (Levy Correia)<\/strong><\/p>\n\n<p><img loading=\"lazy\" decoding=\"async\" class=\"size-medium wp-image-44521 aligncenter\" src=\"https:\/\/www.entroncamentoonline.pt\/portal\/wp-content\/uploads\/2021\/12\/MatrizRisco-647x800.jpg\" alt=\"\" width=\"647\" height=\"800\" \/><\/p>\n<div class=\"fb-background-color\">\n\t\t\t  <div \n\t\t\t  \tclass = \"fb-comments\" \n\t\t\t  \tdata-href = \"https:\/\/www.entroncamentoonline.pt\/portal\/entroncamento-cinco-novos-casos-de-covid-19-e-mantem-se-os-136-casos-em-vigilancia-ativa\/\"\n\t\t\t  \tdata-numposts = \"10\"\n\t\t\t  \tdata-lazy = \"true\"\n\t\t\t\tdata-colorscheme = \"light\"\n\t\t\t\tdata-order-by = \"social\"\n\t\t\t\tdata-mobile=true>\n\t\t\t  <\/div><\/div>\n\t\t  <style>\n\t\t    .fb-background-color {\n\t\t\t\tbackground:  !important;\n\t\t\t}\n\t\t\t.fb_iframe_widget_fluid_desktop iframe {\n\t\t\t    width: 100% !important;\n\t\t\t}\n\t\t  <\/style>\n\t\t  ","protected":false},"excerpt":{"rendered":"<p>Segundo o Agrupamento de Centros de Sa\u00fade do M\u00e9dio Tejo (ACES MT), esta segunda-feira, dia 20 de dezembro, no concelho do Entroncamento, h\u00e1 registo de 5 novos casos de Covid-19, sendo 1965, o n\u00famero total de casos, 136 pessoas em vigil\u00e2ncia ativa, 1789 doentes recuperados e 150 casos ativos. No M\u00e9dio Tejo, houve registo de [&hellip;]<\/p>\n","protected":false},"author":1,"featured_media":27215,"comment_status":"open","ping_status":"closed","sticky":false,"template":"","format":"standard","meta":{"_acf_changed":false,"footnotes":""},"categories":[1],"tags":[],"class_list":{"0":"post-44515","1":"post","2":"type-post","3":"status-publish","4":"format-standard","5":"has-post-thumbnail","7":"category-sem-categoria"},"acf":[],"_links":{"self":[{"href":"https:\/\/www.entroncamentoonline.pt\/portal\/wp-json\/wp\/v2\/posts\/44515","targetHints":{"allow":["GET"]}}],"collection":[{"href":"https:\/\/www.entroncamentoonline.pt\/portal\/wp-json\/wp\/v2\/posts"}],"about":[{"href":"https:\/\/www.entroncamentoonline.pt\/portal\/wp-json\/wp\/v2\/types\/post"}],"author":[{"embeddable":true,"href":"https:\/\/www.entroncamentoonline.pt\/portal\/wp-json\/wp\/v2\/users\/1"}],"replies":[{"embeddable":true,"href":"https:\/\/www.entroncamentoonline.pt\/portal\/wp-json\/wp\/v2\/comments?post=44515"}],"version-history":[{"count":0,"href":"https:\/\/www.entroncamentoonline.pt\/portal\/wp-json\/wp\/v2\/posts\/44515\/revisions"}],"wp:featuredmedia":[{"embeddable":true,"href":"https:\/\/www.entroncamentoonline.pt\/portal\/wp-json\/wp\/v2\/media\/27215"}],"wp:attachment":[{"href":"https:\/\/www.entroncamentoonline.pt\/portal\/wp-json\/wp\/v2\/media?parent=44515"}],"wp:term":[{"taxonomy":"category","embeddable":true,"href":"https:\/\/www.entroncamentoonline.pt\/portal\/wp-json\/wp\/v2\/categories?post=44515"},{"taxonomy":"post_tag","embeddable":true,"href":"https:\/\/www.entroncamentoonline.pt\/portal\/wp-json\/wp\/v2\/tags?post=44515"}],"curies":[{"name":"wp","href":"https:\/\/api.w.org\/{rel}","templated":true}]}}