{"id":43927,"date":"2021-12-06T20:24:36","date_gmt":"2021-12-06T20:24:36","guid":{"rendered":"https:\/\/www.entroncamentoonline.pt\/portal\/?p=43927"},"modified":"2021-12-07T15:14:33","modified_gmt":"2021-12-07T15:14:33","slug":"entroncamento-tres-novos-casos-de-covid-19-e-mais-um-caso-em-vigilancia-ativa","status":"publish","type":"post","link":"https:\/\/www.entroncamentoonline.pt\/portal\/entroncamento-tres-novos-casos-de-covid-19-e-mais-um-caso-em-vigilancia-ativa\/","title":{"rendered":"Entroncamento | Tr\u00eas novos casos de Covid-19 e mais um caso em vigil\u00e2ncia ativa"},"content":{"rendered":"<figure id=\"attachment_43953\" aria-describedby=\"caption-attachment-43953\" style=\"width: 608px\" class=\"wp-caption aligncenter\"><img loading=\"lazy\" decoding=\"async\" class=\"size-full wp-image-43953\" src=\"https:\/\/www.entroncamentoonline.pt\/portal\/wp-content\/uploads\/2021\/12\/MapasPortugal6.12.jpg\" alt=\"\" width=\"608\" height=\"430\" \/><figcaption id=\"caption-attachment-43953\" class=\"wp-caption-text\">Evolu\u00e7\u00e3o da Covid-19 em Portugal (Levy Correia)<\/figcaption><\/figure>\n<figure id=\"attachment_43952\" aria-describedby=\"caption-attachment-43952\" style=\"width: 608px\" class=\"wp-caption aligncenter\"><img loading=\"lazy\" decoding=\"async\" class=\"size-full wp-image-43952\" src=\"https:\/\/www.entroncamentoonline.pt\/portal\/wp-content\/uploads\/2021\/12\/MapasPortugal1.6.12.jpg\" alt=\"\" width=\"608\" height=\"430\" \/><figcaption id=\"caption-attachment-43952\" class=\"wp-caption-text\">Recolha de Levy Correia<\/figcaption><\/figure>\n<figure id=\"attachment_43951\" aria-describedby=\"caption-attachment-43951\" style=\"width: 608px\" class=\"wp-caption aligncenter\"><img loading=\"lazy\" decoding=\"async\" class=\"size-full wp-image-43951\" src=\"https:\/\/www.entroncamentoonline.pt\/portal\/wp-content\/uploads\/2021\/12\/MapasGruposRisco5.12.jpg\" alt=\"\" width=\"608\" height=\"430\" \/><figcaption id=\"caption-attachment-43951\" class=\"wp-caption-text\">Valores da incid\u00eancia cumulativa por 100 mil habitantes nos concelhos do ACES MT (Levy Correia)<\/figcaption><\/figure>\n<figure id=\"attachment_43950\" aria-describedby=\"caption-attachment-43950\" style=\"width: 608px\" class=\"wp-caption aligncenter\"><img loading=\"lazy\" decoding=\"async\" class=\"size-full wp-image-43950\" src=\"https:\/\/www.entroncamentoonline.pt\/portal\/wp-content\/uploads\/2021\/12\/MapasRecuperados5.12.jpg\" alt=\"\" width=\"608\" height=\"430\" \/><figcaption id=\"caption-attachment-43950\" class=\"wp-caption-text\">Percentagem Recuperados (Levy Correia)<\/figcaption><\/figure>\n<p>Segundo o Agrupamento de Centros de Sa\u00fade do M\u00e9dio Tejo (ACES MT), esta segunda-feira, dia 6 de dezembro, no concelho do Entroncamento, h\u00e1 registo de 9 novos casos de Covid-19, sendo 1812\u00a0 o n\u00famero total de casos, 145 pessoas em vigil\u00e2ncia ativa, 1649 doentes recuperados e 138 casos ativos.<\/p>\n<p>No M\u00e9dio Tejo, houve registo de 61 casos de Covid-19 (ontem 124). Cinco em Abrantes, 1 em Alcanena, 3 no Entroncamento, 5 em Ferreira do Z\u00eazere, 22 em Our\u00e9m, 2 em Sardoal, 17 em Tomar, 3 em Torres Novas e 3 em Vila Nova da Barquinha.<\/p>\n<p><img loading=\"lazy\" decoding=\"async\" class=\"size-full wp-image-43955 aligncenter\" src=\"https:\/\/www.entroncamentoonline.pt\/portal\/wp-content\/uploads\/2021\/12\/ACESMT6.12.jpg\" alt=\"\" width=\"778\" height=\"505\" \/><\/p>\n<p style=\"text-align: center;\"><strong>Em Portugal nas \u00faltimas 24 horas | Mais 2216 casos e 14 mortos<\/strong><\/p>\n<p>A n\u00edvel nacional, este domingo h\u00e1 registo de 14 \u00f3bitos, (ontem 23), num total de 18551, o total de infetados \u00e9 agora 1169003, mais 2216, (ontem 3786) os casos recuperados s\u00e3o 1088295, mais 1233, (ontem 1233), os internados 948, (+37 que ontem, 911) e em cuidados intensivos 135, (+1 que ontem, 134).<\/p>\n<p><img loading=\"lazy\" decoding=\"async\" class=\"size-medium wp-image-43938 aligncenter\" src=\"https:\/\/www.entroncamentoonline.pt\/portal\/wp-content\/uploads\/2021\/12\/RelatorioDGS-663x800.jpg\" alt=\"\" width=\"663\" height=\"800\" \/><\/p>\n<p style=\"text-align: center;\"><strong>Evolu\u00e7\u00e3o da Covid-19 nos concelhos da ACES M\u00e9dio Tejo (Levy Correia)<\/strong><\/p>\n\n<p><img loading=\"lazy\" decoding=\"async\" class=\"size-medium wp-image-43937 aligncenter\" src=\"https:\/\/www.entroncamentoonline.pt\/portal\/wp-content\/uploads\/2021\/12\/MatrizRisco-665x800.jpg\" alt=\"\" width=\"665\" height=\"800\" \/><\/p>\n<div class=\"fb-background-color\">\n\t\t\t  <div \n\t\t\t  \tclass = \"fb-comments\" \n\t\t\t  \tdata-href = \"https:\/\/www.entroncamentoonline.pt\/portal\/entroncamento-tres-novos-casos-de-covid-19-e-mais-um-caso-em-vigilancia-ativa\/\"\n\t\t\t  \tdata-numposts = \"10\"\n\t\t\t  \tdata-lazy = \"true\"\n\t\t\t\tdata-colorscheme = \"light\"\n\t\t\t\tdata-order-by = \"social\"\n\t\t\t\tdata-mobile=true>\n\t\t\t  <\/div><\/div>\n\t\t  <style>\n\t\t    .fb-background-color {\n\t\t\t\tbackground:  !important;\n\t\t\t}\n\t\t\t.fb_iframe_widget_fluid_desktop iframe {\n\t\t\t    width: 100% !important;\n\t\t\t}\n\t\t  <\/style>\n\t\t  ","protected":false},"excerpt":{"rendered":"<p>Segundo o Agrupamento de Centros de Sa\u00fade do M\u00e9dio Tejo (ACES MT), esta segunda-feira, dia 6 de dezembro, no concelho do Entroncamento, h\u00e1 registo de 9 novos casos de Covid-19, sendo 1812\u00a0 o n\u00famero total de casos, 145 pessoas em vigil\u00e2ncia ativa, 1649 doentes recuperados e 138 casos ativos. No M\u00e9dio Tejo, houve registo de [&hellip;]<\/p>\n","protected":false},"author":1,"featured_media":25185,"comment_status":"open","ping_status":"closed","sticky":false,"template":"","format":"standard","meta":{"_acf_changed":false,"footnotes":""},"categories":[1],"tags":[],"class_list":{"0":"post-43927","1":"post","2":"type-post","3":"status-publish","4":"format-standard","5":"has-post-thumbnail","7":"category-sem-categoria"},"acf":[],"_links":{"self":[{"href":"https:\/\/www.entroncamentoonline.pt\/portal\/wp-json\/wp\/v2\/posts\/43927","targetHints":{"allow":["GET"]}}],"collection":[{"href":"https:\/\/www.entroncamentoonline.pt\/portal\/wp-json\/wp\/v2\/posts"}],"about":[{"href":"https:\/\/www.entroncamentoonline.pt\/portal\/wp-json\/wp\/v2\/types\/post"}],"author":[{"embeddable":true,"href":"https:\/\/www.entroncamentoonline.pt\/portal\/wp-json\/wp\/v2\/users\/1"}],"replies":[{"embeddable":true,"href":"https:\/\/www.entroncamentoonline.pt\/portal\/wp-json\/wp\/v2\/comments?post=43927"}],"version-history":[{"count":0,"href":"https:\/\/www.entroncamentoonline.pt\/portal\/wp-json\/wp\/v2\/posts\/43927\/revisions"}],"wp:featuredmedia":[{"embeddable":true,"href":"https:\/\/www.entroncamentoonline.pt\/portal\/wp-json\/wp\/v2\/media\/25185"}],"wp:attachment":[{"href":"https:\/\/www.entroncamentoonline.pt\/portal\/wp-json\/wp\/v2\/media?parent=43927"}],"wp:term":[{"taxonomy":"category","embeddable":true,"href":"https:\/\/www.entroncamentoonline.pt\/portal\/wp-json\/wp\/v2\/categories?post=43927"},{"taxonomy":"post_tag","embeddable":true,"href":"https:\/\/www.entroncamentoonline.pt\/portal\/wp-json\/wp\/v2\/tags?post=43927"}],"curies":[{"name":"wp","href":"https:\/\/api.w.org\/{rel}","templated":true}]}}