{"id":43545,"date":"2021-11-28T21:05:05","date_gmt":"2021-11-28T21:05:05","guid":{"rendered":"https:\/\/www.entroncamentoonline.pt\/portal\/?p=43545"},"modified":"2021-11-29T16:42:15","modified_gmt":"2021-11-29T16:42:15","slug":"entroncamento-nove-novos-casos-de-covid-19-e-mantem-se-os-149-casos-em-vigilancia-ativa","status":"publish","type":"post","link":"https:\/\/www.entroncamentoonline.pt\/portal\/entroncamento-nove-novos-casos-de-covid-19-e-mantem-se-os-149-casos-em-vigilancia-ativa\/","title":{"rendered":"Entroncamento | Nove novos casos de Covid-19 e mant\u00eam-se os 149 casos em vigil\u00e2ncia ativa"},"content":{"rendered":"<p><img loading=\"lazy\" decoding=\"async\" class=\"size-full wp-image-43566 aligncenter\" style=\"text-align: center;\" src=\"https:\/\/www.entroncamentoonline.pt\/portal\/wp-content\/uploads\/2021\/11\/MapasPortugal28.11.jpg\" alt=\"\" width=\"608\" height=\"430\" \/><\/p>\n<p>Evolu\u00e7\u00e3o da Covid-19 em Portugal (Levy Correia)<\/p>\n<figure id=\"attachment_43565\" aria-describedby=\"caption-attachment-43565\" style=\"width: 608px\" class=\"wp-caption aligncenter\"><img loading=\"lazy\" decoding=\"async\" class=\"size-full wp-image-43565\" src=\"https:\/\/www.entroncamentoonline.pt\/portal\/wp-content\/uploads\/2021\/11\/MapasPortugal1.28.11.jpg\" alt=\"\" width=\"608\" height=\"430\" \/><figcaption id=\"caption-attachment-43565\" class=\"wp-caption-text\">Recolha de Levy Correia<\/figcaption><\/figure>\n<figure id=\"attachment_43564\" aria-describedby=\"caption-attachment-43564\" style=\"width: 608px\" class=\"wp-caption aligncenter\"><img loading=\"lazy\" decoding=\"async\" class=\"size-full wp-image-43564\" src=\"https:\/\/www.entroncamentoonline.pt\/portal\/wp-content\/uploads\/2021\/11\/MapasGruposRisco27.11.jpg\" alt=\"\" width=\"608\" height=\"430\" \/><figcaption id=\"caption-attachment-43564\" class=\"wp-caption-text\">Valores da incid\u00eancia cumulativa por 100 mil habitantes nos concelhos do ACES MT (Levy Correia)<\/figcaption><\/figure>\n<figure id=\"attachment_43563\" aria-describedby=\"caption-attachment-43563\" style=\"width: 608px\" class=\"wp-caption aligncenter\"><img loading=\"lazy\" decoding=\"async\" class=\"size-full wp-image-43563\" src=\"https:\/\/www.entroncamentoonline.pt\/portal\/wp-content\/uploads\/2021\/11\/MapasRecuperados27.11.jpg\" alt=\"\" width=\"608\" height=\"430\" \/><figcaption id=\"caption-attachment-43563\" class=\"wp-caption-text\">Recuperados (Levy Correia)<\/figcaption><\/figure>\n<p>Segundo o Agrupamento de Centros de Sa\u00fade do M\u00e9dio Tejo (ACES MT), este domingo, dia 28 de novembro, no concelho do Entroncamento, h\u00e1 registo de 9 novos casos de Covid-19, sendo 1737 o n\u00famero total de casos, 149 pessoas em vigil\u00e2ncia ativa, 1562 doentes recuperados e 150 casos ativos.<\/p>\n<p>No M\u00e9dio Tejo, houve registo de 81 casos de Covid-19 (ontem 139). Dezoito em Abrantes, 5 em Alcanena, 1 em Const\u00e2ncia, 9 no Entroncamento, 3 em Ferreira do Z\u00eazere, 2 em Ma\u00e7\u00e3o, 25 em Our\u00e9m, 5 em Tomar, 10 em Torres Novas e 3 em Vila Nova da Barquinha.<\/p>\n<p><img loading=\"lazy\" decoding=\"async\" class=\"size-full wp-image-43570 aligncenter\" src=\"https:\/\/www.entroncamentoonline.pt\/portal\/wp-content\/uploads\/2021\/11\/ACESMT28.11.jpg\" alt=\"\" width=\"778\" height=\"505\" \/><\/p>\n<p style=\"text-align: center;\"><strong>Em Portugal nas \u00faltimas 24 horas | Mais 2897 casos e 12 mortos<\/strong><\/p>\n<p>A n\u00edvel nacional, este domingo h\u00e1 registo de 12 \u00f3bitos, (o mesmo que ontem 12), num total de 18417, o total de infetados \u00e9 agora 1142707, mais 2897, (ontem 3364) os casos recuperados s\u00e3o 1070573, mais 857, (ontem 2543), os internados 764, (+56 que ontem, 708) e em cuidados intensivos104 , (o mesmo que ontem, 104).<\/p>\n<p><img loading=\"lazy\" decoding=\"async\" class=\"size-full wp-image-43551 aligncenter\" src=\"https:\/\/www.entroncamentoonline.pt\/portal\/wp-content\/uploads\/2021\/11\/RelatorioDGS.jpg\" alt=\"\" width=\"631\" height=\"779\" \/><\/p>\n<p style=\"text-align: center;\"><strong>Evolu\u00e7\u00e3o da Covid-19 nos concelhos da ACES M\u00e9dio Tejo (Levy Correia)<\/strong><\/p>\n\n<p><img loading=\"lazy\" decoding=\"async\" class=\"size-medium wp-image-43550 aligncenter\" src=\"https:\/\/www.entroncamentoonline.pt\/portal\/wp-content\/uploads\/2021\/11\/MatrizRisco-655x800.jpg\" alt=\"\" width=\"655\" height=\"800\" \/><\/p>\n<div class=\"fb-background-color\">\n\t\t\t  <div \n\t\t\t  \tclass = \"fb-comments\" \n\t\t\t  \tdata-href = \"https:\/\/www.entroncamentoonline.pt\/portal\/entroncamento-nove-novos-casos-de-covid-19-e-mantem-se-os-149-casos-em-vigilancia-ativa\/\"\n\t\t\t  \tdata-numposts = \"10\"\n\t\t\t  \tdata-lazy = \"true\"\n\t\t\t\tdata-colorscheme = \"light\"\n\t\t\t\tdata-order-by = \"social\"\n\t\t\t\tdata-mobile=true>\n\t\t\t  <\/div><\/div>\n\t\t  <style>\n\t\t    .fb-background-color {\n\t\t\t\tbackground:  !important;\n\t\t\t}\n\t\t\t.fb_iframe_widget_fluid_desktop iframe {\n\t\t\t    width: 100% !important;\n\t\t\t}\n\t\t  <\/style>\n\t\t  ","protected":false},"excerpt":{"rendered":"<p>Evolu\u00e7\u00e3o da Covid-19 em Portugal (Levy Correia) Segundo o Agrupamento de Centros de Sa\u00fade do M\u00e9dio Tejo (ACES MT), este domingo, dia 28 de novembro, no concelho do Entroncamento, h\u00e1 registo de 9 novos casos de Covid-19, sendo 1737 o n\u00famero total de casos, 149 pessoas em vigil\u00e2ncia ativa, 1562 doentes recuperados e 150 casos [&hellip;]<\/p>\n","protected":false},"author":1,"featured_media":43547,"comment_status":"open","ping_status":"closed","sticky":false,"template":"","format":"standard","meta":{"_acf_changed":false,"footnotes":""},"categories":[1],"tags":[],"class_list":{"0":"post-43545","1":"post","2":"type-post","3":"status-publish","4":"format-standard","5":"has-post-thumbnail","7":"category-sem-categoria"},"acf":[],"_links":{"self":[{"href":"https:\/\/www.entroncamentoonline.pt\/portal\/wp-json\/wp\/v2\/posts\/43545","targetHints":{"allow":["GET"]}}],"collection":[{"href":"https:\/\/www.entroncamentoonline.pt\/portal\/wp-json\/wp\/v2\/posts"}],"about":[{"href":"https:\/\/www.entroncamentoonline.pt\/portal\/wp-json\/wp\/v2\/types\/post"}],"author":[{"embeddable":true,"href":"https:\/\/www.entroncamentoonline.pt\/portal\/wp-json\/wp\/v2\/users\/1"}],"replies":[{"embeddable":true,"href":"https:\/\/www.entroncamentoonline.pt\/portal\/wp-json\/wp\/v2\/comments?post=43545"}],"version-history":[{"count":0,"href":"https:\/\/www.entroncamentoonline.pt\/portal\/wp-json\/wp\/v2\/posts\/43545\/revisions"}],"wp:featuredmedia":[{"embeddable":true,"href":"https:\/\/www.entroncamentoonline.pt\/portal\/wp-json\/wp\/v2\/media\/43547"}],"wp:attachment":[{"href":"https:\/\/www.entroncamentoonline.pt\/portal\/wp-json\/wp\/v2\/media?parent=43545"}],"wp:term":[{"taxonomy":"category","embeddable":true,"href":"https:\/\/www.entroncamentoonline.pt\/portal\/wp-json\/wp\/v2\/categories?post=43545"},{"taxonomy":"post_tag","embeddable":true,"href":"https:\/\/www.entroncamentoonline.pt\/portal\/wp-json\/wp\/v2\/tags?post=43545"}],"curies":[{"name":"wp","href":"https:\/\/api.w.org\/{rel}","templated":true}]}}