{"id":43514,"date":"2021-11-27T18:26:02","date_gmt":"2021-11-27T18:26:02","guid":{"rendered":"https:\/\/www.entroncamentoonline.pt\/portal\/?p=43514"},"modified":"2021-11-28T16:02:05","modified_gmt":"2021-11-28T16:02:05","slug":"entroncamento-treze-novos-casos-de-covid-19-e-menos-6-casos-em-vigilancia-ativa","status":"publish","type":"post","link":"https:\/\/www.entroncamentoonline.pt\/portal\/entroncamento-treze-novos-casos-de-covid-19-e-menos-6-casos-em-vigilancia-ativa\/","title":{"rendered":"Entroncamento | Treze novos casos de Covid-19 e menos 6 casos em vigil\u00e2ncia ativa"},"content":{"rendered":"<figure id=\"attachment_43533\" aria-describedby=\"caption-attachment-43533\" style=\"width: 608px\" class=\"wp-caption aligncenter\"><img loading=\"lazy\" decoding=\"async\" class=\"size-full wp-image-43533\" src=\"https:\/\/www.entroncamentoonline.pt\/portal\/wp-content\/uploads\/2021\/11\/MapasPortugal27.11.jpg\" alt=\"\" width=\"608\" height=\"430\" \/><figcaption id=\"caption-attachment-43533\" class=\"wp-caption-text\">Evolu\u00e7\u00e3o da Covid-19 em Portugal (Levy Correia)<\/figcaption><\/figure>\n<figure id=\"attachment_43532\" aria-describedby=\"caption-attachment-43532\" style=\"width: 608px\" class=\"wp-caption aligncenter\"><img loading=\"lazy\" decoding=\"async\" class=\"size-full wp-image-43532\" src=\"https:\/\/www.entroncamentoonline.pt\/portal\/wp-content\/uploads\/2021\/11\/MapasPortugal1.27.11.jpg\" alt=\"\" width=\"608\" height=\"430\" \/><figcaption id=\"caption-attachment-43532\" class=\"wp-caption-text\">Recolha de Levy Correia<\/figcaption><\/figure>\n<figure id=\"attachment_43531\" aria-describedby=\"caption-attachment-43531\" style=\"width: 608px\" class=\"wp-caption aligncenter\"><img loading=\"lazy\" decoding=\"async\" class=\"size-full wp-image-43531\" src=\"https:\/\/www.entroncamentoonline.pt\/portal\/wp-content\/uploads\/2021\/11\/MapasGruposRisco26.11.jpg\" alt=\"\" width=\"608\" height=\"430\" \/><figcaption id=\"caption-attachment-43531\" class=\"wp-caption-text\">Valores da incid\u00eancia cumulativa por 100 mil habitantes nos concelhos do ACES MT (Levy Correia)<\/figcaption><\/figure>\n<figure id=\"attachment_43530\" aria-describedby=\"caption-attachment-43530\" style=\"width: 608px\" class=\"wp-caption aligncenter\"><img loading=\"lazy\" decoding=\"async\" class=\"size-full wp-image-43530\" src=\"https:\/\/www.entroncamentoonline.pt\/portal\/wp-content\/uploads\/2021\/11\/MapasRecuperados26.11.jpg\" alt=\"\" width=\"608\" height=\"430\" \/><figcaption id=\"caption-attachment-43530\" class=\"wp-caption-text\">Casos Ativos (Levy Correia)<\/figcaption><\/figure>\n<p>Segundo o Agrupamento de Centros de Sa\u00fade do M\u00e9dio Tejo (ACES MT), este s\u00e1bado, dia 27 de novembro, no concelho do Entroncamento, h\u00e1 registo de 13 novos casos de Covid-19, sendo 1728 o n\u00famero total de casos, 149 pessoas em vigil\u00e2ncia ativa, 1562 doentes recuperados e 141 casos ativos.<\/p>\n<p>No M\u00e9dio Tejo, houve registo de 139 casos de Covid-19 (ontem 94). Vinte e um em Abrantes, 2 em Alcanena, 2 em Const\u00e2ncia, 13 no Entroncamento, 2 em Ferreira do Z\u00eazere, 2 em Ma\u00e7\u00e3o3, 32 em Our\u00e9m, 10 em Tomar, 53 em Torres Novas e 2 em Vila Nova da Barquinha.<\/p>\n<p><img loading=\"lazy\" decoding=\"async\" class=\"size-full wp-image-43535 aligncenter\" src=\"https:\/\/www.entroncamentoonline.pt\/portal\/wp-content\/uploads\/2021\/11\/ACESMT27.11.jpg\" alt=\"\" width=\"778\" height=\"505\" \/><\/p>\n<p style=\"text-align: center;\"><strong>Em Portugal nas \u00faltimas 24 horas | Mais 3364 casos e 12<\/strong><strong> mortos<\/strong><\/p>\n<p>A n\u00edvel nacional, este s\u00e1bado h\u00e1 registo de 12 \u00f3bitos, (ontem 8), num total de 18405, o total de infetados \u00e9 agora 1139810, mais 3364, (ontem 3205) os casos recuperados s\u00e3o 1069716, mais 2543, (ontem 1842), os internados 708, (+3 que ontem, 705) e em cuidados intensivos 104, (+4 que ontem, 100).<\/p>\n<p><img loading=\"lazy\" decoding=\"async\" class=\"size-full wp-image-43518 aligncenter\" src=\"https:\/\/www.entroncamentoonline.pt\/portal\/wp-content\/uploads\/2021\/11\/RelatorioDGS.jpg\" alt=\"\" width=\"631\" height=\"779\" \/><\/p>\n<p style=\"text-align: center;\"><strong>Evolu\u00e7\u00e3o da Covid-19 nos concelhos da ACES M\u00e9dio Tejo (Levy Correia)<\/strong><\/p>\n\n<p><img loading=\"lazy\" decoding=\"async\" class=\"size-full wp-image-43517 aligncenter\" src=\"https:\/\/www.entroncamentoonline.pt\/portal\/wp-content\/uploads\/2021\/11\/MatrizRisco.jpg\" alt=\"\" width=\"627\" height=\"771\" \/><\/p>\n<div class=\"fb-background-color\">\n\t\t\t  <div \n\t\t\t  \tclass = \"fb-comments\" \n\t\t\t  \tdata-href = \"https:\/\/www.entroncamentoonline.pt\/portal\/entroncamento-treze-novos-casos-de-covid-19-e-menos-6-casos-em-vigilancia-ativa\/\"\n\t\t\t  \tdata-numposts = \"10\"\n\t\t\t  \tdata-lazy = \"true\"\n\t\t\t\tdata-colorscheme = \"light\"\n\t\t\t\tdata-order-by = \"social\"\n\t\t\t\tdata-mobile=true>\n\t\t\t  <\/div><\/div>\n\t\t  <style>\n\t\t    .fb-background-color {\n\t\t\t\tbackground:  !important;\n\t\t\t}\n\t\t\t.fb_iframe_widget_fluid_desktop iframe {\n\t\t\t    width: 100% !important;\n\t\t\t}\n\t\t  <\/style>\n\t\t  ","protected":false},"excerpt":{"rendered":"<p>Segundo o Agrupamento de Centros de Sa\u00fade do M\u00e9dio Tejo (ACES MT), este s\u00e1bado, dia 27 de novembro, no concelho do Entroncamento, h\u00e1 registo de 13 novos casos de Covid-19, sendo 1728 o n\u00famero total de casos, 149 pessoas em vigil\u00e2ncia ativa, 1562 doentes recuperados e 141 casos ativos. No M\u00e9dio Tejo, houve registo de [&hellip;]<\/p>\n","protected":false},"author":1,"featured_media":22913,"comment_status":"open","ping_status":"closed","sticky":false,"template":"","format":"standard","meta":{"_acf_changed":false,"footnotes":""},"categories":[1],"tags":[],"class_list":{"0":"post-43514","1":"post","2":"type-post","3":"status-publish","4":"format-standard","5":"has-post-thumbnail","7":"category-sem-categoria"},"acf":[],"_links":{"self":[{"href":"https:\/\/www.entroncamentoonline.pt\/portal\/wp-json\/wp\/v2\/posts\/43514","targetHints":{"allow":["GET"]}}],"collection":[{"href":"https:\/\/www.entroncamentoonline.pt\/portal\/wp-json\/wp\/v2\/posts"}],"about":[{"href":"https:\/\/www.entroncamentoonline.pt\/portal\/wp-json\/wp\/v2\/types\/post"}],"author":[{"embeddable":true,"href":"https:\/\/www.entroncamentoonline.pt\/portal\/wp-json\/wp\/v2\/users\/1"}],"replies":[{"embeddable":true,"href":"https:\/\/www.entroncamentoonline.pt\/portal\/wp-json\/wp\/v2\/comments?post=43514"}],"version-history":[{"count":0,"href":"https:\/\/www.entroncamentoonline.pt\/portal\/wp-json\/wp\/v2\/posts\/43514\/revisions"}],"wp:featuredmedia":[{"embeddable":true,"href":"https:\/\/www.entroncamentoonline.pt\/portal\/wp-json\/wp\/v2\/media\/22913"}],"wp:attachment":[{"href":"https:\/\/www.entroncamentoonline.pt\/portal\/wp-json\/wp\/v2\/media?parent=43514"}],"wp:term":[{"taxonomy":"category","embeddable":true,"href":"https:\/\/www.entroncamentoonline.pt\/portal\/wp-json\/wp\/v2\/categories?post=43514"},{"taxonomy":"post_tag","embeddable":true,"href":"https:\/\/www.entroncamentoonline.pt\/portal\/wp-json\/wp\/v2\/tags?post=43514"}],"curies":[{"name":"wp","href":"https:\/\/api.w.org\/{rel}","templated":true}]}}