{"id":43016,"date":"2021-11-18T15:03:55","date_gmt":"2021-11-18T15:03:55","guid":{"rendered":"https:\/\/www.entroncamentoonline.pt\/portal\/?p=43016"},"modified":"2021-11-29T13:58:29","modified_gmt":"2021-11-29T13:58:29","slug":"nucleo-museologico-da-fundicao-tomarense-na-levada-abre-dia-27-de-novembro","status":"publish","type":"post","link":"https:\/\/www.entroncamentoonline.pt\/portal\/nucleo-museologico-da-fundicao-tomarense-na-levada-abre-dia-27-de-novembro\/","title":{"rendered":"N\u00facleo Museol\u00f3gico da Fundi\u00e7\u00e3o Tomarense, na Levada, abre dia 27 de novembro"},"content":{"rendered":"<p>O N\u00facleo Museol\u00f3gico da Fundi\u00e7\u00e3o Tomarense vai ser inaugurado no pr\u00f3ximo dia 27 de novembro, pelas 17 horas. Projeto da responsabilidade do Munic\u00edpio de Tomar, surge na continua\u00e7\u00e3o das a\u00e7\u00f5es de reabilita\u00e7\u00e3o e requalifica\u00e7\u00e3o daquele espa\u00e7o, na prossecu\u00e7\u00e3o da miss\u00e3o do Complexo Cultural da Levada de Tomar, enquanto equipamento cultural e tur\u00edstico.<\/p>\n<p>Este n\u00facleo vai apresentar-se com uma exposi\u00e7\u00e3o de longa dura\u00e7\u00e3o, composta por equipamentos, ferramentas e utens\u00edlios que marcaram as atividades realizadas nas oficinas de fundi\u00e7\u00e3o, serralharia e rebarbagem que funcionaram naquele espa\u00e7o.<\/p>\n<p>Assume-se este projeto museol\u00f3gico e museogr\u00e1fico como um trabalho direcionado para a salvaguarda e preserva\u00e7\u00e3o da mem\u00f3ria material e imaterial deste equipamento industrial, desenvolvido em conjunto com a participa\u00e7\u00e3o da fam\u00edlia Cotralha, propriet\u00e1ria da extinta empresa, e com o inestim\u00e1vel contributo de alguns antigos funcion\u00e1rios. Pretende-se, assim, apresentar este n\u00facleo museol\u00f3gico como um equipamento que exibe e desmistifica a secular hist\u00f3ria do espa\u00e7o, os diferentes processos industriais, como \u00e9 o caso da pr\u00f3pria fundi\u00e7\u00e3o, e algumas curiosidades que humanizam este legado industrial e testemunho da hist\u00f3ria de diferentes gera\u00e7\u00f5es locais.<\/p>\n<p>A Fundi\u00e7\u00e3o Tomarense ser\u00e1 mais um espa\u00e7o com uma programa\u00e7\u00e3o pr\u00f3pria, disponibilizado \u00e0 comunidade tomarense e a todos os que visitam a cidade, contribuindo para a afirma\u00e7\u00e3o de Tomar no quadro do turismo industrial. Vai estar aberta ao p\u00fablico de ter\u00e7a-feira a domingo, durante o per\u00edodo de inverno (de outubro a mar\u00e7o), das 10 \u00e0s 12 e das 14 \u00e0s 17 horas, e durante o per\u00edodo de ver\u00e3o (de abril a setembro), das 10 \u00e0s 13 e das 14 \u00e0s 18 horas.<\/p>\n<div class=\"fb-background-color\">\n\t\t\t  <div \n\t\t\t  \tclass = \"fb-comments\" \n\t\t\t  \tdata-href = \"https:\/\/www.entroncamentoonline.pt\/portal\/nucleo-museologico-da-fundicao-tomarense-na-levada-abre-dia-27-de-novembro\/\"\n\t\t\t  \tdata-numposts = \"10\"\n\t\t\t  \tdata-lazy = \"true\"\n\t\t\t\tdata-colorscheme = \"light\"\n\t\t\t\tdata-order-by = \"social\"\n\t\t\t\tdata-mobile=true>\n\t\t\t  <\/div><\/div>\n\t\t  <style>\n\t\t    .fb-background-color {\n\t\t\t\tbackground:  !important;\n\t\t\t}\n\t\t\t.fb_iframe_widget_fluid_desktop iframe {\n\t\t\t    width: 100% !important;\n\t\t\t}\n\t\t  <\/style>\n\t\t  ","protected":false},"excerpt":{"rendered":"<p>O N\u00facleo Museol\u00f3gico da Fundi\u00e7\u00e3o Tomarense vai ser inaugurado no pr\u00f3ximo dia 27 de novembro, pelas 17 horas. Projeto da responsabilidade do Munic\u00edpio de Tomar, surge na continua\u00e7\u00e3o das a\u00e7\u00f5es de reabilita\u00e7\u00e3o e requalifica\u00e7\u00e3o daquele espa\u00e7o, na prossecu\u00e7\u00e3o da miss\u00e3o do Complexo Cultural da Levada de Tomar, enquanto equipamento cultural e tur\u00edstico. Este n\u00facleo vai [&hellip;]<\/p>\n","protected":false},"author":1,"featured_media":43017,"comment_status":"open","ping_status":"closed","sticky":false,"template":"","format":"standard","meta":{"_acf_changed":false,"footnotes":""},"categories":[1],"tags":[],"class_list":{"0":"post-43016","1":"post","2":"type-post","3":"status-publish","4":"format-standard","5":"has-post-thumbnail","7":"category-sem-categoria"},"acf":[],"_links":{"self":[{"href":"https:\/\/www.entroncamentoonline.pt\/portal\/wp-json\/wp\/v2\/posts\/43016","targetHints":{"allow":["GET"]}}],"collection":[{"href":"https:\/\/www.entroncamentoonline.pt\/portal\/wp-json\/wp\/v2\/posts"}],"about":[{"href":"https:\/\/www.entroncamentoonline.pt\/portal\/wp-json\/wp\/v2\/types\/post"}],"author":[{"embeddable":true,"href":"https:\/\/www.entroncamentoonline.pt\/portal\/wp-json\/wp\/v2\/users\/1"}],"replies":[{"embeddable":true,"href":"https:\/\/www.entroncamentoonline.pt\/portal\/wp-json\/wp\/v2\/comments?post=43016"}],"version-history":[{"count":0,"href":"https:\/\/www.entroncamentoonline.pt\/portal\/wp-json\/wp\/v2\/posts\/43016\/revisions"}],"wp:featuredmedia":[{"embeddable":true,"href":"https:\/\/www.entroncamentoonline.pt\/portal\/wp-json\/wp\/v2\/media\/43017"}],"wp:attachment":[{"href":"https:\/\/www.entroncamentoonline.pt\/portal\/wp-json\/wp\/v2\/media?parent=43016"}],"wp:term":[{"taxonomy":"category","embeddable":true,"href":"https:\/\/www.entroncamentoonline.pt\/portal\/wp-json\/wp\/v2\/categories?post=43016"},{"taxonomy":"post_tag","embeddable":true,"href":"https:\/\/www.entroncamentoonline.pt\/portal\/wp-json\/wp\/v2\/tags?post=43016"}],"curies":[{"name":"wp","href":"https:\/\/api.w.org\/{rel}","templated":true}]}}