{"id":42995,"date":"2021-11-17T23:40:56","date_gmt":"2021-11-17T23:40:56","guid":{"rendered":"https:\/\/www.entroncamentoonline.pt\/portal\/?p=42995"},"modified":"2021-11-18T00:51:16","modified_gmt":"2021-11-18T00:51:16","slug":"a-centenaria-aniversariante-sociedade-cooperativa-de-consumo-dos-ferroviarios-e-aderentes-crl","status":"publish","type":"post","link":"https:\/\/www.entroncamentoonline.pt\/portal\/a-centenaria-aniversariante-sociedade-cooperativa-de-consumo-dos-ferroviarios-e-aderentes-crl\/","title":{"rendered":"MANUELA POITOUT | A centen\u00e1ria aniversariante Sociedade Cooperativa de Consumo dos Ferrovi\u00e1rios e Aderentes, CRL"},"content":{"rendered":"<figure id=\"attachment_1174\" aria-describedby=\"caption-attachment-1174\" style=\"width: 271px\" class=\"wp-caption alignnone\"><img loading=\"lazy\" decoding=\"async\" class=\"size-full wp-image-1174\" src=\"https:\/\/www.entroncamentoonline.pt\/portal\/wp-content\/uploads\/2018\/12\/ManuelaPoitout.jpg\" alt=\"\" width=\"271\" height=\"292\" \/><figcaption id=\"caption-attachment-1174\" class=\"wp-caption-text\">Manuela Poitout manuelapoitout@entroncamentoonline.pt<\/figcaption><\/figure>\n<p>Hoje, dia 17 de novembro, assinala a Sociedade Cooperativa dos Ferrovi\u00e1rios e Aderentes o 108.\u00ba anivers\u00e1rio da cria\u00e7\u00e3o da Sociedade, por escritura celebrada em 17 de novembro de 1913, no cart\u00f3rio de Miguel Serra, em Torres Novas, escritura exarada de fl. 5 a fl. 15, do livro de notas para atos e contratos entre vivos n.\u00ba 263.<\/p>\n<p><img loading=\"lazy\" decoding=\"async\" class=\"wp-image-42997 alignleft\" src=\"https:\/\/www.entroncamentoonline.pt\/portal\/wp-content\/uploads\/2021\/11\/Luisa-Cabral-Estrela-Gaudencio-e-Emilia-Machado.jpg\" alt=\"\" width=\"488\" height=\"337\" srcset=\"https:\/\/www.entroncamentoonline.pt\/portal\/wp-content\/uploads\/2021\/11\/Luisa-Cabral-Estrela-Gaudencio-e-Emilia-Machado.jpg 616w, https:\/\/www.entroncamentoonline.pt\/portal\/wp-content\/uploads\/2021\/11\/Luisa-Cabral-Estrela-Gaudencio-e-Emilia-Machado-218x150.jpg 218w, https:\/\/www.entroncamentoonline.pt\/portal\/wp-content\/uploads\/2021\/11\/Luisa-Cabral-Estrela-Gaudencio-e-Emilia-Machado-609x420.jpg 609w, https:\/\/www.entroncamentoonline.pt\/portal\/wp-content\/uploads\/2021\/11\/Luisa-Cabral-Estrela-Gaudencio-e-Emilia-Machado-100x70.jpg 100w\" sizes=\"auto, (max-width: 488px) 100vw, 488px\" \/>Est\u00e1 a Cooperativa a festejar este anivers\u00e1rio, que \u00e9 not\u00e1vel, pois trata-se de uma das mais antigas associa\u00e7\u00f5es do Entroncamento. Assinalo eu, tamb\u00e9m, esta efem\u00e9ride, contribuindo com alguns documentos de arquivo pessoal, ou retirados da imprensa, de modo a dar a conhecer um pouco da Hist\u00f3ria desta t\u00e3o antiga e \u00fatil institui\u00e7\u00e3o.<\/p>\n<p>Hoje, a sociedade \u00e9 uma Cooperativa de Consumo, mas, no seu in\u00edcio, foi uma Cooperativa de Cr\u00e9dito e Consumo, conforme atesta a capa do seu Regulamente Interno, impresso em 1916.<\/p>\n<p>Os seus objetivos iniciais eram os seguintes:<\/p>\n<p><img loading=\"lazy\" decoding=\"async\" class=\"size-full wp-image-42999 alignleft\" src=\"https:\/\/www.entroncamentoonline.pt\/portal\/wp-content\/uploads\/2021\/11\/Cooperativa-1.bmp\" alt=\"\" width=\"470\" height=\"557\" srcset=\"https:\/\/www.entroncamentoonline.pt\/portal\/wp-content\/uploads\/2021\/11\/Cooperativa-1.bmp 470w, https:\/\/www.entroncamentoonline.pt\/portal\/wp-content\/uploads\/2021\/11\/Cooperativa-1-354x420.jpg 354w\" sizes=\"auto, (max-width: 470px) 100vw, 470px\" \/>\u201c1.\u00ba A fornecer todos os artigos necess\u00e1rios \u00e0 alimenta\u00e7\u00e3o e vestu\u00e1rio dos s\u00f3cios e todos os utens\u00edlios necess\u00e1rios aos usos dom\u00e9sticos, tudo de boa qualidade e em condi\u00e7\u00f5es favor\u00e1veis de pre\u00e7o, contratando com estranhos os fornecimentos que n\u00e3o possa fazer de conta pr\u00f3pria, e tudo de harmonia com estes estatutos e regulamentos especiais que se fizerem.<\/p>\n<p>2.\u00ba A criar, conservar e desenvolver uma riqueza chamada \u201ccapital de continuidade\u201d, al\u00e9m do fundo individual, e, para mais garantia da sua exist\u00eancia, este capital ser\u00e1 formado conforme se indicar nestes estatutos.<\/p>\n<p>3.\u00ba A emprestar, exclusivamente aos seus associados, quaisquer quantias com juro m\u00f3dico.<\/p>\n<p>4.\u00ba A promover, por todos os meios ao seu alcance, o aperfei\u00e7oamento intelectual e profissional dos s\u00f3cios, criando aulas, oficinas e bibliotecas, e realizar confer\u00eancias e cursos profissionais.<\/p>\n<p>5.\u00ba Logo que as circunst\u00e2ncias o permitam, a sociedade poder\u00e1 adquirir, por compra, edif\u00edcio ou edif\u00edcios pr\u00f3prios para dar desenvolvimento \u00e0s suas opera\u00e7\u00f5es e para instala\u00e7\u00e3o das suas sec\u00e7\u00f5es.<\/p>\n<p>O capital social \u00e9 vari\u00e1vel, do m\u00ednimo de 50$00 j\u00e1 subscrito pelos s\u00f3cios fundadores em partes iguais. \u00c9 formado com as quantias resultantes de quotas, joias, estatutos, diplomas, cadernetas, lucros e donativos.\u201d<\/p>\n<p><img loading=\"lazy\" decoding=\"async\" class=\"size-full wp-image-42996 alignright\" src=\"https:\/\/www.entroncamentoonline.pt\/portal\/wp-content\/uploads\/2021\/11\/Regulamento.jpg\" alt=\"\" width=\"424\" height=\"617\" srcset=\"https:\/\/www.entroncamentoonline.pt\/portal\/wp-content\/uploads\/2021\/11\/Regulamento.jpg 424w, https:\/\/www.entroncamentoonline.pt\/portal\/wp-content\/uploads\/2021\/11\/Regulamento-289x420.jpg 289w\" sizes=\"auto, (max-width: 424px) 100vw, 424px\" \/>Em 9 de junho de 1969, foi certificada a escritura inicial, no cart\u00f3rio do not\u00e1rio licenciado Patr\u00edcio Bismarck, e em 23 de maio de 1989, por publica\u00e7\u00e3o no Di\u00e1rio da Rep\u00fablica n.\u00ba 118 III S\u00e9rie, a Cooperativa passou-se a chamar-se Cooperativa de Consumo Ferrovi\u00e1rios e Aderentes CRL, S.C.A.F.A.<\/p>\n<p>Segundo Eduardo O. P. Brito, a Sociedade instalou-se inicialmente junto \u00e0 passagem de n\u00edvel, no r\u00e9s-do-ch\u00e3o de um pr\u00e9dio h\u00e1 muito demolido, onde hoje est\u00e1 instalada a Tipografia Central.<\/p>\n<p>Foi uma estadia curta, pois, passado pouco tempo, adquiriu ao farmac\u00eautico Jo\u00e3o Bispo o seu pr\u00e9dio, e a\u00ed se instalou. Havia, nesse tempo, uma pequena farm\u00e1cia do mesmo sr. Bispo, que funcionaria no mesmo pr\u00e9dio, e da qual falou, nas suas recorda\u00e7\u00f5es, D. Estrela Pedroso, funcion\u00e1ria que trabalhou na Cooperativa durante anos, e que aparece numa antiga foto, com outras colegas da Cooperativa, a qual se inclui, tamb\u00e9m, nos documentos anexos. Da esquerda para a direita D. Luisa Cabral, D. Estrela Pedroso, uma senhora de apelido Gaud\u00eancio e D. Em\u00edlia.<\/p>\n<p><img loading=\"lazy\" decoding=\"async\" class=\"size-full wp-image-42998 alignleft\" src=\"https:\/\/www.entroncamentoonline.pt\/portal\/wp-content\/uploads\/2021\/11\/Cooperativa-2.jpg\" alt=\"\" width=\"563\" height=\"465\" srcset=\"https:\/\/www.entroncamentoonline.pt\/portal\/wp-content\/uploads\/2021\/11\/Cooperativa-2.jpg 563w, https:\/\/www.entroncamentoonline.pt\/portal\/wp-content\/uploads\/2021\/11\/Cooperativa-2-509x420.jpg 509w\" sizes=\"auto, (max-width: 563px) 100vw, 563px\" \/>O pr\u00e9dio primitivo, que aqui se mostra numa imagem antiga, foi depois ampliado, o que se pode ver, observando as duas imagens do edif\u00edcio.<\/p>\n<p>Em agosto de 1960, foi inaugurado o novo caf\u00e9 SCAFA. Copio da imprensa local, a not\u00edcia respetiva.<\/p>\n<p>A Sociedade Cooperativa dos Ferrovi\u00e1rios e Aderentes, da nossa vila, acaba de inaugurar o seu novo caf\u00e9 \u2013 amplo e elegante estabelecimento que, no seu ramo \u00e9, sem d\u00favida, um dos melhores da nossa regi\u00e3o.<\/p>\n<p>O novo caf\u00e9 veio assim a suceder ao seu antigo cong\u00e9nere &#8211;\u00a0 feliz cria\u00e7\u00e3o do sr. Eduardo Coelho, quando presidente da Dire\u00e7\u00e3o da Cooperativa, onde a sua passagem jamais ser\u00e1 olvidada, pelos m\u00faltiplos benef\u00edcios que a velha coletividade lhe ficara e est\u00e1 devendo \u2013 por necessidades de remodela\u00e7\u00e3o da mercearia, cujas instala\u00e7\u00f5es totalmente obsoletas para um estabelecimento comercial da import\u00e2ncia da nossa Cooperativa, j\u00e1 h\u00e1 muito que andavam a pedir \u201creforma\u201d.<\/p>\n<p>(<em>O Entroncamento <\/em>n.\u00ba 324, 05-09-1960)<\/p>\n<p>&nbsp;<\/p>\n<p>Manuela Poitout<\/p>\n<p>&nbsp;<\/p>\n<div class=\"fb-background-color\">\n\t\t\t  <div \n\t\t\t  \tclass = \"fb-comments\" \n\t\t\t  \tdata-href = \"https:\/\/www.entroncamentoonline.pt\/portal\/a-centenaria-aniversariante-sociedade-cooperativa-de-consumo-dos-ferroviarios-e-aderentes-crl\/\"\n\t\t\t  \tdata-numposts = \"10\"\n\t\t\t  \tdata-lazy = \"true\"\n\t\t\t\tdata-colorscheme = \"light\"\n\t\t\t\tdata-order-by = \"social\"\n\t\t\t\tdata-mobile=true>\n\t\t\t  <\/div><\/div>\n\t\t  <style>\n\t\t    .fb-background-color {\n\t\t\t\tbackground:  !important;\n\t\t\t}\n\t\t\t.fb_iframe_widget_fluid_desktop iframe {\n\t\t\t    width: 100% !important;\n\t\t\t}\n\t\t  <\/style>\n\t\t  ","protected":false},"excerpt":{"rendered":"<p>Hoje, dia 17 de novembro, assinala a Sociedade Cooperativa dos Ferrovi\u00e1rios e Aderentes o 108.\u00ba anivers\u00e1rio da cria\u00e7\u00e3o da Sociedade, por escritura celebrada em 17 de novembro de 1913, no cart\u00f3rio de Miguel Serra, em Torres Novas, escritura exarada de fl. 5 a fl. 15, do livro de notas para atos e contratos entre vivos [&hellip;]<\/p>\n","protected":false},"author":19,"featured_media":0,"comment_status":"open","ping_status":"closed","sticky":false,"template":"","format":"standard","meta":{"_acf_changed":false,"footnotes":""},"categories":[55,65],"tags":[],"class_list":{"0":"post-42995","1":"post","2":"type-post","3":"status-publish","4":"format-standard","6":"category-cronica","7":"category-manuela-poitout"},"acf":[],"_links":{"self":[{"href":"https:\/\/www.entroncamentoonline.pt\/portal\/wp-json\/wp\/v2\/posts\/42995","targetHints":{"allow":["GET"]}}],"collection":[{"href":"https:\/\/www.entroncamentoonline.pt\/portal\/wp-json\/wp\/v2\/posts"}],"about":[{"href":"https:\/\/www.entroncamentoonline.pt\/portal\/wp-json\/wp\/v2\/types\/post"}],"author":[{"embeddable":true,"href":"https:\/\/www.entroncamentoonline.pt\/portal\/wp-json\/wp\/v2\/users\/19"}],"replies":[{"embeddable":true,"href":"https:\/\/www.entroncamentoonline.pt\/portal\/wp-json\/wp\/v2\/comments?post=42995"}],"version-history":[{"count":0,"href":"https:\/\/www.entroncamentoonline.pt\/portal\/wp-json\/wp\/v2\/posts\/42995\/revisions"}],"wp:attachment":[{"href":"https:\/\/www.entroncamentoonline.pt\/portal\/wp-json\/wp\/v2\/media?parent=42995"}],"wp:term":[{"taxonomy":"category","embeddable":true,"href":"https:\/\/www.entroncamentoonline.pt\/portal\/wp-json\/wp\/v2\/categories?post=42995"},{"taxonomy":"post_tag","embeddable":true,"href":"https:\/\/www.entroncamentoonline.pt\/portal\/wp-json\/wp\/v2\/tags?post=42995"}],"curies":[{"name":"wp","href":"https:\/\/api.w.org\/{rel}","templated":true}]}}