{"id":42786,"date":"2021-11-14T15:47:46","date_gmt":"2021-11-14T15:47:46","guid":{"rendered":"https:\/\/www.entroncamentoonline.pt\/portal\/?p=42786"},"modified":"2021-11-15T18:27:10","modified_gmt":"2021-11-15T18:27:10","slug":"42786-2","status":"publish","type":"post","link":"https:\/\/www.entroncamentoonline.pt\/portal\/42786-2\/","title":{"rendered":"Entroncamento | Dez novos casos de Covid-19 e menos 5 casos em vigil\u00e2ncia ativa"},"content":{"rendered":"<figure id=\"attachment_42808\" aria-describedby=\"caption-attachment-42808\" style=\"width: 608px\" class=\"wp-caption aligncenter\"><img loading=\"lazy\" decoding=\"async\" class=\"size-full wp-image-42808\" src=\"https:\/\/www.entroncamentoonline.pt\/portal\/wp-content\/uploads\/2021\/11\/MapasPortugal14.11.jpg\" alt=\"\" width=\"608\" height=\"430\" \/><figcaption id=\"caption-attachment-42808\" class=\"wp-caption-text\">Evolu\u00e7\u00e3o da Covid-19 em Portugal (Levy Correia)<\/figcaption><\/figure>\n<figure id=\"attachment_42807\" aria-describedby=\"caption-attachment-42807\" style=\"width: 608px\" class=\"wp-caption aligncenter\"><img loading=\"lazy\" decoding=\"async\" class=\"size-full wp-image-42807\" src=\"https:\/\/www.entroncamentoonline.pt\/portal\/wp-content\/uploads\/2021\/11\/MapasPortugal1.14.11.jpg\" alt=\"\" width=\"608\" height=\"430\" \/><figcaption id=\"caption-attachment-42807\" class=\"wp-caption-text\">Recolha de Levy Correia<\/figcaption><\/figure>\n<figure id=\"attachment_42806\" aria-describedby=\"caption-attachment-42806\" style=\"width: 608px\" class=\"wp-caption aligncenter\"><img loading=\"lazy\" decoding=\"async\" class=\"size-full wp-image-42806\" src=\"https:\/\/www.entroncamentoonline.pt\/portal\/wp-content\/uploads\/2021\/11\/MapasGruposRisco13.11.jpg\" alt=\"\" width=\"608\" height=\"430\" \/><figcaption id=\"caption-attachment-42806\" class=\"wp-caption-text\">Valores da incid\u00eancia cumulativa por 100 mil habitantes nos concelhos do ACES MT (Levy Correia)<\/figcaption><\/figure>\n<figure id=\"attachment_42805\" aria-describedby=\"caption-attachment-42805\" style=\"width: 608px\" class=\"wp-caption aligncenter\"><img loading=\"lazy\" decoding=\"async\" class=\"size-full wp-image-42805\" src=\"https:\/\/www.entroncamentoonline.pt\/portal\/wp-content\/uploads\/2021\/11\/MapasRecuperados13.11.jpg\" alt=\"\" width=\"608\" height=\"430\" \/><figcaption id=\"caption-attachment-42805\" class=\"wp-caption-text\">Casos Recuperados (Levy Correia)<\/figcaption><\/figure>\n<p>Segundo o Agrupamento de Centros de Sa\u00fade do M\u00e9dio Tejo (ACES MT), este domingo, dia 14 de novembro, no concelho do Entroncamento, h\u00e1 registo de 10 novos casos de Covid-19, sendo 1586, o n\u00famero total de casos, 169 pessoas em vigil\u00e2ncia ativa, 1467 doentes recuperados e 94 casos ativos.<\/p>\n<p>No M\u00e9dio Tejo, houve registo de 45 casos de Covid-19 (ontem 100). Um em Abrantes, 10 no Entroncamento, 2 em Ferreira do Z\u00eazere, 10 em Our\u00e9m, 4 em Tomar, 17 em Torres Novas e 1 em Vila Nova da Barquinha.<\/p>\n<p><img loading=\"lazy\" decoding=\"async\" class=\"alignnone size-full wp-image-42810\" src=\"https:\/\/www.entroncamentoonline.pt\/portal\/wp-content\/uploads\/2021\/11\/ACESMT14.11.jpg\" alt=\"\" width=\"778\" height=\"505\" \/><\/p>\n<p style=\"text-align: center;\"><strong>Em Portugal nas \u00faltimas 24 horas | Mais 1483 casos e 15 mortos<\/strong><\/p>\n<p>A n\u00edvel nacional, este domingo h\u00e1 registo de 15 \u00f3bitos, (ontem 8), num total de 18257, o total de infetados \u00e9 agora 1107488, mais 1483, (ontem 1816) os casos recuperados s\u00e3o 1051300, mais 462, (ontem 1107), os internados 465, (+41 que ontem, 424) e em cuidados intensivos 75, (+6 que ontem, 69).<\/p>\n<p><img loading=\"lazy\" decoding=\"async\" class=\"size-medium wp-image-42793 aligncenter\" src=\"https:\/\/www.entroncamentoonline.pt\/portal\/wp-content\/uploads\/2021\/11\/RelatorioDGS-669x800.jpg\" alt=\"\" width=\"669\" height=\"800\" \/><\/p>\n<p style=\"text-align: center;\"><strong>Evolu\u00e7\u00e3o da Covid-19 nos concelhos da ACES M\u00e9dio Tejo (Levy Correia)<\/strong><\/p>\n\n<p><img loading=\"lazy\" decoding=\"async\" class=\"size-medium wp-image-42792 aligncenter\" src=\"https:\/\/www.entroncamentoonline.pt\/portal\/wp-content\/uploads\/2021\/11\/MatrizRisco-653x800.jpg\" alt=\"\" width=\"653\" height=\"800\" \/><\/p>\n<div class=\"fb-background-color\">\n\t\t\t  <div \n\t\t\t  \tclass = \"fb-comments\" \n\t\t\t  \tdata-href = \"https:\/\/www.entroncamentoonline.pt\/portal\/42786-2\/\"\n\t\t\t  \tdata-numposts = \"10\"\n\t\t\t  \tdata-lazy = \"true\"\n\t\t\t\tdata-colorscheme = \"light\"\n\t\t\t\tdata-order-by = \"social\"\n\t\t\t\tdata-mobile=true>\n\t\t\t  <\/div><\/div>\n\t\t  <style>\n\t\t    .fb-background-color {\n\t\t\t\tbackground:  !important;\n\t\t\t}\n\t\t\t.fb_iframe_widget_fluid_desktop iframe {\n\t\t\t    width: 100% !important;\n\t\t\t}\n\t\t  <\/style>\n\t\t  ","protected":false},"excerpt":{"rendered":"<p>Segundo o Agrupamento de Centros de Sa\u00fade do M\u00e9dio Tejo (ACES MT), este domingo, dia 14 de novembro, no concelho do Entroncamento, h\u00e1 registo de 10 novos casos de Covid-19, sendo 1586, o n\u00famero total de casos, 169 pessoas em vigil\u00e2ncia ativa, 1467 doentes recuperados e 94 casos ativos. No M\u00e9dio Tejo, houve registo de [&hellip;]<\/p>\n","protected":false},"author":1,"featured_media":42789,"comment_status":"open","ping_status":"closed","sticky":false,"template":"","format":"standard","meta":{"_acf_changed":false,"footnotes":""},"categories":[1],"tags":[],"class_list":{"0":"post-42786","1":"post","2":"type-post","3":"status-publish","4":"format-standard","5":"has-post-thumbnail","7":"category-sem-categoria"},"acf":[],"_links":{"self":[{"href":"https:\/\/www.entroncamentoonline.pt\/portal\/wp-json\/wp\/v2\/posts\/42786","targetHints":{"allow":["GET"]}}],"collection":[{"href":"https:\/\/www.entroncamentoonline.pt\/portal\/wp-json\/wp\/v2\/posts"}],"about":[{"href":"https:\/\/www.entroncamentoonline.pt\/portal\/wp-json\/wp\/v2\/types\/post"}],"author":[{"embeddable":true,"href":"https:\/\/www.entroncamentoonline.pt\/portal\/wp-json\/wp\/v2\/users\/1"}],"replies":[{"embeddable":true,"href":"https:\/\/www.entroncamentoonline.pt\/portal\/wp-json\/wp\/v2\/comments?post=42786"}],"version-history":[{"count":0,"href":"https:\/\/www.entroncamentoonline.pt\/portal\/wp-json\/wp\/v2\/posts\/42786\/revisions"}],"wp:featuredmedia":[{"embeddable":true,"href":"https:\/\/www.entroncamentoonline.pt\/portal\/wp-json\/wp\/v2\/media\/42789"}],"wp:attachment":[{"href":"https:\/\/www.entroncamentoonline.pt\/portal\/wp-json\/wp\/v2\/media?parent=42786"}],"wp:term":[{"taxonomy":"category","embeddable":true,"href":"https:\/\/www.entroncamentoonline.pt\/portal\/wp-json\/wp\/v2\/categories?post=42786"},{"taxonomy":"post_tag","embeddable":true,"href":"https:\/\/www.entroncamentoonline.pt\/portal\/wp-json\/wp\/v2\/tags?post=42786"}],"curies":[{"name":"wp","href":"https:\/\/api.w.org\/{rel}","templated":true}]}}