{"id":42713,"date":"2021-11-12T18:29:28","date_gmt":"2021-11-12T18:29:28","guid":{"rendered":"https:\/\/www.entroncamentoonline.pt\/portal\/?p=42713"},"modified":"2021-11-23T08:21:18","modified_gmt":"2021-11-23T08:21:18","slug":"plantacao-da-99a-oliveira-dia-16-na-azinhaga-assinala-centenario-de-jose-saramago","status":"publish","type":"post","link":"https:\/\/www.entroncamentoonline.pt\/portal\/plantacao-da-99a-oliveira-dia-16-na-azinhaga-assinala-centenario-de-jose-saramago\/","title":{"rendered":"Planta\u00e7\u00e3o da 99\u00aa oliveira dia 16 na Azinhaga assinala centen\u00e1rio de Jos\u00e9 Saramago"},"content":{"rendered":"<p>O in\u00edcio do Centen\u00e1rio, no dia em que Jos\u00e9 Saramago faria 99 anos, ser\u00e1 celebrado na aldeia que o viu nascer com as \u201cLeituras Centen\u00e1rias\u201d, entre as 10h e as 11h no Agrupamento de Escolas da Goleg\u00e3, Azinhaga e Pombalinho, uma iniciativa que acontece em centenas de escolas, em Portugal, Lanzarote e noutros locais do mundo, e com a planta\u00e7\u00e3o da 99\u00aa oliveira numa das ruas principais da aldeia, nesta que \u00e9 a vontade da Funda\u00e7\u00e3o em plantar \u201c100 oliveiras para Saramago\u201d na Azinhaga:<\/p>\n<p>\u201cA minha aldeia era rodeada de olivais, com oliveiras antigas de troncos enormes. Elas desapareceram. Senti-me como se me tivessem roubado a inf\u00e2ncia. Hectares e hectares de oliveiras desapareceram para dar lugar a culturas mais lucrativas. A aldeia n\u00e3o mudou tanto, foi a paisagem que mudou.<\/p>\n<p>E essa mudan\u00e7a radical na paisagem foi, para mim, uma esp\u00e9cie de golpe no cora\u00e7\u00e3o.\u201d \u2014 Jos\u00e9 Saramago.<\/p>\n<p>\u00c0 semelhan\u00e7a da maioria das restantes, a 99\u00aa oliveira ser\u00e1 plantada pelas 12h30 na Rua V\u00edtor Guia, na Azinhaga.<\/p>\n<p>Em cada uma destas oliveiras, que levar\u00e1 o nome de uma personagem saramaguiana, voltar\u00e1 a habitar o esp\u00edrito do av\u00f4 Jer\u00f3nimo e da av\u00f3 Josefa, e o lagarto verde voltar\u00e1 a ser visto entre os troncos retorcidos destas oliveiras. No dia 16 de Novembro de 2022 ser\u00e1 plantada a cent\u00e9sima oliveira na Azinhaga que receber\u00e1 o nome de Josefa, av\u00f3 materna de Jos\u00e9 Saramago.<\/p>\n<p>O projeto \u201cCem oliveiras para Saramago\u201d \u00e9 uma parceira entre a Funda\u00e7\u00e3o Jos\u00e9 Saramago, C\u00e2mara Municipal da Goleg\u00e3 e Junta de Freguesia da Azinhaga, com o extraordin\u00e1rio apoio de Manuel Coimbra que ofereceu as cem oliveiras.<\/p>\n<p>Tal como referido, entre as 10h e as 11h, em centenas de escolas, em Portugal, em Lanzarote e noutros locais do mundo, ter\u00e1 lugar a a\u00e7\u00e3o \u201cLeituras Centen\u00e1rias\u201d: alunos do Ensino B\u00e1sico ler\u00e3o, em simult\u00e2neo, o conto \u201cA Maior Flor do Mundo\u201d. Esta \u00e9 uma parceria da Funda\u00e7\u00e3o Jos\u00e9 Saramago com a Rede de Bibliotecas Escolares e com o Plano Nacional de Leitura.<\/p>\n<p>Ao longo do dia 16, as sete bibliotecas da Rede de Bibliotecas Jos\u00e9 Saramago em Almada, Avis, Beja, Leiria, Loures, Montemor-o-Novo e Odemira promovem diversas atividades, com destaque para aquelas que se realizam \u00e0s 18h (leituras encenadas, maratonas de leitura, leituras pelas redes sociais, etc.).<\/p>\n<p>Pelas 20h, no S\u00e3o Luiz Teatro Municipal, em Lisboa, ser\u00e1 a Sess\u00e3o de Abertura do Centen\u00e1rio com a escritora Irene Vallejo ler\u00e1 um Manifesto pela Leitura; segue-se um concerto pela Orquestra Metropolitana de Lisboa, dirigida pelo maestro Pedro Neves. O programa \u00e9 composto por \u201cAs Sete \u00daltimas Palavras de Cristo na Cruz\u201d, de Joseph Haydn, com leitura de textos de Jos\u00e9 Saramago pela atriz Suzana Borges. Esta \u00e9 uma parceria da Funda\u00e7\u00e3o Jos\u00e9 Saramago com a C\u00e2mara Municipal de Lisboa.<\/p>\n<p>Toda a programa\u00e7\u00e3o do Centen\u00e1rio pode ser consultada <a href=\"http:\/\/www.josesaramago.org\">AQUI<\/a>.<\/p>\n<div class=\"fb-background-color\">\n\t\t\t  <div \n\t\t\t  \tclass = \"fb-comments\" \n\t\t\t  \tdata-href = \"https:\/\/www.entroncamentoonline.pt\/portal\/plantacao-da-99a-oliveira-dia-16-na-azinhaga-assinala-centenario-de-jose-saramago\/\"\n\t\t\t  \tdata-numposts = \"10\"\n\t\t\t  \tdata-lazy = \"true\"\n\t\t\t\tdata-colorscheme = \"light\"\n\t\t\t\tdata-order-by = \"social\"\n\t\t\t\tdata-mobile=true>\n\t\t\t  <\/div><\/div>\n\t\t  <style>\n\t\t    .fb-background-color {\n\t\t\t\tbackground:  !important;\n\t\t\t}\n\t\t\t.fb_iframe_widget_fluid_desktop iframe {\n\t\t\t    width: 100% !important;\n\t\t\t}\n\t\t  <\/style>\n\t\t  ","protected":false},"excerpt":{"rendered":"<p>O in\u00edcio do Centen\u00e1rio, no dia em que Jos\u00e9 Saramago faria 99 anos, ser\u00e1 celebrado na aldeia que o viu nascer com as \u201cLeituras Centen\u00e1rias\u201d, entre as 10h e as 11h no Agrupamento de Escolas da Goleg\u00e3, Azinhaga e Pombalinho, uma iniciativa que acontece em centenas de escolas, em Portugal, Lanzarote e noutros locais do [&hellip;]<\/p>\n","protected":false},"author":1,"featured_media":42714,"comment_status":"open","ping_status":"closed","sticky":false,"template":"","format":"standard","meta":{"_acf_changed":false,"footnotes":""},"categories":[1],"tags":[],"class_list":{"0":"post-42713","1":"post","2":"type-post","3":"status-publish","4":"format-standard","5":"has-post-thumbnail","7":"category-sem-categoria"},"acf":[],"_links":{"self":[{"href":"https:\/\/www.entroncamentoonline.pt\/portal\/wp-json\/wp\/v2\/posts\/42713","targetHints":{"allow":["GET"]}}],"collection":[{"href":"https:\/\/www.entroncamentoonline.pt\/portal\/wp-json\/wp\/v2\/posts"}],"about":[{"href":"https:\/\/www.entroncamentoonline.pt\/portal\/wp-json\/wp\/v2\/types\/post"}],"author":[{"embeddable":true,"href":"https:\/\/www.entroncamentoonline.pt\/portal\/wp-json\/wp\/v2\/users\/1"}],"replies":[{"embeddable":true,"href":"https:\/\/www.entroncamentoonline.pt\/portal\/wp-json\/wp\/v2\/comments?post=42713"}],"version-history":[{"count":0,"href":"https:\/\/www.entroncamentoonline.pt\/portal\/wp-json\/wp\/v2\/posts\/42713\/revisions"}],"wp:featuredmedia":[{"embeddable":true,"href":"https:\/\/www.entroncamentoonline.pt\/portal\/wp-json\/wp\/v2\/media\/42714"}],"wp:attachment":[{"href":"https:\/\/www.entroncamentoonline.pt\/portal\/wp-json\/wp\/v2\/media?parent=42713"}],"wp:term":[{"taxonomy":"category","embeddable":true,"href":"https:\/\/www.entroncamentoonline.pt\/portal\/wp-json\/wp\/v2\/categories?post=42713"},{"taxonomy":"post_tag","embeddable":true,"href":"https:\/\/www.entroncamentoonline.pt\/portal\/wp-json\/wp\/v2\/tags?post=42713"}],"curies":[{"name":"wp","href":"https:\/\/api.w.org\/{rel}","templated":true}]}}