{"id":42504,"date":"2021-11-09T14:48:34","date_gmt":"2021-11-09T14:48:34","guid":{"rendered":"https:\/\/www.entroncamentoonline.pt\/portal\/?p=42504"},"modified":"2021-11-16T09:19:41","modified_gmt":"2021-11-16T09:19:41","slug":"novos-orgaos-socias-da-caixa-de-credito-agricola-do-ribatejo-norte-e-tramagal-tomam-posse","status":"publish","type":"post","link":"https:\/\/www.entroncamentoonline.pt\/portal\/novos-orgaos-socias-da-caixa-de-credito-agricola-do-ribatejo-norte-e-tramagal-tomam-posse\/","title":{"rendered":"Novos \u00f3rg\u00e3os sociais da Caixa de Cr\u00e9dito Agr\u00edcola do Ribatejo Norte e Tramagal tomam posse"},"content":{"rendered":"<p>Na sede social da Caixa Agr\u00edcola do Ribatejo Norte e Tramagal, em Torres Novas, decorreu \u00a0a tomada de posse dos \u00f3rg\u00e3os sociais para o mandato 2020-2022. Nesta cerim\u00f3nia estiveram presentes, Lic\u00ednio Pina, presidente do CAE da Caixa Central, Pedro Ferreira, presidente da CM Torres Novas e ADIRN, Maria da Concei\u00e7\u00e3o Pereira, Diretora geral da Tagus, Lu\u00eds Damas, presidente da Associa\u00e7\u00e3o de Agricultores do concelho de Abrantes, Const\u00e2ncia, Ma\u00e7\u00e3o e Sardoal, Jos\u00e9 Eduardo Carvalho, presidente da AIP Associa\u00e7\u00e3o Industrial Portuguesa, Ant\u00f3nio Campos, em representa\u00e7\u00e3o da NERSANT, Jo\u00e3o Guerra, presidente do CA da CCAM Nordeste Alentejano, Nuno Fazenda, presidente do CA da CCAM Pernes e Alcanh\u00f5es e Jo\u00e3o Gante, presidente do CA da CCAM Pombal.<\/p>\n<figure id=\"attachment_42505\" aria-describedby=\"caption-attachment-42505\" style=\"width: 450px\" class=\"wp-caption alignright\"><img loading=\"lazy\" decoding=\"async\" class=\"wp-image-42505 size-full\" src=\"https:\/\/www.entroncamentoonline.pt\/portal\/wp-content\/uploads\/2021\/11\/AGCAT2.jpg\" alt=\"\" width=\"450\" height=\"335\" srcset=\"https:\/\/www.entroncamentoonline.pt\/portal\/wp-content\/uploads\/2021\/11\/AGCAT2.jpg 450w, https:\/\/www.entroncamentoonline.pt\/portal\/wp-content\/uploads\/2021\/11\/AGCAT2-80x60.jpg 80w, https:\/\/www.entroncamentoonline.pt\/portal\/wp-content\/uploads\/2021\/11\/AGCAT2-265x198.jpg 265w\" sizes=\"auto, (max-width: 450px) 100vw, 450px\" \/><figcaption id=\"caption-attachment-42505\" class=\"wp-caption-text\">Foto Carla Paix\u00e3o<\/figcaption><\/figure>\n<p>Jos\u00e9 Luiz Jacinto, presidente do Conselho de Administra\u00e7\u00e3o da Caixa do Ribatejo Norte, apontou como principais desafios para o futuro o crescimento sustentado, com preocupa\u00e7\u00f5es ambientais, \u00e9ticas e sociais. Recordou a hist\u00f3ria de 107 anos desta Caixa, a qual tem hoje mais de nove mil associados e com um ativo superior a 210 milh\u00f5es de euros. A Caixa Agr\u00edcola \u00e9 uma institui\u00e7\u00e3o banc\u00e1ria regional, que est\u00e1 ao lado dos seus s\u00f3cios e clientes, nos mais variados setores de atividade e projetos pessoais e familiares, dispondo hoje de uma vasta e rica pan\u00f3plia de produtos e servi\u00e7os.<\/p>\n<p>Lic\u00ednio Pina, presidente do Conselho de Administra\u00e7\u00e3o Executivo da Caixa Central de Cr\u00e9dito Agr\u00edcola M\u00fatuo, referiu que esta foi a sua primeira sess\u00e3o p\u00fablica ap\u00f3s o in\u00edcio da pandemia, mas que estava com muita confian\u00e7a no futuro da Caixa Agr\u00edcola do Ribatejo Norte e Tramagal, e de todo o grupo, que \u00e9 hoje o maior grupo financeiro que est\u00e1 a ser supervisionado pelo Banco de Portugal.<\/p>\n<p>No final seguiu-se um pequeno beberete exclusivamente com produtos regionais.<\/p>\n<p style=\"text-align: center;\"><strong>\u00d3RG\u00c3OS SOCIAIS DA CCAM RIBATEJO NORTE E TRAMAGAL<\/strong><\/p>\n<h6 style=\"text-align: left;\"><strong>Tri\u00e9nio 2020-2022<\/strong><\/h6>\n<p><strong>Assembleia Geral<\/strong><br \/>\nJos\u00e9 Jacinto Freire Rodrigues<br \/>\nCarlos Ant\u00f3nio Barroso Mendes<br \/>\nJos\u00e9 Valente de Castro Vidal<\/p>\n<p><strong>Administra\u00e7\u00e3o<\/strong><br \/>\nJos\u00e9 Luiz Rodrigues Jacinto<br \/>\nJo\u00e3o Nuno Rodrigues Maia Alcaravela<br \/>\nBas\u00edlio Miguel da Concei\u00e7\u00e3o Pereira<br \/>\nRenata Sofia Alves Salgueiro<br \/>\nSuplente: Patr\u00edcia Isabel Picton Santos<\/p>\n<p><strong>Conselho Fiscal<\/strong><br \/>\nPaulo Alexandre Marques Bispo<br \/>\nJo\u00e3o Carlos Maur\u00edcio dos Santos<br \/>\nAnita Oliveira Fernandes de Vasconcelos Correia<br \/>\nSuplente: Ana Maria Tomaz Mo\u00e7o<\/p>\n<div class=\"fb-background-color\">\n\t\t\t  <div \n\t\t\t  \tclass = \"fb-comments\" \n\t\t\t  \tdata-href = \"https:\/\/www.entroncamentoonline.pt\/portal\/novos-orgaos-socias-da-caixa-de-credito-agricola-do-ribatejo-norte-e-tramagal-tomam-posse\/\"\n\t\t\t  \tdata-numposts = \"10\"\n\t\t\t  \tdata-lazy = \"true\"\n\t\t\t\tdata-colorscheme = \"light\"\n\t\t\t\tdata-order-by = \"social\"\n\t\t\t\tdata-mobile=true>\n\t\t\t  <\/div><\/div>\n\t\t  <style>\n\t\t    .fb-background-color {\n\t\t\t\tbackground:  !important;\n\t\t\t}\n\t\t\t.fb_iframe_widget_fluid_desktop iframe {\n\t\t\t    width: 100% !important;\n\t\t\t}\n\t\t  <\/style>\n\t\t  ","protected":false},"excerpt":{"rendered":"<p>Na sede social da Caixa Agr\u00edcola do Ribatejo Norte e Tramagal, em Torres Novas, decorreu \u00a0a tomada de posse dos \u00f3rg\u00e3os sociais para o mandato 2020-2022. Nesta cerim\u00f3nia estiveram presentes, Lic\u00ednio Pina, presidente do CAE da Caixa Central, Pedro Ferreira, presidente da CM Torres Novas e ADIRN, Maria da Concei\u00e7\u00e3o Pereira, Diretora geral da Tagus, [&hellip;]<\/p>\n","protected":false},"author":1,"featured_media":42506,"comment_status":"open","ping_status":"closed","sticky":false,"template":"","format":"standard","meta":{"_acf_changed":false,"footnotes":""},"categories":[50,71],"tags":[],"class_list":{"0":"post-42504","1":"post","2":"type-post","3":"status-publish","4":"format-standard","5":"has-post-thumbnail","7":"category-atividade-comercial","8":"category-outras-noticias"},"acf":[],"_links":{"self":[{"href":"https:\/\/www.entroncamentoonline.pt\/portal\/wp-json\/wp\/v2\/posts\/42504","targetHints":{"allow":["GET"]}}],"collection":[{"href":"https:\/\/www.entroncamentoonline.pt\/portal\/wp-json\/wp\/v2\/posts"}],"about":[{"href":"https:\/\/www.entroncamentoonline.pt\/portal\/wp-json\/wp\/v2\/types\/post"}],"author":[{"embeddable":true,"href":"https:\/\/www.entroncamentoonline.pt\/portal\/wp-json\/wp\/v2\/users\/1"}],"replies":[{"embeddable":true,"href":"https:\/\/www.entroncamentoonline.pt\/portal\/wp-json\/wp\/v2\/comments?post=42504"}],"version-history":[{"count":0,"href":"https:\/\/www.entroncamentoonline.pt\/portal\/wp-json\/wp\/v2\/posts\/42504\/revisions"}],"wp:featuredmedia":[{"embeddable":true,"href":"https:\/\/www.entroncamentoonline.pt\/portal\/wp-json\/wp\/v2\/media\/42506"}],"wp:attachment":[{"href":"https:\/\/www.entroncamentoonline.pt\/portal\/wp-json\/wp\/v2\/media?parent=42504"}],"wp:term":[{"taxonomy":"category","embeddable":true,"href":"https:\/\/www.entroncamentoonline.pt\/portal\/wp-json\/wp\/v2\/categories?post=42504"},{"taxonomy":"post_tag","embeddable":true,"href":"https:\/\/www.entroncamentoonline.pt\/portal\/wp-json\/wp\/v2\/tags?post=42504"}],"curies":[{"name":"wp","href":"https:\/\/api.w.org\/{rel}","templated":true}]}}