{"id":42481,"date":"2021-11-08T18:48:29","date_gmt":"2021-11-08T18:48:29","guid":{"rendered":"https:\/\/www.entroncamentoonline.pt\/portal\/?p=42481"},"modified":"2021-11-29T13:51:55","modified_gmt":"2021-11-29T13:51:55","slug":"torres-novas-iv-festival-gastronomico-das-couves-com-feijoes-em-42-restaurantes","status":"publish","type":"post","link":"https:\/\/www.entroncamentoonline.pt\/portal\/torres-novas-iv-festival-gastronomico-das-couves-com-feijoes-em-42-restaurantes\/","title":{"rendered":"Torres Novas | IV Festival Gastron\u00f3mico das Couves com Feij\u00f5es em 42 restaurantes"},"content":{"rendered":"<p>O Munic\u00edpio de Torres Novas organiza, entre os dias 19 e 28 de novembro, o IV Festival Gastron\u00f3mico das Couves com Feij\u00f5es, que decorrer\u00e1 em 42 restaurantes aderentes.<\/p>\n<p>Este festival visa contribuir para a afirma\u00e7\u00e3o e preserva\u00e7\u00e3o de um dos pratos t\u00edpicos da gastronomia torrejana e conta com o envolvimento da Confraria das Couves com Feij\u00f5es de Carvalhal da Aroeira.<\/p>\n<p>Ao longo dos 10 dias da iniciativa, as couves com feij\u00f5es podem ser degustadas nos estabelecimentos aderentes sob as mais variadas formas e com os mais diversos acompanhamentos.<\/p>\n<p>Os restaurantes aderentes s\u00e3o:<\/p>\n<p><strong>A Baiana<\/strong>: couves com feij\u00f5es com petinga assada no forno ou bacalhau no forno \u2502 requentado \u00e0 Baiana (dispon\u00edvel durante a semana) \u2502 sopa de couves com feij\u00f5es (dispon\u00edvel ao fim de semana)<\/p>\n<p><strong>A Brasa<\/strong>: sopa de couves com feij\u00f5es com petinga no forno, petinga albardada, petinga assada na brasa<\/p>\n<p><strong>A Gamela dos Sonhos<\/strong>: sopa de couves com feij\u00f5es com petinga frita ou bacalhau assado (dispon\u00edvel \u00e0 quarta, ao s\u00e1bado e ao domingo ao almo\u00e7o)<\/p>\n<p><strong>A Tasca do Xico<\/strong>: couves com feij\u00f5es com bacalhau assado (dispon\u00edvel \u00e0 quinta)<\/p>\n<p><strong>A Tert\u00falia do Nabeiro<\/strong>: couves com feij\u00f5es \u2502 requentado com petinga frita ou no forno ou pataniscas de bacalhau (dispon\u00edvel durante a semana) \u2502 couves com feij\u00f5es com bacalhau assado (dispon\u00edvel ao fim de semana)<\/p>\n<p><strong>Alecrim<\/strong>: couve com feij\u00e3o com petingas ou carapauzinhos (dispon\u00edvel \u00e0 ter\u00e7a e \u00e0 quinta) \u2502 couves com feij\u00e3o com grelhada mista de porco (dispon\u00edvel \u00e0 quarta e \u00e0 sexta) \u2502 ossos cozidos nas couves com feij\u00e3o (dispon\u00edvel \u00e0 sexta) \u2502 couves com feij\u00e3o com bacalhau azeite e alho (dispon\u00edvel ao s\u00e1bado e ao domingo)<\/p>\n<p><strong>Almonda Grill<\/strong>: sopa de couves com feij\u00f5es com bacalhau assado ou petinga no forno (dispon\u00edvel \u00e0 sexta ao almo\u00e7o)<\/p>\n<p><strong>Babalhau By Chef Lurdes<\/strong>: requentado \u00e0 Babalhau com jaquinzinhos, entrecosto frito, bacalhau assado, filetes fritos<\/p>\n<p><strong>Batista<\/strong>: couves com feij\u00f5es com petinga no forno (dispon\u00edvel sexta dia 19 ao almo\u00e7o) \u2502 requentado com bacalhau assado (dispon\u00edvel \u00e0 ter\u00e7a ao almo\u00e7o) \u2502 couves com feij\u00f5es com bacalhau assado (dispon\u00edvel \u00e0 quinta ao almo\u00e7o) \u2502 requentado com carapaus fritos (dispon\u00edvel sexta dia 26 ao almo\u00e7o)<\/p>\n<p><strong>Bras\u00e3o Real<\/strong>: couves com feij\u00f5es com crocante de broa, com petingas albardadas ou no forno, bacalhau assado na brasa, entrecosto frito<\/p>\n<p><strong>Caba\u00e7a&#8217;s<\/strong>: sopa de couves com feij\u00f5es<\/p>\n<p><strong>Casa das Enguias<\/strong>: sopa de couves com feij\u00f5es com enguia frita ou grelhada, fata\u00e7a frita ou grelhada, chocos grelhados, bacalhau grelhado, lombo de atum grelhado, entrecosto, costeleta de novilho, costeletas de borrego<\/p>\n<p><strong>De\u2019Gustar<\/strong>: couves com feij\u00e3o com bacalhau<\/p>\n<p><strong>Dom Gula<\/strong>: couve com feij\u00e3o com pataniscas de bacalhau (dispon\u00edvel \u00e0 sexta ao almo\u00e7o) \u2502 couve com feij\u00e3o com bacalhau assado (dispon\u00edvel ao domingo ao almo\u00e7o)<\/p>\n<p><strong>Gula Santa<\/strong>: couve com feij\u00e3o com bacalhau confitado (dispon\u00edvel de ter\u00e7a a sexta das 17h \u00e0s 23h e ao s\u00e1bado das 12h \u00e0s 23h)<\/p>\n<p><strong>Hotel Torres Novas &#8211; Restaurante<\/strong>: requentado com bacalhau assado<\/p>\n<p><strong>Inprov\u00e1vel<\/strong>: couves com feij\u00f5es com bacalhau confitado (dispon\u00edvel ao fim de semana e durante a semana por encomenda)<\/p>\n<p><strong>Mamma Mia<\/strong>: sopa de couves com feij\u00f5es com petinga no forno ou bacalhau \u2502 requentado de couves com feij\u00f5es (dispon\u00edveis ao fim de semana e durante a semana por encomenda)<\/p>\n<p><strong>M\u00e1rio Alturas<\/strong>: sopa de couves com feij\u00f5es<\/p>\n<p><strong>Marisqueira Aqu\u00e1rio<\/strong>: sopa de couves com feij\u00f5es<\/p>\n<p><strong>Mestre Petisqueiro<\/strong>: couves com feij\u00f5es \u2502 requentado com bacalhau assado ou petinga frita<\/p>\n<p><strong>Mosteiro do Leit\u00e3o<\/strong>: polvo e couves com feij\u00f5es<\/p>\n<p><strong>O Barril<\/strong>: couves com feij\u00f5es com bacalhau assado, petinga assada ou frita<\/p>\n<p><strong>O Cantinho do Pereira<\/strong>: sopa de couves com feij\u00f5es com petinga frita ou past\u00e9is de bacalhau<\/p>\n<p><strong>O Pocinho<\/strong>: sopa de couves com feij\u00e3o \u2502 requentado com bacalhau assado ou petingas no forno (dispon\u00edveis \u00e0 sexta e ao s\u00e1bado)<\/p>\n<p><strong>Papa-Figos<\/strong>: couves com feij\u00e3o, cogumelos e chamb\u00e3o de borrego assado no forno<\/p>\n<p><strong>Pizzaria Di Napoli<\/strong>: sopa de couves com feij\u00f5es<\/p>\n<p><strong>Pl\u00e1tano<\/strong>: sopa de couves com feij\u00f5es com bacalhau lascado grelhado<\/p>\n<p><strong>Restaurante Nersant<\/strong>: couves com feij\u00e3o com bacalhau assado \u2502 requentado com bacalhau assado<\/p>\n<p><strong>Retiro da Ti Lena<\/strong>: sopa de couves com feij\u00f5es com petinga ou bacalhau assado \u2502 requentado com petinga ou bacalhau assado<\/p>\n<p><strong>Rica Sandes<\/strong>: sopa de couves com feij\u00f5es<\/p>\n<p><strong>Ritonicho<\/strong>: bacalhau assado com couves com feij\u00f5es<\/p>\n<p><strong>Saborearte<\/strong>: sopa de couves com feij\u00f5es \u2502 entrecosto ou roj\u00f5es com requentado \u00e0 Saborearte<\/p>\n<p><strong>Sabores do Terminal<\/strong>: couves com feij\u00e3o e bacalhau assado (dispon\u00edvel sexta, dia 19) \u2502 sopa de couves com feij\u00e3o (dispon\u00edvel \u00e0 segunda) \u2502 couves com feij\u00e3o com farofa de banana e vitela estufada (dispon\u00edvel sexta, dia 26)<\/p>\n<p><strong>S\u00e9culo XXI<\/strong>: couves com feij\u00e3o com petingas no forno<\/p>\n<p><strong>Seven<\/strong> &#8211; Esplanada: couves com feij\u00f5es com bacalhau assado<\/p>\n<p><strong>Solar da Valada<\/strong>: couves com feij\u00f5es com vitela dos A\u00e7ores grelhada ou bacalhau grelhado<\/p>\n<p><strong>Sopas &amp; Saladas<\/strong>: sopa de couves com feij\u00f5es | requentado com jaquinzinhos e ou petinga (dispon\u00edveis em dias alternados)<\/p>\n<p><strong>Taberna Refinfa<\/strong>: couve com feij\u00e3o com petinga frita (dispon\u00edvel \u00e0 segunda) \u2502 couve com feij\u00e3o com petinga assada no forno (dispon\u00edvel sexta, dia 26)<\/p>\n<p><strong>Taverna do Av\u00f4<\/strong>: sopa de couves com feij\u00f5es \u2502 requentado com bacalhau assado ou petinga no forno<\/p>\n<p><strong>Temperos da Luz<\/strong>: sopa de couves com feij\u00f5es com petinga no forno \u2502 requentado com roj\u00f5es \u00e0 Luz (dispon\u00edveis \u00e0 segunda, quarta e sexta)<\/p>\n<p><strong>Vieira dos Frangos<\/strong>: sopa de couves com feij\u00f5es (dispon\u00edvel sexta, dia 19, \u00e0 segunda e \u00e0 quarta) \u2502 requentado com filetes de pescada frita (dispon\u00edvel s\u00e1bado, dia 20) \u2502 requentado com bacalhau frito (dispon\u00edvel \u00e0 ter\u00e7a) \u2502 requentado com petingas fritas (dispon\u00edvel \u00e0 quinta) \u2502 requentado com carne de alguidar (dispon\u00edvel sexta, dia 26) \u2502 couves com feij\u00e3o com lombo de porco assado (dispon\u00edvel s\u00e1bado, dia 27).<\/p>\n<p>Para informa\u00e7\u00f5es mais completas sobre a localiza\u00e7\u00e3o e contactos de cada restaurante, <a href=\"https:\/\/cm-torresnovas.pt\/index.php\/component\/icagenda\/1299-iv-festival-gastronomico-das-couves-com-feijoes?Itemid=1103\">AQUI.<\/a><\/p>\n<div class=\"fb-background-color\">\n\t\t\t  <div \n\t\t\t  \tclass = \"fb-comments\" \n\t\t\t  \tdata-href = \"https:\/\/www.entroncamentoonline.pt\/portal\/torres-novas-iv-festival-gastronomico-das-couves-com-feijoes-em-42-restaurantes\/\"\n\t\t\t  \tdata-numposts = \"10\"\n\t\t\t  \tdata-lazy = \"true\"\n\t\t\t\tdata-colorscheme = \"light\"\n\t\t\t\tdata-order-by = \"social\"\n\t\t\t\tdata-mobile=true>\n\t\t\t  <\/div><\/div>\n\t\t  <style>\n\t\t    .fb-background-color {\n\t\t\t\tbackground:  !important;\n\t\t\t}\n\t\t\t.fb_iframe_widget_fluid_desktop iframe {\n\t\t\t    width: 100% !important;\n\t\t\t}\n\t\t  <\/style>\n\t\t  ","protected":false},"excerpt":{"rendered":"<p>O Munic\u00edpio de Torres Novas organiza, entre os dias 19 e 28 de novembro, o IV Festival Gastron\u00f3mico das Couves com Feij\u00f5es, que decorrer\u00e1 em 42 restaurantes aderentes. Este festival visa contribuir para a afirma\u00e7\u00e3o e preserva\u00e7\u00e3o de um dos pratos t\u00edpicos da gastronomia torrejana e conta com o envolvimento da Confraria das Couves com [&hellip;]<\/p>\n","protected":false},"author":1,"featured_media":42483,"comment_status":"open","ping_status":"closed","sticky":false,"template":"","format":"standard","meta":{"_acf_changed":false,"footnotes":""},"categories":[1],"tags":[],"class_list":{"0":"post-42481","1":"post","2":"type-post","3":"status-publish","4":"format-standard","5":"has-post-thumbnail","7":"category-sem-categoria"},"acf":[],"_links":{"self":[{"href":"https:\/\/www.entroncamentoonline.pt\/portal\/wp-json\/wp\/v2\/posts\/42481","targetHints":{"allow":["GET"]}}],"collection":[{"href":"https:\/\/www.entroncamentoonline.pt\/portal\/wp-json\/wp\/v2\/posts"}],"about":[{"href":"https:\/\/www.entroncamentoonline.pt\/portal\/wp-json\/wp\/v2\/types\/post"}],"author":[{"embeddable":true,"href":"https:\/\/www.entroncamentoonline.pt\/portal\/wp-json\/wp\/v2\/users\/1"}],"replies":[{"embeddable":true,"href":"https:\/\/www.entroncamentoonline.pt\/portal\/wp-json\/wp\/v2\/comments?post=42481"}],"version-history":[{"count":0,"href":"https:\/\/www.entroncamentoonline.pt\/portal\/wp-json\/wp\/v2\/posts\/42481\/revisions"}],"wp:featuredmedia":[{"embeddable":true,"href":"https:\/\/www.entroncamentoonline.pt\/portal\/wp-json\/wp\/v2\/media\/42483"}],"wp:attachment":[{"href":"https:\/\/www.entroncamentoonline.pt\/portal\/wp-json\/wp\/v2\/media?parent=42481"}],"wp:term":[{"taxonomy":"category","embeddable":true,"href":"https:\/\/www.entroncamentoonline.pt\/portal\/wp-json\/wp\/v2\/categories?post=42481"},{"taxonomy":"post_tag","embeddable":true,"href":"https:\/\/www.entroncamentoonline.pt\/portal\/wp-json\/wp\/v2\/tags?post=42481"}],"curies":[{"name":"wp","href":"https:\/\/api.w.org\/{rel}","templated":true}]}}