{"id":42302,"date":"2021-11-05T10:20:17","date_gmt":"2021-11-05T10:20:17","guid":{"rendered":"https:\/\/www.entroncamentoonline.pt\/portal\/?p=42302"},"modified":"2021-11-06T08:51:56","modified_gmt":"2021-11-06T08:51:56","slug":"golega-ministra-da-agricultura-inaugura-feira-nacional-do-cavalo","status":"publish","type":"post","link":"https:\/\/www.entroncamentoonline.pt\/portal\/golega-ministra-da-agricultura-inaugura-feira-nacional-do-cavalo\/","title":{"rendered":"Goleg\u00e3 | Ministra da Agricultura inaugura Feira Nacional do Cavalo"},"content":{"rendered":"<p>A Ministra da Agricultura, Maria do C\u00e9u Antunes, inaugura esta sexta-feira, dia 5 de novembro, a XLV edi\u00e7\u00e3o da Feira Nacional do Cavalo, organizada pela C\u00e2mara Municipal da Goleg\u00e3.<\/p>\n<p>A inaugura\u00e7\u00e3o da XLV Feira Nacional do Cavalo ocorrer\u00e1 pelas 17 horas, na Rotunda do Cavalo na Goleg\u00e3.<\/p>\n<div class=\"fb-background-color\">\n\t\t\t  <div \n\t\t\t  \tclass = \"fb-comments\" \n\t\t\t  \tdata-href = \"https:\/\/www.entroncamentoonline.pt\/portal\/golega-ministra-da-agricultura-inaugura-feira-nacional-do-cavalo\/\"\n\t\t\t  \tdata-numposts = \"10\"\n\t\t\t  \tdata-lazy = \"true\"\n\t\t\t\tdata-colorscheme = \"light\"\n\t\t\t\tdata-order-by = \"social\"\n\t\t\t\tdata-mobile=true>\n\t\t\t  <\/div><\/div>\n\t\t  <style>\n\t\t    .fb-background-color {\n\t\t\t\tbackground:  !important;\n\t\t\t}\n\t\t\t.fb_iframe_widget_fluid_desktop iframe {\n\t\t\t    width: 100% !important;\n\t\t\t}\n\t\t  <\/style>\n\t\t  ","protected":false},"excerpt":{"rendered":"<p>A Ministra da Agricultura, Maria do C\u00e9u Antunes, inaugura esta sexta-feira, dia 5 de novembro, a XLV edi\u00e7\u00e3o da Feira Nacional do Cavalo, organizada pela C\u00e2mara Municipal da Goleg\u00e3. A inaugura\u00e7\u00e3o da XLV Feira Nacional do Cavalo ocorrer\u00e1 pelas 17 horas, na Rotunda do Cavalo na Goleg\u00e3.<\/p>\n","protected":false},"author":1,"featured_media":42303,"comment_status":"open","ping_status":"closed","sticky":false,"template":"","format":"standard","meta":{"_acf_changed":false,"footnotes":""},"categories":[1],"tags":[],"class_list":{"0":"post-42302","1":"post","2":"type-post","3":"status-publish","4":"format-standard","5":"has-post-thumbnail","7":"category-sem-categoria"},"acf":[],"_links":{"self":[{"href":"https:\/\/www.entroncamentoonline.pt\/portal\/wp-json\/wp\/v2\/posts\/42302","targetHints":{"allow":["GET"]}}],"collection":[{"href":"https:\/\/www.entroncamentoonline.pt\/portal\/wp-json\/wp\/v2\/posts"}],"about":[{"href":"https:\/\/www.entroncamentoonline.pt\/portal\/wp-json\/wp\/v2\/types\/post"}],"author":[{"embeddable":true,"href":"https:\/\/www.entroncamentoonline.pt\/portal\/wp-json\/wp\/v2\/users\/1"}],"replies":[{"embeddable":true,"href":"https:\/\/www.entroncamentoonline.pt\/portal\/wp-json\/wp\/v2\/comments?post=42302"}],"version-history":[{"count":0,"href":"https:\/\/www.entroncamentoonline.pt\/portal\/wp-json\/wp\/v2\/posts\/42302\/revisions"}],"wp:featuredmedia":[{"embeddable":true,"href":"https:\/\/www.entroncamentoonline.pt\/portal\/wp-json\/wp\/v2\/media\/42303"}],"wp:attachment":[{"href":"https:\/\/www.entroncamentoonline.pt\/portal\/wp-json\/wp\/v2\/media?parent=42302"}],"wp:term":[{"taxonomy":"category","embeddable":true,"href":"https:\/\/www.entroncamentoonline.pt\/portal\/wp-json\/wp\/v2\/categories?post=42302"},{"taxonomy":"post_tag","embeddable":true,"href":"https:\/\/www.entroncamentoonline.pt\/portal\/wp-json\/wp\/v2\/tags?post=42302"}],"curies":[{"name":"wp","href":"https:\/\/api.w.org\/{rel}","templated":true}]}}