{"id":42234,"date":"2021-11-03T17:36:00","date_gmt":"2021-11-03T17:36:00","guid":{"rendered":"https:\/\/www.entroncamentoonline.pt\/portal\/?p=42234"},"modified":"2021-11-06T12:59:14","modified_gmt":"2021-11-06T12:59:14","slug":"entroncamento-jardim-calouste-gulbenkian-inaugurado-no-proximo-sabado","status":"publish","type":"post","link":"https:\/\/www.entroncamentoonline.pt\/portal\/entroncamento-jardim-calouste-gulbenkian-inaugurado-no-proximo-sabado\/","title":{"rendered":"Entroncamento | Jardim Calouste Gulbenkian inaugurado no pr\u00f3ximo s\u00e1bado"},"content":{"rendered":"<p>O Jardim Calouste Gulbenkian na rua Dr Francisco S\u00e1 Carneiro, quase em frente ao Lidl, no Entroncamento, ser\u00e1 inaugurado na manh\u00e3 deste s\u00e1bado pelo Presidente da C\u00e2mara, Jorge Faria.<\/p>\n<p>O projeto foi aprovado em reuni\u00e3o de C\u00e2mara, no in\u00edcio de mar\u00e7o, por unanimidade e implementado numa \u00e1rea de ced\u00eancia. Teve um prazo de execu\u00e7\u00e3o de 180 dias e um custo de 101 mil euros.<\/p>\n<div class=\"fb-background-color\">\n\t\t\t  <div \n\t\t\t  \tclass = \"fb-comments\" \n\t\t\t  \tdata-href = \"https:\/\/www.entroncamentoonline.pt\/portal\/entroncamento-jardim-calouste-gulbenkian-inaugurado-no-proximo-sabado\/\"\n\t\t\t  \tdata-numposts = \"10\"\n\t\t\t  \tdata-lazy = \"true\"\n\t\t\t\tdata-colorscheme = \"light\"\n\t\t\t\tdata-order-by = \"social\"\n\t\t\t\tdata-mobile=true>\n\t\t\t  <\/div><\/div>\n\t\t  <style>\n\t\t    .fb-background-color {\n\t\t\t\tbackground:  !important;\n\t\t\t}\n\t\t\t.fb_iframe_widget_fluid_desktop iframe {\n\t\t\t    width: 100% !important;\n\t\t\t}\n\t\t  <\/style>\n\t\t  ","protected":false},"excerpt":{"rendered":"<p>O Jardim Calouste Gulbenkian na rua Dr Francisco S\u00e1 Carneiro, quase em frente ao Lidl, no Entroncamento, ser\u00e1 inaugurado na manh\u00e3 deste s\u00e1bado pelo Presidente da C\u00e2mara, Jorge Faria. O projeto foi aprovado em reuni\u00e3o de C\u00e2mara, no in\u00edcio de mar\u00e7o, por unanimidade e implementado numa \u00e1rea de ced\u00eancia. Teve um prazo de execu\u00e7\u00e3o de [&hellip;]<\/p>\n","protected":false},"author":1,"featured_media":42235,"comment_status":"open","ping_status":"closed","sticky":false,"template":"","format":"standard","meta":{"_acf_changed":false,"footnotes":""},"categories":[1],"tags":[],"class_list":{"0":"post-42234","1":"post","2":"type-post","3":"status-publish","4":"format-standard","5":"has-post-thumbnail","7":"category-sem-categoria"},"acf":[],"_links":{"self":[{"href":"https:\/\/www.entroncamentoonline.pt\/portal\/wp-json\/wp\/v2\/posts\/42234","targetHints":{"allow":["GET"]}}],"collection":[{"href":"https:\/\/www.entroncamentoonline.pt\/portal\/wp-json\/wp\/v2\/posts"}],"about":[{"href":"https:\/\/www.entroncamentoonline.pt\/portal\/wp-json\/wp\/v2\/types\/post"}],"author":[{"embeddable":true,"href":"https:\/\/www.entroncamentoonline.pt\/portal\/wp-json\/wp\/v2\/users\/1"}],"replies":[{"embeddable":true,"href":"https:\/\/www.entroncamentoonline.pt\/portal\/wp-json\/wp\/v2\/comments?post=42234"}],"version-history":[{"count":0,"href":"https:\/\/www.entroncamentoonline.pt\/portal\/wp-json\/wp\/v2\/posts\/42234\/revisions"}],"wp:featuredmedia":[{"embeddable":true,"href":"https:\/\/www.entroncamentoonline.pt\/portal\/wp-json\/wp\/v2\/media\/42235"}],"wp:attachment":[{"href":"https:\/\/www.entroncamentoonline.pt\/portal\/wp-json\/wp\/v2\/media?parent=42234"}],"wp:term":[{"taxonomy":"category","embeddable":true,"href":"https:\/\/www.entroncamentoonline.pt\/portal\/wp-json\/wp\/v2\/categories?post=42234"},{"taxonomy":"post_tag","embeddable":true,"href":"https:\/\/www.entroncamentoonline.pt\/portal\/wp-json\/wp\/v2\/tags?post=42234"}],"curies":[{"name":"wp","href":"https:\/\/api.w.org\/{rel}","templated":true}]}}