{"id":42209,"date":"2021-11-03T13:04:53","date_gmt":"2021-11-03T13:04:53","guid":{"rendered":"https:\/\/www.entroncamentoonline.pt\/portal\/?p=42209"},"modified":"2021-11-03T13:07:41","modified_gmt":"2021-11-03T13:07:41","slug":"quartel-electrao-13-associacoes-do-distrito-de-santarem-recebem-equipamentos-eletricos-usados","status":"publish","type":"post","link":"https:\/\/www.entroncamentoonline.pt\/portal\/quartel-electrao-13-associacoes-do-distrito-de-santarem-recebem-equipamentos-eletricos-usados\/","title":{"rendered":"Quartel Electr\u00e3o |13 associa\u00e7\u00f5es do distrito de Santar\u00e9m recebem equipamentos el\u00e9tricos usados"},"content":{"rendered":"<p>As 13 associa\u00e7\u00f5es humanit\u00e1rias de bombeiros volunt\u00e1rios do distrito de Santar\u00e9m que aderiram \u00e0 sexta edi\u00e7\u00e3o da campanha \u201cQuartel Electr\u00e3o\u201d est\u00e3o a receber equipamentos el\u00e9tricos usados at\u00e9 ao pr\u00f3ximo dia 30 de Novembro.<\/p>\n<p>O pr\u00e9mio a atribuir \u00e0 associa\u00e7\u00e3o que reunir a maior quantidade de equipamentos \u00e9 um ve\u00edculo de combate a inc\u00eandios no valor de 54 mil euros. Todos os quart\u00e9is recebem 75 euros por cada tonelada de res\u00edduos reunida. S\u00e3o ainda atribu\u00eddos pr\u00e9mios por regi\u00f5es e aos novos aderentes. Os vencedores destas categorias recebem 750 euros em cart\u00f5es pr\u00e9-pagos de combust\u00edveis.<\/p>\n<p>At\u00e9 ao final desta edi\u00e7\u00e3o da campanha, que arrancou em Janeiro, a popula\u00e7\u00e3o pode deixar todo o tipo de l\u00e2mpadas, pilhas e equipamentos el\u00e9tricos fora de uso nos quart\u00e9is aderentes:<\/p>\n<ul>\n<li><strong>AHBV &#8211; Alcanede<\/strong><\/li>\n<li><strong>AHBV &#8211; Almeirim<\/strong><\/li>\n<li><strong>AHBV &#8211; Alpiar\u00e7a (A.C.D.B. Bombeiros de Alpiar\u00e7a)<\/strong><\/li>\n<li><strong>AHBV &#8211; Caxarias<\/strong><\/li>\n<li><strong>AHBV &#8211; F\u00e1tima<\/strong><\/li>\n<li><strong>AHBV &#8211; Ferreira do Z\u00eazere<\/strong><\/li>\n<li><strong>AHBV &#8211; Freixianda (Liga Amigos Bomb. Freixianda)<\/strong><\/li>\n<li><strong>AHBV &#8211; Ma\u00e7\u00e3o<\/strong><\/li>\n<li><strong>AHBV &#8211; Minde<\/strong><\/li>\n<li><strong>AHBV &#8211; Our\u00e9m<\/strong><\/li>\n<li><strong>AHBV &#8211; Rio Maior<\/strong><\/li>\n<li><strong>AHBV &#8211; Salvaterra de Magos<\/strong><\/li>\n<li><strong>AHBV &#8211; Santar\u00e9m<\/strong><\/li>\n<\/ul>\n<p>A n\u00edvel nacional, nos primeiros 10 meses do ano, as v\u00e1rias associa\u00e7\u00f5es humanit\u00e1rias de bombeiros volunt\u00e1rios que aderiram \u00e0 campanha \u201cQuartel Electr\u00e3o\u201d j\u00e1 recolheram a mesma quantidade de equipamentos el\u00e9tricos usados que tinha sido reunida no ano passado: 2.000 toneladas.<\/p>\n<p>Em 2020, em plena pandemia, os bombeiros portugueses atingiram um m\u00e1ximo hist\u00f3rico de recolha de pilhas e de equipamentos el\u00e9tricos e chegaram \u00e0s 2.029 toneladas. Este foi o valor mais alto registado nas cinco edi\u00e7\u00f5es desta iniciativa.<\/p>\n<p>\u201cA avaliar pelos n\u00fameros de que dispomos at\u00e9 agora estamos prestes a alcan\u00e7ar um novo recorde\u201d, antecipa o Director-Geral do Electr\u00e3o, Pedro Nazareth.<\/p>\n<p>A iniciativa tem suscitado o apoio de v\u00e1rias empresas e institui\u00e7\u00f5es, como juntas de freguesias e c\u00e2maras, que apelam \u00e0 entrega de eletrodom\u00e9sticos e outros equipamentos el\u00e9tricos em fim de vida como forma de ajudar os soldados da paz da freguesia ou concelho. Em muitos casos as autarquias colocam \u00e0 disposi\u00e7\u00e3o os estaleiros municipais, para armazenamento dos res\u00edduos, e chegam mesmo a disponibilizar-se para recolher os velhos equipamentos a pedido.<\/p>\n<p>Tamb\u00e9m as empresas privadas est\u00e3o a mobilizar-se, um pouco por todo o pa\u00eds, para a entrega de res\u00edduos de equipamentos el\u00e9tricos usados a pedido dos bombeiros, que assumem assim um papel ativo na sensibiliza\u00e7\u00e3o da comunidade para a reciclagem, incluindo o tecido empresarial. Outras empresas contactam o Electr\u00e3o diretamente para a recolha desses res\u00edduos, mas solicitam que essa contabiliza\u00e7\u00e3o seja associada \u00e0 corpora\u00e7\u00e3o da sua \u00e1rea.<\/p>\n<p>\u201cEste ano j\u00e1 foram encaminhadas quase 164 toneladas por estas vias, o que \u00e9 revelador da import\u00e2ncia que cada vez mais o tecido empresarial d\u00e1 \u00e0 dimens\u00e3o social e ambiental\u201d, sublinha o Director-Geral do Electr\u00e3o, Pedro Nazareth.<\/p>\n<p>Esta iniciativa do Electr\u00e3o \u2013 Associa\u00e7\u00e3o de Gest\u00e3o de Res\u00edduos tem como objetivo envolver as associa\u00e7\u00f5es humanit\u00e1rias para a causa da reciclagem de equipamentos el\u00e9tricos usados, garantindo ao mesmo tempo v\u00e1rios pr\u00e9mios \u00e0s associa\u00e7\u00f5es.<\/p>\n<div class=\"fb-background-color\">\n\t\t\t  <div \n\t\t\t  \tclass = \"fb-comments\" \n\t\t\t  \tdata-href = \"https:\/\/www.entroncamentoonline.pt\/portal\/quartel-electrao-13-associacoes-do-distrito-de-santarem-recebem-equipamentos-eletricos-usados\/\"\n\t\t\t  \tdata-numposts = \"10\"\n\t\t\t  \tdata-lazy = \"true\"\n\t\t\t\tdata-colorscheme = \"light\"\n\t\t\t\tdata-order-by = \"social\"\n\t\t\t\tdata-mobile=true>\n\t\t\t  <\/div><\/div>\n\t\t  <style>\n\t\t    .fb-background-color {\n\t\t\t\tbackground:  !important;\n\t\t\t}\n\t\t\t.fb_iframe_widget_fluid_desktop iframe {\n\t\t\t    width: 100% !important;\n\t\t\t}\n\t\t  <\/style>\n\t\t  ","protected":false},"excerpt":{"rendered":"<p>As 13 associa\u00e7\u00f5es humanit\u00e1rias de bombeiros volunt\u00e1rios do distrito de Santar\u00e9m que aderiram \u00e0 sexta edi\u00e7\u00e3o da campanha \u201cQuartel Electr\u00e3o\u201d est\u00e3o a receber equipamentos el\u00e9tricos usados at\u00e9 ao pr\u00f3ximo dia 30 de Novembro. O pr\u00e9mio a atribuir \u00e0 associa\u00e7\u00e3o que reunir a maior quantidade de equipamentos \u00e9 um ve\u00edculo de combate a inc\u00eandios no valor [&hellip;]<\/p>\n","protected":false},"author":1,"featured_media":42210,"comment_status":"open","ping_status":"closed","sticky":false,"template":"","format":"standard","meta":{"_acf_changed":false,"footnotes":""},"categories":[71],"tags":[],"class_list":{"0":"post-42209","1":"post","2":"type-post","3":"status-publish","4":"format-standard","5":"has-post-thumbnail","7":"category-outras-noticias"},"acf":[],"_links":{"self":[{"href":"https:\/\/www.entroncamentoonline.pt\/portal\/wp-json\/wp\/v2\/posts\/42209","targetHints":{"allow":["GET"]}}],"collection":[{"href":"https:\/\/www.entroncamentoonline.pt\/portal\/wp-json\/wp\/v2\/posts"}],"about":[{"href":"https:\/\/www.entroncamentoonline.pt\/portal\/wp-json\/wp\/v2\/types\/post"}],"author":[{"embeddable":true,"href":"https:\/\/www.entroncamentoonline.pt\/portal\/wp-json\/wp\/v2\/users\/1"}],"replies":[{"embeddable":true,"href":"https:\/\/www.entroncamentoonline.pt\/portal\/wp-json\/wp\/v2\/comments?post=42209"}],"version-history":[{"count":0,"href":"https:\/\/www.entroncamentoonline.pt\/portal\/wp-json\/wp\/v2\/posts\/42209\/revisions"}],"wp:featuredmedia":[{"embeddable":true,"href":"https:\/\/www.entroncamentoonline.pt\/portal\/wp-json\/wp\/v2\/media\/42210"}],"wp:attachment":[{"href":"https:\/\/www.entroncamentoonline.pt\/portal\/wp-json\/wp\/v2\/media?parent=42209"}],"wp:term":[{"taxonomy":"category","embeddable":true,"href":"https:\/\/www.entroncamentoonline.pt\/portal\/wp-json\/wp\/v2\/categories?post=42209"},{"taxonomy":"post_tag","embeddable":true,"href":"https:\/\/www.entroncamentoonline.pt\/portal\/wp-json\/wp\/v2\/tags?post=42209"}],"curies":[{"name":"wp","href":"https:\/\/api.w.org\/{rel}","templated":true}]}}