{"id":42199,"date":"2021-11-02T18:24:02","date_gmt":"2021-11-02T18:24:02","guid":{"rendered":"https:\/\/www.entroncamentoonline.pt\/portal\/?p=42199"},"modified":"2021-11-06T08:53:48","modified_gmt":"2021-11-06T08:53:48","slug":"sexta-feira-5-de-novembro-exercicio-a-terra-treme","status":"publish","type":"post","link":"https:\/\/www.entroncamentoonline.pt\/portal\/sexta-feira-5-de-novembro-exercicio-a-terra-treme\/","title":{"rendered":"Sexta-feira, 5 de novembro | Exerc\u00edcio A Terra Treme"},"content":{"rendered":"<p>A Autoridade Nacional de Emerg\u00eancia e Prote\u00e7\u00e3o Civil (ANEPC) promove na pr\u00f3xima sexta-feira, dia 5 de novembro, \u00e0s 11:05 horas, de norte a sul do pa\u00eds, a 9.\u00aa edi\u00e7\u00e3o do Exerc\u00edcio P\u00fablico de Sensibiliza\u00e7\u00e3o para o Risco S\u00edsmico, denominado <a href=\"http:\/\/www.aterratreme.pt\">A TERRA TREME<\/a>.<\/p>\n<p>\u00c9 objetivo de A TERRA TREME capacitar a popula\u00e7\u00e3o para saber como agir em caso de sismo, sensibilizando os cidad\u00e3os para o facto de viverem numa sociedade de risco, e desafiando-os a envolver-se no processo de constru\u00e7\u00e3o de comunidades mais seguras e resilientes.<\/p>\n<p>A TERRA TREME \u00e9 um exerc\u00edcio nacional de sensibiliza\u00e7\u00e3o para o risco s\u00edsmico promovido anualmente pela Autoridade Nacional de Emerg\u00eancia e Prote\u00e7\u00e3o Civil (ANEPC), em colabora\u00e7\u00e3o com diversas entidades p\u00fablicas e privadas, em particular o Minist\u00e9rio da Educa\u00e7\u00e3o, atrav\u00e9s da Dire\u00e7\u00e3o-Geral da Educa\u00e7\u00e3o (DGE) e da Dire\u00e7\u00e3o-Geral dos Estabelecimentos Escolares (DGEsTE).<\/p>\n<p>A iniciativa, inserida na Estrat\u00e9gia Nacional para uma Prote\u00e7\u00e3o Civil Preventiva, d\u00e1 a conhecer as medidas e os comportamentos de autoprote\u00e7\u00e3o a adotar para a prote\u00e7\u00e3o de cada pessoa e, assim, contribuir para o incremento de uma sociedade mais consciente dos riscos e perigos a que est\u00e1 sujeita.<\/p>\n<p>O exerc\u00edcio compreende a realiza\u00e7\u00e3o de 3 gestos simples que podem fazer a diferen\u00e7a a quem os praticar perante a ocorr\u00eancia de um sismo. A a\u00e7\u00e3o desenrola-se durante um (1) minuto, no qual os participantes, a t\u00edtulo individual ou coletivo (fam\u00edlias, escolas, empresas, institui\u00e7\u00f5es publicas, privadas ou associativas), s\u00e3o convidados a executar os 3 gestos de autoprote\u00e7\u00e3o: Baixar, Proteger e Aguardar.<\/p>\n<p>Al\u00e9m da popula\u00e7\u00e3o escolar, cuja ades\u00e3o \u00e0 iniciativa tem sido expressiva, a Autoridade Nacional de Emerg\u00eancia e Prote\u00e7\u00e3o Civil tem procurado alargar a reflex\u00e3o e o debate em torno da tem\u00e1tica do risco s\u00edsmico e a participa\u00e7\u00e3o neste Exerc\u00edcio a outros sectores da sociedade civil.<\/p>\n<p>Apesar do exerc\u00edcio ter express\u00e3o nacional, a ANEPC, em articula\u00e7\u00e3o com a DGE e a DGEstE, promover\u00e1, a n\u00edvel nacional, uma a\u00e7\u00e3o principal do exerc\u00edcio na Escola EB1JI R\u00f3mulo de Carvalho, em S\u00e3o Domingos de Rana, no concelho de Cascais.<\/p>\n<p>Por todo o pa\u00eds, os Comandos Distritais de Opera\u00e7\u00f5es de Socorro (CDOS) da ANEPC ir\u00e3o, em parceria com as comunidades educativas locais, Associa\u00e7\u00f5es de Bombeiros, Servi\u00e7os Municipais de Prote\u00e7\u00e3o Civil e os demais agentes de prote\u00e7\u00e3o civil, promover a\u00e7\u00f5es de sensibiliza\u00e7\u00e3o sobre a tem\u00e1tica do risco s\u00edsmico e as medidas de autoprote\u00e7\u00e3o para fazer face ao mesmo, assim como a realiza\u00e7\u00e3o do exerc\u00edcio A TERRA TREME, na data e hora convencionadas.<\/p>\n<p>A participa\u00e7\u00e3o poder\u00e1 ser feita de m\u00faltiplas formas, designadamente:<\/p>\n<p>\uf02d\u00a0\u00a0\u00a0\u00a0\u00a0\u00a0\u00a0\u00a0\u00a0\u00a0\u00a0 A resposta a um inqu\u00e9rito destinado a aferir o grau perce\u00e7\u00e3o relativamente ao risco s\u00edsmico, o qual est\u00e1 dispon\u00edvel na plataforma online desta a\u00e7\u00e3o nacional de sensibiliza\u00e7\u00e3o, acess\u00edvel em www.aterratreme.pt\/inqu\u00e9rito;<\/p>\n<p>\uf02d\u00a0\u00a0\u00a0\u00a0\u00a0\u00a0\u00a0\u00a0\u00a0\u00a0\u00a0 A realiza\u00e7\u00e3o de sess\u00f5es de esclarecimento (para os trabalhadores\/colaboradores) dedicadas \u00e0 explica\u00e7\u00e3o das medidas preventivas e dos comportamentos de autoprote\u00e7\u00e3o a serem adotados em casa e nos locais de trabalho em caso de sismo;<\/p>\n<p>\uf02d\u00a0\u00a0\u00a0\u00a0\u00a0\u00a0\u00a0\u00a0\u00a0\u00a0\u00a0 A divulga\u00e7\u00e3o na p\u00e1gina Institucional e noutros suportes digitais, do envolvimento e participa\u00e7\u00e3o da Institui\u00e7\u00e3o nesta iniciativa;<\/p>\n<p>\uf02d\u00a0\u00a0\u00a0\u00a0\u00a0\u00a0\u00a0\u00a0\u00a0\u00a0\u00a0 A divulga\u00e7\u00e3o atrav\u00e9s do correio eletr\u00f3nico interno por todos os trabalhadores\/colaboradores de informa\u00e7\u00e3o sobre medidas preventivas e comportamentos de autoprote\u00e7\u00e3o a adotar em caso de sismo\/tsunami;<\/p>\n<p>\uf02d\u00a0\u00a0\u00a0\u00a0\u00a0\u00a0\u00a0\u00a0\u00a0\u00a0\u00a0 O registo individual e\/ou da Institui\u00e7\u00e3o no s\u00edtio digital www.aterratreme.pt;<\/p>\n<p>\uf02d\u00a0\u00a0\u00a0\u00a0\u00a0\u00a0\u00a0\u00a0\u00a0\u00a0\u00a0 A revisita\u00e7\u00e3o dos procedimentos preventivos e de emerg\u00eancia destinados a fazer face a um evento de sismo e\/ou tsunami;<\/p>\n<p>\uf02d\u00a0\u00a0\u00a0\u00a0\u00a0\u00a0\u00a0\u00a0\u00a0\u00a0\u00a0 A realiza\u00e7\u00e3o de um exerc\u00edcio de teste \u00e0 evacua\u00e7\u00e3o a 5-11-2021, data da realiza\u00e7\u00e3o do exerc\u00edcio A TERRA TREME, assim como, dinamizando outras a\u00e7\u00f5es que possam enriquecer a agenda da iniciativa.<\/p>\n<p>A TERRA TREME tem um website dedicado www.aterratreme.pt, que disponibiliza informa\u00e7\u00f5es sobre o Exerc\u00edcio e recursos de divulga\u00e7\u00e3o (spot promocional do Exerc\u00edcio; o cartaz alusivo \u00e0 9.\u00aa edi\u00e7\u00e3o Exerc\u00edcio A TERRA TREME, entre outros). Foi tamb\u00e9m criada a hashtag #ATerraTreme destinada a identificar nas redes sociais as publica\u00e7\u00f5es pessoais\/institucionais relacionadas com a iniciativa.<\/p>\n<p>A ANEPC convida os cidad\u00e3os e as entidades a <a href=\"http:\/\/www.aterratreme.pt\">inscreverem-se<\/a>\u00a0e a participarem como demonstra\u00e7\u00e3o do seu compromisso pessoal\/institucional para com a causa da prote\u00e7\u00e3o e seguran\u00e7a, e como forma de apoio e express\u00e3o p\u00fablica do seu envolvimento no Exerc\u00edcio A TERRA TREME.<\/p>\n<div class=\"fb-background-color\">\n\t\t\t  <div \n\t\t\t  \tclass = \"fb-comments\" \n\t\t\t  \tdata-href = \"https:\/\/www.entroncamentoonline.pt\/portal\/sexta-feira-5-de-novembro-exercicio-a-terra-treme\/\"\n\t\t\t  \tdata-numposts = \"10\"\n\t\t\t  \tdata-lazy = \"true\"\n\t\t\t\tdata-colorscheme = \"light\"\n\t\t\t\tdata-order-by = \"social\"\n\t\t\t\tdata-mobile=true>\n\t\t\t  <\/div><\/div>\n\t\t  <style>\n\t\t    .fb-background-color {\n\t\t\t\tbackground:  !important;\n\t\t\t}\n\t\t\t.fb_iframe_widget_fluid_desktop iframe {\n\t\t\t    width: 100% !important;\n\t\t\t}\n\t\t  <\/style>\n\t\t  ","protected":false},"excerpt":{"rendered":"<p>A Autoridade Nacional de Emerg\u00eancia e Prote\u00e7\u00e3o Civil (ANEPC) promove na pr\u00f3xima sexta-feira, dia 5 de novembro, \u00e0s 11:05 horas, de norte a sul do pa\u00eds, a 9.\u00aa edi\u00e7\u00e3o do Exerc\u00edcio P\u00fablico de Sensibiliza\u00e7\u00e3o para o Risco S\u00edsmico, denominado A TERRA TREME. \u00c9 objetivo de A TERRA TREME capacitar a popula\u00e7\u00e3o para saber como agir [&hellip;]<\/p>\n","protected":false},"author":1,"featured_media":42200,"comment_status":"open","ping_status":"closed","sticky":false,"template":"","format":"standard","meta":{"_acf_changed":false,"footnotes":""},"categories":[1],"tags":[],"class_list":{"0":"post-42199","1":"post","2":"type-post","3":"status-publish","4":"format-standard","5":"has-post-thumbnail","7":"category-sem-categoria"},"acf":[],"_links":{"self":[{"href":"https:\/\/www.entroncamentoonline.pt\/portal\/wp-json\/wp\/v2\/posts\/42199","targetHints":{"allow":["GET"]}}],"collection":[{"href":"https:\/\/www.entroncamentoonline.pt\/portal\/wp-json\/wp\/v2\/posts"}],"about":[{"href":"https:\/\/www.entroncamentoonline.pt\/portal\/wp-json\/wp\/v2\/types\/post"}],"author":[{"embeddable":true,"href":"https:\/\/www.entroncamentoonline.pt\/portal\/wp-json\/wp\/v2\/users\/1"}],"replies":[{"embeddable":true,"href":"https:\/\/www.entroncamentoonline.pt\/portal\/wp-json\/wp\/v2\/comments?post=42199"}],"version-history":[{"count":0,"href":"https:\/\/www.entroncamentoonline.pt\/portal\/wp-json\/wp\/v2\/posts\/42199\/revisions"}],"wp:featuredmedia":[{"embeddable":true,"href":"https:\/\/www.entroncamentoonline.pt\/portal\/wp-json\/wp\/v2\/media\/42200"}],"wp:attachment":[{"href":"https:\/\/www.entroncamentoonline.pt\/portal\/wp-json\/wp\/v2\/media?parent=42199"}],"wp:term":[{"taxonomy":"category","embeddable":true,"href":"https:\/\/www.entroncamentoonline.pt\/portal\/wp-json\/wp\/v2\/categories?post=42199"},{"taxonomy":"post_tag","embeddable":true,"href":"https:\/\/www.entroncamentoonline.pt\/portal\/wp-json\/wp\/v2\/tags?post=42199"}],"curies":[{"name":"wp","href":"https:\/\/api.w.org\/{rel}","templated":true}]}}