{"id":42080,"date":"2021-10-31T19:17:34","date_gmt":"2021-10-31T19:17:34","guid":{"rendered":"https:\/\/www.entroncamentoonline.pt\/portal\/?p=42080"},"modified":"2021-11-01T15:43:47","modified_gmt":"2021-11-01T15:43:47","slug":"entroncamento-quatro-novos-casos-de-covid-19-e-mais-1-caso-em-vigilancia-ativa-2","status":"publish","type":"post","link":"https:\/\/www.entroncamentoonline.pt\/portal\/entroncamento-quatro-novos-casos-de-covid-19-e-mais-1-caso-em-vigilancia-ativa-2\/","title":{"rendered":"Entroncamento | Quatro novos casos de Covid-19 e mais 1 caso em vigil\u00e2ncia ativa"},"content":{"rendered":"<figure id=\"attachment_42102\" aria-describedby=\"caption-attachment-42102\" style=\"width: 608px\" class=\"wp-caption aligncenter\"><img loading=\"lazy\" decoding=\"async\" class=\"size-full wp-image-42102\" src=\"https:\/\/www.entroncamentoonline.pt\/portal\/wp-content\/uploads\/2021\/10\/MapasPortugal31.10.jpg\" alt=\"\" width=\"608\" height=\"430\" \/><figcaption id=\"caption-attachment-42102\" class=\"wp-caption-text\">Evolu\u00e7\u00e3o da Covid-19 em Portugal (Levy Correia)<\/figcaption><\/figure>\n<figure id=\"attachment_42101\" aria-describedby=\"caption-attachment-42101\" style=\"width: 608px\" class=\"wp-caption aligncenter\"><img loading=\"lazy\" decoding=\"async\" class=\"size-full wp-image-42101\" src=\"https:\/\/www.entroncamentoonline.pt\/portal\/wp-content\/uploads\/2021\/10\/MapasPortugal1.31.10.jpg\" alt=\"\" width=\"608\" height=\"430\" \/><figcaption id=\"caption-attachment-42101\" class=\"wp-caption-text\">Recolha de Levy Correia<\/figcaption><\/figure>\n<figure id=\"attachment_42100\" aria-describedby=\"caption-attachment-42100\" style=\"width: 608px\" class=\"wp-caption aligncenter\"><img loading=\"lazy\" decoding=\"async\" class=\"size-full wp-image-42100\" src=\"https:\/\/www.entroncamentoonline.pt\/portal\/wp-content\/uploads\/2021\/10\/MapasGruposRisco30.10.jpg\" alt=\"\" width=\"608\" height=\"430\" \/><figcaption id=\"caption-attachment-42100\" class=\"wp-caption-text\">Valores da incid\u00eancia cumulativa por 100 mil habitantes nos concelhos do ACES MT (Levy Correia)<\/figcaption><\/figure>\n<figure id=\"attachment_42099\" aria-describedby=\"caption-attachment-42099\" style=\"width: 608px\" class=\"wp-caption aligncenter\"><img loading=\"lazy\" decoding=\"async\" class=\"size-full wp-image-42099\" src=\"https:\/\/www.entroncamentoonline.pt\/portal\/wp-content\/uploads\/2021\/10\/MapasRecuperados30.10.jpg\" alt=\"\" width=\"608\" height=\"430\" \/><figcaption id=\"caption-attachment-42099\" class=\"wp-caption-text\">Casos Recuperados (Levy Correia)<\/figcaption><\/figure>\n<p>Segundo o Agrupamento de Centros de Sa\u00fade do M\u00e9dio Tejo (ACES MT), este domingo, dia 31 de outubro, no concelho do Entroncamento, h\u00e1 registo de 4 novos casos de Covid-19, sendo, 1492 o n\u00famero total de casos, 42 pessoas em vigil\u00e2ncia ativa, 1429 doentes recuperados e 39 casos ativos.<\/p>\n<p>No M\u00e9dio Tejo, houve registo de 25 casos de Covid-19 (ontem 35). Um em Abrantes, 5 em Alcanena, 4 no Entroncamento, 6 em Our\u00e9m, 6 em Tomar, 2 em Torres Novas e 1 em Vila Nova da Barquinha.<\/p>\n<p><img loading=\"lazy\" decoding=\"async\" class=\"size-full wp-image-42104 aligncenter\" src=\"https:\/\/www.entroncamentoonline.pt\/portal\/wp-content\/uploads\/2021\/10\/ACESNT31.10.jpg\" alt=\"\" width=\"778\" height=\"505\" \/><\/p>\n<p style=\"text-align: center;\"><strong>Em Portugal nas \u00faltimas 24 horas | Mais 763 casos e 1 morto<\/strong><\/p>\n<p>A n\u00edvel nacional, este domingo h\u00e1 registo de 1 \u00f3bito, (ontem 3), num total de 18157, o total de infetados \u00e9 agora 1090651, mais 763, (ontem 911) os casos recuperados s\u00e3o 1040604, mais 324, (ontem 996), os internados 335, (+17 que ontem, 318) e em cuidados intensivos 59, (-5 que ontem, 64).<\/p>\n<p><img loading=\"lazy\" decoding=\"async\" class=\"size-medium wp-image-42087 aligncenter\" src=\"https:\/\/www.entroncamentoonline.pt\/portal\/wp-content\/uploads\/2021\/10\/RelatorioDGS-646x800.jpg\" alt=\"\" width=\"646\" height=\"800\" \/><\/p>\n<p style=\"text-align: center;\"><strong>Evolu\u00e7\u00e3o da Covid-19 nos concelhos da ACES M\u00e9dio Tejo (Levy Correia)<\/strong><\/p>\n\n<p><img loading=\"lazy\" decoding=\"async\" class=\"size-medium wp-image-42086 aligncenter\" src=\"https:\/\/www.entroncamentoonline.pt\/portal\/wp-content\/uploads\/2021\/10\/MatrizRisco-639x800.jpg\" alt=\"\" width=\"639\" height=\"800\" \/><\/p>\n<div class=\"fb-background-color\">\n\t\t\t  <div \n\t\t\t  \tclass = \"fb-comments\" \n\t\t\t  \tdata-href = \"https:\/\/www.entroncamentoonline.pt\/portal\/entroncamento-quatro-novos-casos-de-covid-19-e-mais-1-caso-em-vigilancia-ativa-2\/\"\n\t\t\t  \tdata-numposts = \"10\"\n\t\t\t  \tdata-lazy = \"true\"\n\t\t\t\tdata-colorscheme = \"light\"\n\t\t\t\tdata-order-by = \"social\"\n\t\t\t\tdata-mobile=true>\n\t\t\t  <\/div><\/div>\n\t\t  <style>\n\t\t    .fb-background-color {\n\t\t\t\tbackground:  !important;\n\t\t\t}\n\t\t\t.fb_iframe_widget_fluid_desktop iframe {\n\t\t\t    width: 100% !important;\n\t\t\t}\n\t\t  <\/style>\n\t\t  ","protected":false},"excerpt":{"rendered":"<p>Segundo o Agrupamento de Centros de Sa\u00fade do M\u00e9dio Tejo (ACES MT), este domingo, dia 31 de outubro, no concelho do Entroncamento, h\u00e1 registo de 4 novos casos de Covid-19, sendo, 1492 o n\u00famero total de casos, 42 pessoas em vigil\u00e2ncia ativa, 1429 doentes recuperados e 39 casos ativos. No M\u00e9dio Tejo, houve registo de [&hellip;]<\/p>\n","protected":false},"author":1,"featured_media":29518,"comment_status":"open","ping_status":"closed","sticky":false,"template":"","format":"standard","meta":{"_acf_changed":false,"footnotes":""},"categories":[1],"tags":[],"class_list":{"0":"post-42080","1":"post","2":"type-post","3":"status-publish","4":"format-standard","5":"has-post-thumbnail","7":"category-sem-categoria"},"acf":[],"_links":{"self":[{"href":"https:\/\/www.entroncamentoonline.pt\/portal\/wp-json\/wp\/v2\/posts\/42080","targetHints":{"allow":["GET"]}}],"collection":[{"href":"https:\/\/www.entroncamentoonline.pt\/portal\/wp-json\/wp\/v2\/posts"}],"about":[{"href":"https:\/\/www.entroncamentoonline.pt\/portal\/wp-json\/wp\/v2\/types\/post"}],"author":[{"embeddable":true,"href":"https:\/\/www.entroncamentoonline.pt\/portal\/wp-json\/wp\/v2\/users\/1"}],"replies":[{"embeddable":true,"href":"https:\/\/www.entroncamentoonline.pt\/portal\/wp-json\/wp\/v2\/comments?post=42080"}],"version-history":[{"count":0,"href":"https:\/\/www.entroncamentoonline.pt\/portal\/wp-json\/wp\/v2\/posts\/42080\/revisions"}],"wp:featuredmedia":[{"embeddable":true,"href":"https:\/\/www.entroncamentoonline.pt\/portal\/wp-json\/wp\/v2\/media\/29518"}],"wp:attachment":[{"href":"https:\/\/www.entroncamentoonline.pt\/portal\/wp-json\/wp\/v2\/media?parent=42080"}],"wp:term":[{"taxonomy":"category","embeddable":true,"href":"https:\/\/www.entroncamentoonline.pt\/portal\/wp-json\/wp\/v2\/categories?post=42080"},{"taxonomy":"post_tag","embeddable":true,"href":"https:\/\/www.entroncamentoonline.pt\/portal\/wp-json\/wp\/v2\/tags?post=42080"}],"curies":[{"name":"wp","href":"https:\/\/api.w.org\/{rel}","templated":true}]}}