{"id":42035,"date":"2021-10-30T16:33:42","date_gmt":"2021-10-30T15:33:42","guid":{"rendered":"https:\/\/www.entroncamentoonline.pt\/portal\/?p=42035"},"modified":"2021-10-31T15:32:59","modified_gmt":"2021-10-31T15:32:59","slug":"42035-2","status":"publish","type":"post","link":"https:\/\/www.entroncamentoonline.pt\/portal\/42035-2\/","title":{"rendered":"Entroncamento | Cinco novos casos de Covid-19 e mais 1 caso em vigil\u00e2ncia ativa"},"content":{"rendered":"<figure id=\"attachment_42056\" aria-describedby=\"caption-attachment-42056\" style=\"width: 608px\" class=\"wp-caption aligncenter\"><img loading=\"lazy\" decoding=\"async\" class=\"size-full wp-image-42056\" src=\"https:\/\/www.entroncamentoonline.pt\/portal\/wp-content\/uploads\/2021\/10\/MapasPortugal30.10.jpg\" alt=\"\" width=\"608\" height=\"430\" \/><figcaption id=\"caption-attachment-42056\" class=\"wp-caption-text\">Evolu\u00e7\u00e3o da Covid-19 em Portugal (Levy Correia)<\/figcaption><\/figure>\n<figure id=\"attachment_42055\" aria-describedby=\"caption-attachment-42055\" style=\"width: 608px\" class=\"wp-caption aligncenter\"><img loading=\"lazy\" decoding=\"async\" class=\"size-full wp-image-42055\" src=\"https:\/\/www.entroncamentoonline.pt\/portal\/wp-content\/uploads\/2021\/10\/MapasPortugal1.30.10.jpg\" alt=\"\" width=\"608\" height=\"430\" \/><figcaption id=\"caption-attachment-42055\" class=\"wp-caption-text\">Recolha de Levy Correia<\/figcaption><\/figure>\n<figure id=\"attachment_42054\" aria-describedby=\"caption-attachment-42054\" style=\"width: 608px\" class=\"wp-caption aligncenter\"><img loading=\"lazy\" decoding=\"async\" class=\"size-full wp-image-42054\" src=\"https:\/\/www.entroncamentoonline.pt\/portal\/wp-content\/uploads\/2021\/10\/MapasGruposRisco29.10.jpg\" alt=\"\" width=\"608\" height=\"430\" \/><figcaption id=\"caption-attachment-42054\" class=\"wp-caption-text\">Valores da incid\u00eancia cumulativa por 100 mil habitantes nos concelhos do ACES MT (Levy Correia)<\/figcaption><\/figure>\n<figure id=\"attachment_42053\" aria-describedby=\"caption-attachment-42053\" style=\"width: 608px\" class=\"wp-caption aligncenter\"><img loading=\"lazy\" decoding=\"async\" class=\"size-full wp-image-42053\" src=\"https:\/\/www.entroncamentoonline.pt\/portal\/wp-content\/uploads\/2021\/10\/MapasRecuperados29.10.jpg\" alt=\"\" width=\"608\" height=\"430\" \/><figcaption id=\"caption-attachment-42053\" class=\"wp-caption-text\">Casos Ativos (Levy Correia)<\/figcaption><\/figure>\n<p>Segundo o Agrupamento de Centros de Sa\u00fade do M\u00e9dio Tejo (ACES MT), este s\u00e1bado, dia 30 de outubro, no concelho do Entroncamento h\u00e1 registo de 5 novos casos de Covid-19, sendo 1488 o n\u00famero total de casos, 41 pessoas em vigil\u00e2ncia ativa, 1429 doentes recuperados e 35 casos ativos.<\/p>\n<p>No M\u00e9dio Tejo houve registo de 35 casos de Covid-19 (ontem 43). Tr\u00eas em Abrantes, 2 em Alcanena, 5 no Entroncamento, 10 em Our\u00e9m, 1 no Sardoal, 6 em Tomar, 5 em Torres Novas e 3 em Vila Nova da Barquinha.<\/p>\n<p><img loading=\"lazy\" decoding=\"async\" class=\"size-full wp-image-42065 aligncenter\" src=\"https:\/\/www.entroncamentoonline.pt\/portal\/wp-content\/uploads\/2021\/10\/ACESMT30.10.jpg\" alt=\"\" width=\"778\" height=\"505\" \/><\/p>\n<p style=\"text-align: center;\"><strong>Em Portugal nas \u00faltimas 24 horas | Mais 911 casos e 3 mortos<\/strong><\/p>\n<p>A n\u00edvel nacional este s\u00e1bado h\u00e1 registo de 3 \u00f3bitos, (ontem 4), num total de 18156, o total de infetados \u00e9 agora 1089888, mais 911, (ontem 844) os casos recuperados s\u00e3o 1040280, mais 996, (ontem 755), os internados 318, (-13 que ontem, 331) e em cuidados intensivos 64, (-1 que ontem, 65).<\/p>\n<p><img loading=\"lazy\" decoding=\"async\" class=\"size-medium wp-image-42040 aligncenter\" src=\"https:\/\/www.entroncamentoonline.pt\/portal\/wp-content\/uploads\/2021\/10\/RelatorioDGS-667x800.jpg\" alt=\"\" width=\"667\" height=\"800\" \/><\/p>\n<p style=\"text-align: center;\"><strong>Evolu\u00e7\u00e3o da Covid-19 nos concelhos da ACES M\u00e9dio Tejo (Levy Correia)<\/strong><\/p>\n\n<p><img loading=\"lazy\" decoding=\"async\" class=\"size-medium wp-image-42041 aligncenter\" src=\"https:\/\/www.entroncamentoonline.pt\/portal\/wp-content\/uploads\/2021\/10\/MatrizRisco-654x800.jpg\" alt=\"\" width=\"654\" height=\"800\" \/><\/p>\n<div class=\"fb-background-color\">\n\t\t\t  <div \n\t\t\t  \tclass = \"fb-comments\" \n\t\t\t  \tdata-href = \"https:\/\/www.entroncamentoonline.pt\/portal\/42035-2\/\"\n\t\t\t  \tdata-numposts = \"10\"\n\t\t\t  \tdata-lazy = \"true\"\n\t\t\t\tdata-colorscheme = \"light\"\n\t\t\t\tdata-order-by = \"social\"\n\t\t\t\tdata-mobile=true>\n\t\t\t  <\/div><\/div>\n\t\t  <style>\n\t\t    .fb-background-color {\n\t\t\t\tbackground:  !important;\n\t\t\t}\n\t\t\t.fb_iframe_widget_fluid_desktop iframe {\n\t\t\t    width: 100% !important;\n\t\t\t}\n\t\t  <\/style>\n\t\t  ","protected":false},"excerpt":{"rendered":"<p>Segundo o Agrupamento de Centros de Sa\u00fade do M\u00e9dio Tejo (ACES MT), este s\u00e1bado, dia 30 de outubro, no concelho do Entroncamento h\u00e1 registo de 5 novos casos de Covid-19, sendo 1488 o n\u00famero total de casos, 41 pessoas em vigil\u00e2ncia ativa, 1429 doentes recuperados e 35 casos ativos. No M\u00e9dio Tejo houve registo de [&hellip;]<\/p>\n","protected":false},"author":1,"featured_media":42037,"comment_status":"open","ping_status":"closed","sticky":false,"template":"","format":"standard","meta":{"_acf_changed":false,"footnotes":""},"categories":[1],"tags":[],"class_list":{"0":"post-42035","1":"post","2":"type-post","3":"status-publish","4":"format-standard","5":"has-post-thumbnail","7":"category-sem-categoria"},"acf":[],"_links":{"self":[{"href":"https:\/\/www.entroncamentoonline.pt\/portal\/wp-json\/wp\/v2\/posts\/42035","targetHints":{"allow":["GET"]}}],"collection":[{"href":"https:\/\/www.entroncamentoonline.pt\/portal\/wp-json\/wp\/v2\/posts"}],"about":[{"href":"https:\/\/www.entroncamentoonline.pt\/portal\/wp-json\/wp\/v2\/types\/post"}],"author":[{"embeddable":true,"href":"https:\/\/www.entroncamentoonline.pt\/portal\/wp-json\/wp\/v2\/users\/1"}],"replies":[{"embeddable":true,"href":"https:\/\/www.entroncamentoonline.pt\/portal\/wp-json\/wp\/v2\/comments?post=42035"}],"version-history":[{"count":0,"href":"https:\/\/www.entroncamentoonline.pt\/portal\/wp-json\/wp\/v2\/posts\/42035\/revisions"}],"wp:featuredmedia":[{"embeddable":true,"href":"https:\/\/www.entroncamentoonline.pt\/portal\/wp-json\/wp\/v2\/media\/42037"}],"wp:attachment":[{"href":"https:\/\/www.entroncamentoonline.pt\/portal\/wp-json\/wp\/v2\/media?parent=42035"}],"wp:term":[{"taxonomy":"category","embeddable":true,"href":"https:\/\/www.entroncamentoonline.pt\/portal\/wp-json\/wp\/v2\/categories?post=42035"},{"taxonomy":"post_tag","embeddable":true,"href":"https:\/\/www.entroncamentoonline.pt\/portal\/wp-json\/wp\/v2\/tags?post=42035"}],"curies":[{"name":"wp","href":"https:\/\/api.w.org\/{rel}","templated":true}]}}