{"id":42028,"date":"2021-10-29T09:08:24","date_gmt":"2021-10-29T08:08:24","guid":{"rendered":"https:\/\/www.entroncamentoonline.pt\/portal\/?p=42028"},"modified":"2021-11-01T07:31:49","modified_gmt":"2021-11-01T07:31:49","slug":"entroncamento-calendario-das-missas-para-este-fim-de-semana","status":"publish","type":"post","link":"https:\/\/www.entroncamentoonline.pt\/portal\/entroncamento-calendario-das-missas-para-este-fim-de-semana\/","title":{"rendered":"Entroncamento | Calend\u00e1rio das Missas para este fim de semana"},"content":{"rendered":"<p>Este fim de semana em que os defuntos s\u00e3o lembrados \u00e9 a seguinte a celebra\u00e7\u00e3o das Missas:<\/p>\n<p>Domingo, dia 31 de outubro, com transmiss\u00e3o da Igreja da Sagrada Fam\u00edlia a Missa ser\u00e1 \u00e0s 9h30, como habitualmente. Segunda-feira, Dia de todos os Santos, haver\u00e1 missa tamb\u00e9m \u00e0s 9h30 tamb\u00e9m com transmiss\u00e3o.<\/p>\n<p>Na ter\u00e7a-feira, \u00e1s 10 horas, Missa de fi\u00e9is defuntos na Capela do Cemit\u00e9rio, sem transmiss\u00e3o. \u00c0s 18 horas missa com v\u00e9speras de Fi\u00e9is defuntos.<\/p>\n<div class=\"fb-background-color\">\n\t\t\t  <div \n\t\t\t  \tclass = \"fb-comments\" \n\t\t\t  \tdata-href = \"https:\/\/www.entroncamentoonline.pt\/portal\/entroncamento-calendario-das-missas-para-este-fim-de-semana\/\"\n\t\t\t  \tdata-numposts = \"10\"\n\t\t\t  \tdata-lazy = \"true\"\n\t\t\t\tdata-colorscheme = \"light\"\n\t\t\t\tdata-order-by = \"social\"\n\t\t\t\tdata-mobile=true>\n\t\t\t  <\/div><\/div>\n\t\t  <style>\n\t\t    .fb-background-color {\n\t\t\t\tbackground:  !important;\n\t\t\t}\n\t\t\t.fb_iframe_widget_fluid_desktop iframe {\n\t\t\t    width: 100% !important;\n\t\t\t}\n\t\t  <\/style>\n\t\t  ","protected":false},"excerpt":{"rendered":"<p>Este fim de semana em que os defuntos s\u00e3o lembrados \u00e9 a seguinte a celebra\u00e7\u00e3o das Missas: Domingo, dia 31 de outubro, com transmiss\u00e3o da Igreja da Sagrada Fam\u00edlia a Missa ser\u00e1 \u00e0s 9h30, como habitualmente. Segunda-feira, Dia de todos os Santos, haver\u00e1 missa tamb\u00e9m \u00e0s 9h30 tamb\u00e9m com transmiss\u00e3o. Na ter\u00e7a-feira, \u00e1s 10 horas, [&hellip;]<\/p>\n","protected":false},"author":1,"featured_media":42029,"comment_status":"open","ping_status":"closed","sticky":false,"template":"","format":"standard","meta":{"_acf_changed":false,"footnotes":""},"categories":[1],"tags":[],"class_list":{"0":"post-42028","1":"post","2":"type-post","3":"status-publish","4":"format-standard","5":"has-post-thumbnail","7":"category-sem-categoria"},"acf":[],"_links":{"self":[{"href":"https:\/\/www.entroncamentoonline.pt\/portal\/wp-json\/wp\/v2\/posts\/42028","targetHints":{"allow":["GET"]}}],"collection":[{"href":"https:\/\/www.entroncamentoonline.pt\/portal\/wp-json\/wp\/v2\/posts"}],"about":[{"href":"https:\/\/www.entroncamentoonline.pt\/portal\/wp-json\/wp\/v2\/types\/post"}],"author":[{"embeddable":true,"href":"https:\/\/www.entroncamentoonline.pt\/portal\/wp-json\/wp\/v2\/users\/1"}],"replies":[{"embeddable":true,"href":"https:\/\/www.entroncamentoonline.pt\/portal\/wp-json\/wp\/v2\/comments?post=42028"}],"version-history":[{"count":0,"href":"https:\/\/www.entroncamentoonline.pt\/portal\/wp-json\/wp\/v2\/posts\/42028\/revisions"}],"wp:featuredmedia":[{"embeddable":true,"href":"https:\/\/www.entroncamentoonline.pt\/portal\/wp-json\/wp\/v2\/media\/42029"}],"wp:attachment":[{"href":"https:\/\/www.entroncamentoonline.pt\/portal\/wp-json\/wp\/v2\/media?parent=42028"}],"wp:term":[{"taxonomy":"category","embeddable":true,"href":"https:\/\/www.entroncamentoonline.pt\/portal\/wp-json\/wp\/v2\/categories?post=42028"},{"taxonomy":"post_tag","embeddable":true,"href":"https:\/\/www.entroncamentoonline.pt\/portal\/wp-json\/wp\/v2\/tags?post=42028"}],"curies":[{"name":"wp","href":"https:\/\/api.w.org\/{rel}","templated":true}]}}