{"id":41830,"date":"2021-10-24T10:40:16","date_gmt":"2021-10-24T09:40:16","guid":{"rendered":"https:\/\/www.entroncamentoonline.pt\/portal\/?p=41830"},"modified":"2021-11-29T13:30:18","modified_gmt":"2021-11-29T13:30:18","slug":"goncalo-serras-apresenta-o-seu-primeiro-livro-o-meu-primo-xavier-centro-cultural-de-v-n-da-barquinha-28-de-novembro-as-18h","status":"publish","type":"post","link":"https:\/\/www.entroncamentoonline.pt\/portal\/goncalo-serras-apresenta-o-seu-primeiro-livro-o-meu-primo-xavier-centro-cultural-de-v-n-da-barquinha-28-de-novembro-as-18h\/","title":{"rendered":"Gon\u00e7alo Serras apresenta o seu primeiro livro \u201cO Meu Primo Xavier\u201d | Centro Cultural de V.N. da Barquinha | 28 de novembro \u00e0s 18h"},"content":{"rendered":"<p>Gon\u00e7alo Serras apresenta o seu primeiro livro \u201cO Meu Primo Xavier\u201d no Centro Cultural de V.N. da Barquinha no dia 28 de novembro \u00e0s 18h.<\/p>\n<p><img loading=\"lazy\" decoding=\"async\" class=\"size-full wp-image-41832 alignright\" src=\"https:\/\/www.entroncamentoonline.pt\/portal\/wp-content\/uploads\/2021\/10\/capa-so-frente-de-O-meu-primo-Xavier.png\" alt=\"\" width=\"410\" height=\"638\" srcset=\"https:\/\/www.entroncamentoonline.pt\/portal\/wp-content\/uploads\/2021\/10\/capa-so-frente-de-O-meu-primo-Xavier.png 410w, https:\/\/www.entroncamentoonline.pt\/portal\/wp-content\/uploads\/2021\/10\/capa-so-frente-de-O-meu-primo-Xavier-270x420.png 270w\" sizes=\"auto, (max-width: 410px) 100vw, 410px\" \/>Estar\u00e3o presentes o Padre Jos\u00e9 Lu\u00eds Borga (Prefaciador e Orador), Prof. Manuel Fernandes Vicente (Prefaciador e Orador), Jo\u00e3o Pedro Serr\u00e3o Lopes (Ilustrador e Orador), o \u00a0Presidente da C\u00e2mara de V.N. da Barquinha Fernando Freire (Orador) e o autor Gon\u00e7alo Serras, como orador.<\/p>\n<p>Descri\u00e7\u00e3o do livro: Por uma extraordin\u00e1ria sequ\u00eancia de acontecimentos, um menino angolano chamado Xavier vem morar para Portugal. Desde ent\u00e3o tem passado algum tempo com Gon\u00e7alo Serras, conhecido m\u00fasico da nossa regi\u00e3o, e que \u00e9 seu primo afastado. Desse tempo que t\u00eam passado juntos resultaram li\u00e7\u00f5es de vida &#8211; para um e para o outro. Li\u00e7\u00f5es que mostram os caminhos \u00e0s vezes tortuosos do crescimento pessoal, na constru\u00e7\u00e3o de um mundo melhor e mais fraterno, onde o conceito de fam\u00edlia alargada abarca toda a humanidade. Este livrinho \u00e9 uma carta ao futuro, que \u00e9 simultaneamente uma prova de f\u00e9, e um testemunho de amor.<\/p>\n<div class=\"fb-background-color\">\n\t\t\t  <div \n\t\t\t  \tclass = \"fb-comments\" \n\t\t\t  \tdata-href = \"https:\/\/www.entroncamentoonline.pt\/portal\/goncalo-serras-apresenta-o-seu-primeiro-livro-o-meu-primo-xavier-centro-cultural-de-v-n-da-barquinha-28-de-novembro-as-18h\/\"\n\t\t\t  \tdata-numposts = \"10\"\n\t\t\t  \tdata-lazy = \"true\"\n\t\t\t\tdata-colorscheme = \"light\"\n\t\t\t\tdata-order-by = \"social\"\n\t\t\t\tdata-mobile=true>\n\t\t\t  <\/div><\/div>\n\t\t  <style>\n\t\t    .fb-background-color {\n\t\t\t\tbackground:  !important;\n\t\t\t}\n\t\t\t.fb_iframe_widget_fluid_desktop iframe {\n\t\t\t    width: 100% !important;\n\t\t\t}\n\t\t  <\/style>\n\t\t  ","protected":false},"excerpt":{"rendered":"<p>Gon\u00e7alo Serras apresenta o seu primeiro livro \u201cO Meu Primo Xavier\u201d no Centro Cultural de V.N. da Barquinha no dia 28 de novembro \u00e0s 18h. Estar\u00e3o presentes o Padre Jos\u00e9 Lu\u00eds Borga (Prefaciador e Orador), Prof. Manuel Fernandes Vicente (Prefaciador e Orador), Jo\u00e3o Pedro Serr\u00e3o Lopes (Ilustrador e Orador), o \u00a0Presidente da C\u00e2mara de V.N. [&hellip;]<\/p>\n","protected":false},"author":1,"featured_media":41833,"comment_status":"open","ping_status":"closed","sticky":false,"template":"","format":"standard","meta":{"_acf_changed":false,"footnotes":""},"categories":[1],"tags":[],"class_list":{"0":"post-41830","1":"post","2":"type-post","3":"status-publish","4":"format-standard","5":"has-post-thumbnail","7":"category-sem-categoria"},"acf":[],"_links":{"self":[{"href":"https:\/\/www.entroncamentoonline.pt\/portal\/wp-json\/wp\/v2\/posts\/41830","targetHints":{"allow":["GET"]}}],"collection":[{"href":"https:\/\/www.entroncamentoonline.pt\/portal\/wp-json\/wp\/v2\/posts"}],"about":[{"href":"https:\/\/www.entroncamentoonline.pt\/portal\/wp-json\/wp\/v2\/types\/post"}],"author":[{"embeddable":true,"href":"https:\/\/www.entroncamentoonline.pt\/portal\/wp-json\/wp\/v2\/users\/1"}],"replies":[{"embeddable":true,"href":"https:\/\/www.entroncamentoonline.pt\/portal\/wp-json\/wp\/v2\/comments?post=41830"}],"version-history":[{"count":0,"href":"https:\/\/www.entroncamentoonline.pt\/portal\/wp-json\/wp\/v2\/posts\/41830\/revisions"}],"wp:featuredmedia":[{"embeddable":true,"href":"https:\/\/www.entroncamentoonline.pt\/portal\/wp-json\/wp\/v2\/media\/41833"}],"wp:attachment":[{"href":"https:\/\/www.entroncamentoonline.pt\/portal\/wp-json\/wp\/v2\/media?parent=41830"}],"wp:term":[{"taxonomy":"category","embeddable":true,"href":"https:\/\/www.entroncamentoonline.pt\/portal\/wp-json\/wp\/v2\/categories?post=41830"},{"taxonomy":"post_tag","embeddable":true,"href":"https:\/\/www.entroncamentoonline.pt\/portal\/wp-json\/wp\/v2\/tags?post=41830"}],"curies":[{"name":"wp","href":"https:\/\/api.w.org\/{rel}","templated":true}]}}