{"id":41807,"date":"2021-10-25T16:41:58","date_gmt":"2021-10-25T15:41:58","guid":{"rendered":"https:\/\/www.entroncamentoonline.pt\/portal\/?p=41807"},"modified":"2021-10-26T15:10:51","modified_gmt":"2021-10-26T14:10:51","slug":"41807-2","status":"publish","type":"post","link":"https:\/\/www.entroncamentoonline.pt\/portal\/41807-2\/","title":{"rendered":"Entroncamento | Um novo caso de Covid-19 e menos 1 caso em vigil\u00e2ncia ativa"},"content":{"rendered":"<figure id=\"attachment_41825\" aria-describedby=\"caption-attachment-41825\" style=\"width: 608px\" class=\"wp-caption aligncenter\"><img loading=\"lazy\" decoding=\"async\" class=\"size-full wp-image-41825\" src=\"https:\/\/www.entroncamentoonline.pt\/portal\/wp-content\/uploads\/2021\/10\/MapasPortugal25.10.jpg\" alt=\"\" width=\"608\" height=\"430\" \/><figcaption id=\"caption-attachment-41825\" class=\"wp-caption-text\">Evolu\u00e7\u00e3o da Covid-19 em Portugal (Levy Correia)<\/figcaption><\/figure>\n<figure id=\"attachment_41824\" aria-describedby=\"caption-attachment-41824\" style=\"width: 608px\" class=\"wp-caption aligncenter\"><img loading=\"lazy\" decoding=\"async\" class=\"size-full wp-image-41824\" src=\"https:\/\/www.entroncamentoonline.pt\/portal\/wp-content\/uploads\/2021\/10\/MapasPortugal1.25.10.jpg\" alt=\"\" width=\"608\" height=\"430\" \/><figcaption id=\"caption-attachment-41824\" class=\"wp-caption-text\">Recolha de Levy Correia<\/figcaption><\/figure>\n<figure id=\"attachment_41823\" aria-describedby=\"caption-attachment-41823\" style=\"width: 608px\" class=\"wp-caption aligncenter\"><img loading=\"lazy\" decoding=\"async\" class=\"size-full wp-image-41823\" src=\"https:\/\/www.entroncamentoonline.pt\/portal\/wp-content\/uploads\/2021\/10\/MapasGruposRisco24.10.jpg\" alt=\"\" width=\"608\" height=\"430\" \/><figcaption id=\"caption-attachment-41823\" class=\"wp-caption-text\">Valores da incid\u00eancia cumulativa por 100 mil habitantes nos concelhos do ACES MT (Levy Correia)<\/figcaption><\/figure>\n<figure id=\"attachment_41822\" aria-describedby=\"caption-attachment-41822\" style=\"width: 608px\" class=\"wp-caption aligncenter\"><img loading=\"lazy\" decoding=\"async\" class=\"size-full wp-image-41822\" src=\"https:\/\/www.entroncamentoonline.pt\/portal\/wp-content\/uploads\/2021\/10\/MapasRecuperados24.10.jpg\" alt=\"\" width=\"608\" height=\"430\" \/><figcaption id=\"caption-attachment-41822\" class=\"wp-caption-text\">Casos Recuperados (Levy Correia)<\/figcaption><\/figure>\n<p>Segundo o Agrupamento de Centros de Sa\u00fade do M\u00e9dio Tejo (ACES MT), esta segunda-feira, dia 25 de outubro, no concelho do Entroncamento h\u00e1 registo de 1 novo caso de Covid-19, sendo 1468 o n\u00famero total de casos, 9 pessoas em vigil\u00e2ncia ativa, 1422 doentes recuperados e 22 casos ativos.<\/p>\n<p>No M\u00e9dio Tejo houve registo de 10 casos de Covid-19 (ontem 8). Um em Abrantes, 1 em Alcanena, 1 no Entroncamento, 1 em Ma\u00e7\u00e3o, 4 em Our\u00e9m, 1 em Tomar e 1 em Vila Nova da Barquinha.<\/p>\n<p><img loading=\"lazy\" decoding=\"async\" class=\"size-full wp-image-41827 aligncenter\" src=\"https:\/\/www.entroncamentoonline.pt\/portal\/wp-content\/uploads\/2021\/10\/ACESMT25.10.jpg\" alt=\"\" width=\"778\" height=\"505\" \/><\/p>\n<p style=\"text-align: center;\"><strong>Em Portugal nas \u00faltimas 24 horas | Mais 313 casos e 5 mortos<\/strong><\/p>\n<p>A n\u00edvel nacional esta segunda-feira h\u00e1 registo de 5 \u00f3bitos, (ontem 4), num total de 18138, o total de infetados \u00e9 agora 1085451, mais 313, (ontem 604) os casos recuperados s\u00e3o 1035977, mais 284, (ontem 243), os internados 290, (+21 que ontem, 269) e em cuidados intensivos 59, (+7 que ontem, 52).<\/p>\n<p><img loading=\"lazy\" decoding=\"async\" class=\"size-medium wp-image-41810 aligncenter\" src=\"https:\/\/www.entroncamentoonline.pt\/portal\/wp-content\/uploads\/2021\/10\/RelatorioDGS-659x800.jpg\" alt=\"\" width=\"659\" height=\"800\" \/><\/p>\n<p style=\"text-align: center;\"><strong>Evolu\u00e7\u00e3o da Covid-19 nos concelhos da ACES M\u00e9dio Tejo (Levy Correia)<\/strong><\/p>\n\n<p><img loading=\"lazy\" decoding=\"async\" class=\"size-medium wp-image-41809 aligncenter\" src=\"https:\/\/www.entroncamentoonline.pt\/portal\/wp-content\/uploads\/2021\/10\/MatrizRisco-660x800.jpg\" alt=\"\" width=\"660\" height=\"800\" \/><\/p>\n<div class=\"fb-background-color\">\n\t\t\t  <div \n\t\t\t  \tclass = \"fb-comments\" \n\t\t\t  \tdata-href = \"https:\/\/www.entroncamentoonline.pt\/portal\/41807-2\/\"\n\t\t\t  \tdata-numposts = \"10\"\n\t\t\t  \tdata-lazy = \"true\"\n\t\t\t\tdata-colorscheme = \"light\"\n\t\t\t\tdata-order-by = \"social\"\n\t\t\t\tdata-mobile=true>\n\t\t\t  <\/div><\/div>\n\t\t  <style>\n\t\t    .fb-background-color {\n\t\t\t\tbackground:  !important;\n\t\t\t}\n\t\t\t.fb_iframe_widget_fluid_desktop iframe {\n\t\t\t    width: 100% !important;\n\t\t\t}\n\t\t  <\/style>\n\t\t  ","protected":false},"excerpt":{"rendered":"<p>Segundo o Agrupamento de Centros de Sa\u00fade do M\u00e9dio Tejo (ACES MT), esta segunda-feira, dia 25 de outubro, no concelho do Entroncamento h\u00e1 registo de 1 novo caso de Covid-19, sendo 1468 o n\u00famero total de casos, 9 pessoas em vigil\u00e2ncia ativa, 1422 doentes recuperados e 22 casos ativos. No M\u00e9dio Tejo houve registo de [&hellip;]<\/p>\n","protected":false},"author":1,"featured_media":41368,"comment_status":"open","ping_status":"closed","sticky":false,"template":"","format":"standard","meta":{"_acf_changed":false,"footnotes":""},"categories":[1],"tags":[],"class_list":{"0":"post-41807","1":"post","2":"type-post","3":"status-publish","4":"format-standard","5":"has-post-thumbnail","7":"category-sem-categoria"},"acf":[],"_links":{"self":[{"href":"https:\/\/www.entroncamentoonline.pt\/portal\/wp-json\/wp\/v2\/posts\/41807","targetHints":{"allow":["GET"]}}],"collection":[{"href":"https:\/\/www.entroncamentoonline.pt\/portal\/wp-json\/wp\/v2\/posts"}],"about":[{"href":"https:\/\/www.entroncamentoonline.pt\/portal\/wp-json\/wp\/v2\/types\/post"}],"author":[{"embeddable":true,"href":"https:\/\/www.entroncamentoonline.pt\/portal\/wp-json\/wp\/v2\/users\/1"}],"replies":[{"embeddable":true,"href":"https:\/\/www.entroncamentoonline.pt\/portal\/wp-json\/wp\/v2\/comments?post=41807"}],"version-history":[{"count":0,"href":"https:\/\/www.entroncamentoonline.pt\/portal\/wp-json\/wp\/v2\/posts\/41807\/revisions"}],"wp:featuredmedia":[{"embeddable":true,"href":"https:\/\/www.entroncamentoonline.pt\/portal\/wp-json\/wp\/v2\/media\/41368"}],"wp:attachment":[{"href":"https:\/\/www.entroncamentoonline.pt\/portal\/wp-json\/wp\/v2\/media?parent=41807"}],"wp:term":[{"taxonomy":"category","embeddable":true,"href":"https:\/\/www.entroncamentoonline.pt\/portal\/wp-json\/wp\/v2\/categories?post=41807"},{"taxonomy":"post_tag","embeddable":true,"href":"https:\/\/www.entroncamentoonline.pt\/portal\/wp-json\/wp\/v2\/tags?post=41807"}],"curies":[{"name":"wp","href":"https:\/\/api.w.org\/{rel}","templated":true}]}}