{"id":41686,"date":"2021-10-22T17:07:56","date_gmt":"2021-10-22T16:07:56","guid":{"rendered":"https:\/\/www.entroncamentoonline.pt\/portal\/?p=41686"},"modified":"2021-10-23T15:25:22","modified_gmt":"2021-10-23T14:25:22","slug":"41686-2","status":"publish","type":"post","link":"https:\/\/www.entroncamentoonline.pt\/portal\/41686-2\/","title":{"rendered":"Entroncamento | Sete novos casos de Covid-19 e menos 22 casos em vigil\u00e2ncia ativa"},"content":{"rendered":"<figure id=\"attachment_41712\" aria-describedby=\"caption-attachment-41712\" style=\"width: 608px\" class=\"wp-caption aligncenter\"><img loading=\"lazy\" decoding=\"async\" class=\"size-full wp-image-41712\" src=\"https:\/\/www.entroncamentoonline.pt\/portal\/wp-content\/uploads\/2021\/10\/MapasPortugal22.10.jpg\" alt=\"\" width=\"608\" height=\"430\" \/><figcaption id=\"caption-attachment-41712\" class=\"wp-caption-text\">Evolu\u00e7\u00e3o da Covid-19 em Portugal (Levy Correia)<\/figcaption><\/figure>\n<figure id=\"attachment_41711\" aria-describedby=\"caption-attachment-41711\" style=\"width: 608px\" class=\"wp-caption aligncenter\"><img loading=\"lazy\" decoding=\"async\" class=\"size-full wp-image-41711\" src=\"https:\/\/www.entroncamentoonline.pt\/portal\/wp-content\/uploads\/2021\/10\/MapasGruposRisco21.10.jpg\" alt=\"\" width=\"608\" height=\"430\" \/><figcaption id=\"caption-attachment-41711\" class=\"wp-caption-text\">Valores da incid\u00eancia cumulativa por 100 mil habitantes nos concelhos do ACES MT (Levy Correia)<\/figcaption><\/figure>\n<figure id=\"attachment_41710\" aria-describedby=\"caption-attachment-41710\" style=\"width: 608px\" class=\"wp-caption aligncenter\"><img loading=\"lazy\" decoding=\"async\" class=\"size-full wp-image-41710\" src=\"https:\/\/www.entroncamentoonline.pt\/portal\/wp-content\/uploads\/2021\/10\/MapasRecuperados21.10.jpg\" alt=\"\" width=\"608\" height=\"430\" \/><figcaption id=\"caption-attachment-41710\" class=\"wp-caption-text\">Casos em Vigil\u00e2ncia ativa (Levy Correia)<\/figcaption><\/figure>\n<p>Segundo o Agrupamento de Centros de Sa\u00fade do M\u00e9dio Tejo (ACES MT), esta sexta-feira, dia 22 de outubro, no concelho do Entroncamento h\u00e1 registo de 7 novos casos de Covid-19, sendo 1466 o n\u00famero total de casos, 13 pessoas em vigil\u00e2ncia ativa, 1422 doentes recuperados e 20 casos ativos.<\/p>\n<p>No M\u00e9dio Tejo houve registo de 23 casos de Covid-19 (ontem 30). Tr\u00eas em Abrantes, 7 no Entroncamento, 2 em Ma\u00e7\u00e3o, 8 em Our\u00e9m e 3 em Tomar.<\/p>\n<p><img loading=\"lazy\" decoding=\"async\" class=\"size-full wp-image-41713 aligncenter\" src=\"https:\/\/www.entroncamentoonline.pt\/portal\/wp-content\/uploads\/2021\/10\/ACESMT22.10.jpg\" alt=\"\" width=\"778\" height=\"505\" \/><\/p>\n<p style=\"text-align: center;\"><strong>Em Portugal nas \u00faltimas 24 horas | Mais 930 casos e 8 mortos<\/strong><\/p>\n<p>A n\u00edvel nacional esta sexta-feira h\u00e1 registo de 8 \u00f3bitos, (ontem 8), num total de 18125, o total de infetados \u00e9 agora 1083651, mais 930, (ontem 865) os casos recuperados s\u00e3o 1034721, mais 678, (ontem 664), os internados 284, (-4 que ontem, 288) e em cuidados intensivos 60, (+2 que ontem, 58).<\/p>\n<p><img loading=\"lazy\" decoding=\"async\" class=\"size-medium wp-image-41698 aligncenter\" src=\"https:\/\/www.entroncamentoonline.pt\/portal\/wp-content\/uploads\/2021\/10\/RelatorioDGS-649x800.jpg\" alt=\"\" width=\"649\" height=\"800\" \/><\/p>\n<p style=\"text-align: center;\"><strong>Evolu\u00e7\u00e3o da Covid-19 nos concelhos da ACES M\u00e9dio Tejo (Levy Correia)<\/strong><\/p>\n\n<p><img loading=\"lazy\" decoding=\"async\" class=\"size-medium wp-image-41697 aligncenter\" src=\"https:\/\/www.entroncamentoonline.pt\/portal\/wp-content\/uploads\/2021\/10\/MatrizRisco-637x800.jpg\" alt=\"\" width=\"637\" height=\"800\" \/><\/p>\n<div class=\"fb-background-color\">\n\t\t\t  <div \n\t\t\t  \tclass = \"fb-comments\" \n\t\t\t  \tdata-href = \"https:\/\/www.entroncamentoonline.pt\/portal\/41686-2\/\"\n\t\t\t  \tdata-numposts = \"10\"\n\t\t\t  \tdata-lazy = \"true\"\n\t\t\t\tdata-colorscheme = \"light\"\n\t\t\t\tdata-order-by = \"social\"\n\t\t\t\tdata-mobile=true>\n\t\t\t  <\/div><\/div>\n\t\t  <style>\n\t\t    .fb-background-color {\n\t\t\t\tbackground:  !important;\n\t\t\t}\n\t\t\t.fb_iframe_widget_fluid_desktop iframe {\n\t\t\t    width: 100% !important;\n\t\t\t}\n\t\t  <\/style>\n\t\t  ","protected":false},"excerpt":{"rendered":"<p>Segundo o Agrupamento de Centros de Sa\u00fade do M\u00e9dio Tejo (ACES MT), esta sexta-feira, dia 22 de outubro, no concelho do Entroncamento h\u00e1 registo de 7 novos casos de Covid-19, sendo 1466 o n\u00famero total de casos, 13 pessoas em vigil\u00e2ncia ativa, 1422 doentes recuperados e 20 casos ativos. No M\u00e9dio Tejo houve registo de [&hellip;]<\/p>\n","protected":false},"author":1,"featured_media":36702,"comment_status":"open","ping_status":"closed","sticky":false,"template":"","format":"standard","meta":{"_acf_changed":false,"footnotes":""},"categories":[1],"tags":[],"class_list":{"0":"post-41686","1":"post","2":"type-post","3":"status-publish","4":"format-standard","5":"has-post-thumbnail","7":"category-sem-categoria"},"acf":[],"_links":{"self":[{"href":"https:\/\/www.entroncamentoonline.pt\/portal\/wp-json\/wp\/v2\/posts\/41686","targetHints":{"allow":["GET"]}}],"collection":[{"href":"https:\/\/www.entroncamentoonline.pt\/portal\/wp-json\/wp\/v2\/posts"}],"about":[{"href":"https:\/\/www.entroncamentoonline.pt\/portal\/wp-json\/wp\/v2\/types\/post"}],"author":[{"embeddable":true,"href":"https:\/\/www.entroncamentoonline.pt\/portal\/wp-json\/wp\/v2\/users\/1"}],"replies":[{"embeddable":true,"href":"https:\/\/www.entroncamentoonline.pt\/portal\/wp-json\/wp\/v2\/comments?post=41686"}],"version-history":[{"count":0,"href":"https:\/\/www.entroncamentoonline.pt\/portal\/wp-json\/wp\/v2\/posts\/41686\/revisions"}],"wp:featuredmedia":[{"embeddable":true,"href":"https:\/\/www.entroncamentoonline.pt\/portal\/wp-json\/wp\/v2\/media\/36702"}],"wp:attachment":[{"href":"https:\/\/www.entroncamentoonline.pt\/portal\/wp-json\/wp\/v2\/media?parent=41686"}],"wp:term":[{"taxonomy":"category","embeddable":true,"href":"https:\/\/www.entroncamentoonline.pt\/portal\/wp-json\/wp\/v2\/categories?post=41686"},{"taxonomy":"post_tag","embeddable":true,"href":"https:\/\/www.entroncamentoonline.pt\/portal\/wp-json\/wp\/v2\/tags?post=41686"}],"curies":[{"name":"wp","href":"https:\/\/api.w.org\/{rel}","templated":true}]}}