{"id":41601,"date":"2021-10-20T09:31:45","date_gmt":"2021-10-20T08:31:45","guid":{"rendered":"https:\/\/www.entroncamentoonline.pt\/portal\/?p=41601"},"modified":"2021-10-20T09:31:45","modified_gmt":"2021-10-20T08:31:45","slug":"pipa-programa-da-imagem-e-da-palavra-da-azinhaga-foi-lancado-no-sabado-no-ribatejo","status":"publish","type":"post","link":"https:\/\/www.entroncamentoonline.pt\/portal\/pipa-programa-da-imagem-e-da-palavra-da-azinhaga-foi-lancado-no-sabado-no-ribatejo\/","title":{"rendered":"PIPA \u2013 Programa da Imagem e da Palavra da Azinhaga foi lan\u00e7ado no s\u00e1bado no Ribatejo"},"content":{"rendered":"<p>O PIPA \u2013 Programa da Imagem e da Palavra da Azinhaga \u00e9 uma iniciativa da Associa\u00e7\u00e3o Isto n\u00e3o \u00e9 um Cachimbo, que pretende desenvolver um conjunto de atividades ligadas \u00e0s Artes Visuais e \u00e0 Palavra. O lan\u00e7amento do PIPA aconteceu este s\u00e1bado, pelas 15h30, na antiga escola prim\u00e1ria da Azinhaga.<\/p>\n<p>Trata-se de um programa expandido na sua abordagem interdisciplinar e transversal, colocando em di\u00e1logo a Literatura e as pr\u00e1ticas da Arte Contempor\u00e2nea. Pretende ser um lugar de partilha e intera\u00e7\u00e3o entre artistas, escritores, poetas, m\u00fasicos e outros criadores e agentes culturais, criando rela\u00e7\u00f5es com a comunidade e cultura locais.<\/p>\n<p>\u201cGostar\u00edamos de dar uma nova express\u00e3o ao importante legado da regi\u00e3o, e contribuir para a aproxima\u00e7\u00e3o de p\u00fablicos \u00e0 Arte Contempor\u00e2nea\u201d, explica Ana Matos cofundadora do PIPA.<\/p>\n<p>Este Programa nasce na Azinhaga, no Concelho da Goleg\u00e3, terras do Pr\u00e9mio Nobel da Literatura, Jos\u00e9 Saramago, e do fot\u00f3grafo, Carlos Relvas, cujos legados se pretendem revisitar para (re)encontrar a irrever\u00eancia, a mestria, o sentido cr\u00edtico e a interroga\u00e7\u00e3o constante.<\/p>\n<p>A programa\u00e7\u00e3o do PIPA abrange diversas iniciativas que v\u00e3o desde exposi\u00e7\u00f5es e palestras, passando por apresenta\u00e7\u00f5es de livros, conversas com artistas e produ\u00e7\u00e3o de edi\u00e7\u00f5es at\u00e9 ao projeto educativo, contribuindo, desta forma, para a produ\u00e7\u00e3o de conhecimento, capacidade cr\u00edtica e sentido est\u00e9tico.<\/p>\n<p>At\u00e9 ao final do ano de 2021 est\u00e3o programadas diversas atividades, de entrada livre (algumas com inscri\u00e7\u00e3o obrigat\u00f3ria), que arrancaram j\u00e1 este domingo, com uma atividade direcionada para o p\u00fablico infantil \u201cSer Magritte por um Dia\u201d, orientada por Catarina da Ponte (historiadora de arte e curadora), segue-se, no dia 22 de outubro a apresenta\u00e7\u00e3o do filme \u201cMulheres do meu pa\u00eds\u201d seguido de uma conversa com Raquel Freire (argumentista e realizadora); no dia 27 de novembro, a oficina \u201cO Museu do Pensamento\u201d, Joana B\u00e9rtholo (escritora e dramaturga), e \u201cProcessos de escrita\u201d uma palestra com Jo\u00e3o Tordo (escritor). A m\u00fasica marca presen\u00e7a no dia 18 de dezembro com o \u201cConcerto por uma \u00e1rvore\u201d, de Fernando Mota (Compositor, multi-instrumentista, artista sonoro) e nos dias 20 e 23 de dezembro t\u00eam lugar mais duas atividades para o p\u00fablico infantil \u201cSer Van Gogh por um dia\u201d e \u00a0\u201cSer Matisse por um dia\u201d.<\/p>\n<p>Neste \u00faltimo trimestre do ano, est\u00e1 ainda prevista a palestra \u201cArte e Educa\u00e7\u00e3o\u201d proferida pelo Comiss\u00e1rio do Plano Nacional das Artes, Paulo Pires do Vale, e a inaugura\u00e7\u00e3o da exposi\u00e7\u00e3o \u201cSol do artista visual, Rui Horta Pereira.<\/p>\n<p>Est\u00e3o previstas tamb\u00e9m um conjunto de Resid\u00eancias Art\u00edsticas e Liter\u00e1rias que t\u00eam como ponto de partida o territ\u00f3rio da Azinhaga e a regi\u00e3o da Goleg\u00e3, as suas especificidades e idiossincrasias. Neste formato, os artistas estar\u00e3o em resid\u00eancia, na Azinhaga, durante per\u00edodos de curta dura\u00e7\u00e3o com vista \u00e0 produ\u00e7\u00e3o de projetos de natureza diversa. Nesta primeira edi\u00e7\u00e3o estar\u00e1 em resid\u00eancia art\u00edstica o fot\u00f3grafo Augusto Br\u00e1zio.<\/p>\n<p>O PIPA \u2013 Programa da Imagem e da Palavra conta com a parceria institucional da Rep\u00fablica Portuguesa -Cultura, da C\u00e2mara Municipal da Goleg\u00e3 e da Junta de Freguesia da Azinhaga.<\/p>\n<p>\u201cIsto n\u00e3o \u00e9 um Cachimbo\u201d, \u00e9 uma associa\u00e7\u00e3o sem fins lucrativos que tem como fim a produ\u00e7\u00e3o, promo\u00e7\u00e3o e divulga\u00e7\u00e3o de atividades art\u00edsticas e culturais, capta\u00e7\u00e3o e sensibiliza\u00e7\u00e3o dos p\u00fablicos com enfoque na arte contempor\u00e2nea. Organizou durante 10 anos o \u201cBairro das Artes \u2014 A rentr\u00e9e cultural da S\u00e9tima Colina de Lisboa\u201d e organiza, desde 2016, o \u201cMAPA DAS ARTES \u2014 o mapa de Arte Contempor\u00e2nea de Lisboa\u201d.<\/p>\n<div class=\"fb-background-color\">\n\t\t\t  <div \n\t\t\t  \tclass = \"fb-comments\" \n\t\t\t  \tdata-href = \"https:\/\/www.entroncamentoonline.pt\/portal\/pipa-programa-da-imagem-e-da-palavra-da-azinhaga-foi-lancado-no-sabado-no-ribatejo\/\"\n\t\t\t  \tdata-numposts = \"10\"\n\t\t\t  \tdata-lazy = \"true\"\n\t\t\t\tdata-colorscheme = \"light\"\n\t\t\t\tdata-order-by = \"social\"\n\t\t\t\tdata-mobile=true>\n\t\t\t  <\/div><\/div>\n\t\t  <style>\n\t\t    .fb-background-color {\n\t\t\t\tbackground:  !important;\n\t\t\t}\n\t\t\t.fb_iframe_widget_fluid_desktop iframe {\n\t\t\t    width: 100% !important;\n\t\t\t}\n\t\t  <\/style>\n\t\t  ","protected":false},"excerpt":{"rendered":"<p>O PIPA \u2013 Programa da Imagem e da Palavra da Azinhaga \u00e9 uma iniciativa da Associa\u00e7\u00e3o Isto n\u00e3o \u00e9 um Cachimbo, que pretende desenvolver um conjunto de atividades ligadas \u00e0s Artes Visuais e \u00e0 Palavra. O lan\u00e7amento do PIPA aconteceu este s\u00e1bado, pelas 15h30, na antiga escola prim\u00e1ria da Azinhaga. Trata-se de um programa expandido [&hellip;]<\/p>\n","protected":false},"author":1,"featured_media":41602,"comment_status":"open","ping_status":"closed","sticky":false,"template":"","format":"standard","meta":{"_acf_changed":false,"footnotes":""},"categories":[71],"tags":[],"class_list":{"0":"post-41601","1":"post","2":"type-post","3":"status-publish","4":"format-standard","5":"has-post-thumbnail","7":"category-outras-noticias"},"acf":[],"_links":{"self":[{"href":"https:\/\/www.entroncamentoonline.pt\/portal\/wp-json\/wp\/v2\/posts\/41601","targetHints":{"allow":["GET"]}}],"collection":[{"href":"https:\/\/www.entroncamentoonline.pt\/portal\/wp-json\/wp\/v2\/posts"}],"about":[{"href":"https:\/\/www.entroncamentoonline.pt\/portal\/wp-json\/wp\/v2\/types\/post"}],"author":[{"embeddable":true,"href":"https:\/\/www.entroncamentoonline.pt\/portal\/wp-json\/wp\/v2\/users\/1"}],"replies":[{"embeddable":true,"href":"https:\/\/www.entroncamentoonline.pt\/portal\/wp-json\/wp\/v2\/comments?post=41601"}],"version-history":[{"count":0,"href":"https:\/\/www.entroncamentoonline.pt\/portal\/wp-json\/wp\/v2\/posts\/41601\/revisions"}],"wp:featuredmedia":[{"embeddable":true,"href":"https:\/\/www.entroncamentoonline.pt\/portal\/wp-json\/wp\/v2\/media\/41602"}],"wp:attachment":[{"href":"https:\/\/www.entroncamentoonline.pt\/portal\/wp-json\/wp\/v2\/media?parent=41601"}],"wp:term":[{"taxonomy":"category","embeddable":true,"href":"https:\/\/www.entroncamentoonline.pt\/portal\/wp-json\/wp\/v2\/categories?post=41601"},{"taxonomy":"post_tag","embeddable":true,"href":"https:\/\/www.entroncamentoonline.pt\/portal\/wp-json\/wp\/v2\/tags?post=41601"}],"curies":[{"name":"wp","href":"https:\/\/api.w.org\/{rel}","templated":true}]}}