{"id":41486,"date":"2021-10-18T17:30:32","date_gmt":"2021-10-18T16:30:32","guid":{"rendered":"https:\/\/www.entroncamentoonline.pt\/portal\/?p=41486"},"modified":"2021-10-19T16:08:24","modified_gmt":"2021-10-19T15:08:24","slug":"entroncamento-sem-novos-casos-de-covid-19-e-menos-6-casos-em-vigilancia-ativa","status":"publish","type":"post","link":"https:\/\/www.entroncamentoonline.pt\/portal\/entroncamento-sem-novos-casos-de-covid-19-e-menos-6-casos-em-vigilancia-ativa\/","title":{"rendered":"Entroncamento | Sem novos casos de Covid-19 e menos 6 casos em vigil\u00e2ncia ativa"},"content":{"rendered":"<figure id=\"attachment_41496\" aria-describedby=\"caption-attachment-41496\" style=\"width: 608px\" class=\"wp-caption aligncenter\"><img loading=\"lazy\" decoding=\"async\" class=\"size-full wp-image-41496\" src=\"https:\/\/www.entroncamentoonline.pt\/portal\/wp-content\/uploads\/2021\/10\/MapasPortugal18.10.jpg\" alt=\"\" width=\"608\" height=\"430\" \/><figcaption id=\"caption-attachment-41496\" class=\"wp-caption-text\">Evolu\u00e7\u00e3o da Covid-19 em Portugal (Levy Correia)<\/figcaption><\/figure>\n<figure id=\"attachment_41495\" aria-describedby=\"caption-attachment-41495\" style=\"width: 608px\" class=\"wp-caption aligncenter\"><img loading=\"lazy\" decoding=\"async\" class=\"size-full wp-image-41495\" src=\"https:\/\/www.entroncamentoonline.pt\/portal\/wp-content\/uploads\/2021\/10\/MapasGruposRisco17.10.jpg\" alt=\"\" width=\"608\" height=\"430\" \/><figcaption id=\"caption-attachment-41495\" class=\"wp-caption-text\">Valores da incid\u00eancia cumulativa por 100 mil habitantes nos concelhos do ACES MT (Levy Correia)<\/figcaption><\/figure>\n<figure id=\"attachment_41494\" aria-describedby=\"caption-attachment-41494\" style=\"width: 608px\" class=\"wp-caption aligncenter\"><img loading=\"lazy\" decoding=\"async\" class=\"size-full wp-image-41494\" src=\"https:\/\/www.entroncamentoonline.pt\/portal\/wp-content\/uploads\/2021\/10\/MapasRecuperados17.10.jpg\" alt=\"\" width=\"608\" height=\"430\" \/><figcaption id=\"caption-attachment-41494\" class=\"wp-caption-text\">Percentagem dos Recuperados (Levy Correia)<\/figcaption><\/figure>\n<p>Segundo o Agrupamento de Centros de Sa\u00fade do M\u00e9dio Tejo (ACES MT), esta segunda-feira, dia 18 de outubro, no concelho do Entroncamento n\u00e3o h\u00e1 registo de novos casos de Covid-19, sendo 1453 o n\u00famero total de casos, 30 pessoas em vigil\u00e2ncia ativa, 1415 doentes recuperados e 15 casos ativos.<\/p>\n<p>No M\u00e9dio Tejo houve registo de 3 casos de Covid-19 (ontem 6). Dois em Our\u00e9m e 1 em Torres Novas.<\/p>\n<p><img loading=\"lazy\" decoding=\"async\" class=\"size-full wp-image-41518 aligncenter\" src=\"https:\/\/www.entroncamentoonline.pt\/portal\/wp-content\/uploads\/2021\/10\/ACESMT18.10.jpg\" alt=\"\" width=\"778\" height=\"505\" \/><\/p>\n<p style=\"text-align: center;\"><strong>Em Portugal nas \u00faltimas 24 horas | Mais 291 casos e 3 mortos<\/strong><\/p>\n<p>A n\u00edvel nacional esta segunda-feira h\u00e1 registo de 3 \u00f3bitos, (ontem 9), num total de 18100, o total de infetados \u00e9 agora 1080097, mais 291, (ontem 465) os casos recuperados s\u00e3o 1031792, mais 392, (ontem 258), os internados 312, (+17 que ontem, 295) e em cuidados intensivos 62, (+1 que ontem, 61).<\/p>\n<p><img loading=\"lazy\" decoding=\"async\" class=\"size-medium wp-image-41492 aligncenter\" src=\"https:\/\/www.entroncamentoonline.pt\/portal\/wp-content\/uploads\/2021\/10\/RelatorioDGS-645x800.jpg\" alt=\"\" width=\"645\" height=\"800\" \/><\/p>\n<p style=\"text-align: center;\"><strong>Evolu\u00e7\u00e3o da Covid-19 nos concelhos da ACES M\u00e9dio Tejo (Levy Correia)<\/strong><\/p>\n\n<p><img loading=\"lazy\" decoding=\"async\" class=\"size-medium wp-image-41491 aligncenter\" src=\"https:\/\/www.entroncamentoonline.pt\/portal\/wp-content\/uploads\/2021\/10\/MatrizRisco-658x800.jpg\" alt=\"\" width=\"658\" height=\"800\" \/><\/p>\n<div class=\"fb-background-color\">\n\t\t\t  <div \n\t\t\t  \tclass = \"fb-comments\" \n\t\t\t  \tdata-href = \"https:\/\/www.entroncamentoonline.pt\/portal\/entroncamento-sem-novos-casos-de-covid-19-e-menos-6-casos-em-vigilancia-ativa\/\"\n\t\t\t  \tdata-numposts = \"10\"\n\t\t\t  \tdata-lazy = \"true\"\n\t\t\t\tdata-colorscheme = \"light\"\n\t\t\t\tdata-order-by = \"social\"\n\t\t\t\tdata-mobile=true>\n\t\t\t  <\/div><\/div>\n\t\t  <style>\n\t\t    .fb-background-color {\n\t\t\t\tbackground:  !important;\n\t\t\t}\n\t\t\t.fb_iframe_widget_fluid_desktop iframe {\n\t\t\t    width: 100% !important;\n\t\t\t}\n\t\t  <\/style>\n\t\t  ","protected":false},"excerpt":{"rendered":"<p>Segundo o Agrupamento de Centros de Sa\u00fade do M\u00e9dio Tejo (ACES MT), esta segunda-feira, dia 18 de outubro, no concelho do Entroncamento n\u00e3o h\u00e1 registo de novos casos de Covid-19, sendo 1453 o n\u00famero total de casos, 30 pessoas em vigil\u00e2ncia ativa, 1415 doentes recuperados e 15 casos ativos. No M\u00e9dio Tejo houve registo de [&hellip;]<\/p>\n","protected":false},"author":1,"featured_media":40911,"comment_status":"open","ping_status":"closed","sticky":false,"template":"","format":"standard","meta":{"_acf_changed":false,"footnotes":""},"categories":[1],"tags":[],"class_list":{"0":"post-41486","1":"post","2":"type-post","3":"status-publish","4":"format-standard","5":"has-post-thumbnail","7":"category-sem-categoria"},"acf":[],"_links":{"self":[{"href":"https:\/\/www.entroncamentoonline.pt\/portal\/wp-json\/wp\/v2\/posts\/41486","targetHints":{"allow":["GET"]}}],"collection":[{"href":"https:\/\/www.entroncamentoonline.pt\/portal\/wp-json\/wp\/v2\/posts"}],"about":[{"href":"https:\/\/www.entroncamentoonline.pt\/portal\/wp-json\/wp\/v2\/types\/post"}],"author":[{"embeddable":true,"href":"https:\/\/www.entroncamentoonline.pt\/portal\/wp-json\/wp\/v2\/users\/1"}],"replies":[{"embeddable":true,"href":"https:\/\/www.entroncamentoonline.pt\/portal\/wp-json\/wp\/v2\/comments?post=41486"}],"version-history":[{"count":0,"href":"https:\/\/www.entroncamentoonline.pt\/portal\/wp-json\/wp\/v2\/posts\/41486\/revisions"}],"wp:featuredmedia":[{"embeddable":true,"href":"https:\/\/www.entroncamentoonline.pt\/portal\/wp-json\/wp\/v2\/media\/40911"}],"wp:attachment":[{"href":"https:\/\/www.entroncamentoonline.pt\/portal\/wp-json\/wp\/v2\/media?parent=41486"}],"wp:term":[{"taxonomy":"category","embeddable":true,"href":"https:\/\/www.entroncamentoonline.pt\/portal\/wp-json\/wp\/v2\/categories?post=41486"},{"taxonomy":"post_tag","embeddable":true,"href":"https:\/\/www.entroncamentoonline.pt\/portal\/wp-json\/wp\/v2\/tags?post=41486"}],"curies":[{"name":"wp","href":"https:\/\/api.w.org\/{rel}","templated":true}]}}