{"id":38695,"date":"2021-08-17T16:27:12","date_gmt":"2021-08-17T15:27:12","guid":{"rendered":"https:\/\/www.entroncamentoonline.pt\/portal\/?p=38695"},"modified":"2021-08-17T16:27:12","modified_gmt":"2021-08-17T15:27:12","slug":"torreshopping-escolhido-para-a-filmagem-do-novo-projeto-de-pedro-cabeleira-by-flavio","status":"publish","type":"post","link":"https:\/\/www.entroncamentoonline.pt\/portal\/torreshopping-escolhido-para-a-filmagem-do-novo-projeto-de-pedro-cabeleira-by-flavio\/","title":{"rendered":"Torreshopping escolhido para a filmagem do novo projeto de Pedro Cabeleira\u00a0\u201cBy Fl\u00e1vio\u201d"},"content":{"rendered":"<p>O Torreshopping, centro comercial da cidade de Torres Novas, foi um dos cen\u00e1rios escolhidos pelo galardoado realizador portugu\u00eas, Pedro Cabeleira, para dar palco \u00e0s filmagens do seu novo trabalho, a curta-metragem \u201cBy Fl\u00e1vio\u201d. Este projeto vem real\u00e7ar o apoio que o Centro tem procurado dar ao sector das artes e cultura nacionais e conta, tamb\u00e9m, com o apoio da C\u00e2mara Municipal de Torres Novas.<\/p>\n<p>O Torreshopping foi recentemente renovado, de forma a proporcionar uma journey ainda mais agrad\u00e1vel aos seus visitantes e clientes, agora a funcionar em hor\u00e1rio completo e com total seguran\u00e7a. O Centro re\u00fane, hoje, todas as condi\u00e7\u00f5es para proporcionar uma experi\u00eancia de lazer e de compras relevante, com um mix de lojas e espa\u00e7os de restaura\u00e7\u00e3o que respondem \u00e0s mais exigentes necessidades dos consumidores. \u00c9, atualmente, palco de iniciativas ligadas ao meio art\u00edstico e cultural, apoiando na promo\u00e7\u00e3o de reconhecidos artistas de v\u00e1rias \u00e1reas.<\/p>\n<p>Joaquina Rom\u00e3o, Diretora do Torreshopping, afirma que \u201c\u00e9 com orgulho que somos selecionados para integrar os cen\u00e1rios das filmagens da nova curta-metragem, desenvolvida pelo realizador portugu\u00eas Pedro Cabeleira. O Torreshopping tem procurado apoiar artistas nacionais, atrav\u00e9s das iniciativas que acolhe e desenvolve internamente e esta oportunidade vem, sem d\u00favida, refor\u00e7ar a nossa inten\u00e7\u00e3o de criar momentos que oferecem ainda mais e melhor do mundo das artes, a todos os clientes e visitantes.\u201d<\/p>\n<p>Pedro Cabeleira, natural do Ribatejo, nasceu em 1992, no Entroncamento. Viveu, durante a inf\u00e2ncia, entre o mundo do futebol e outros sonhos e fantasias, cruzamento de coexist\u00eancia entre her\u00f3is imagin\u00e1rios e personagens exc\u00eantricas. A ingenuidade emocional ramificou-se mais tarde num fasc\u00ednio mais complexo pelo ser humano, por hist\u00f3rias e pela dimens\u00e3o t\u00e9cnica do cinema. Licenciou-se em Cinema (especializa\u00e7\u00e3o em realiza\u00e7\u00e3o) na Escola Superior de Teatro e Cinema. A sua primeira longa-metragem, \u201cVer\u00e3o Danado\u201d (2017), estreou no Festival de Locarno, onde obteve uma men\u00e7\u00e3o especial na sec\u00e7\u00e3o Cineastas do Presente, marcando presen\u00e7a em diversos festivais de renome como Mar del Plata, Torino e Cannes. Recentemente realizou a curta-metragem \u201cFilomena\u201d a convite da Trienal de Arquitectura de Lisboa com estreia no IndieLisboa 2019 e vencedora do Grande Pr\u00e9mio do Festival de Cinema Jovem Ymotion.<\/p>\n<div class=\"fb-background-color\">\n\t\t\t  <div \n\t\t\t  \tclass = \"fb-comments\" \n\t\t\t  \tdata-href = \"https:\/\/www.entroncamentoonline.pt\/portal\/torreshopping-escolhido-para-a-filmagem-do-novo-projeto-de-pedro-cabeleira-by-flavio\/\"\n\t\t\t  \tdata-numposts = \"10\"\n\t\t\t  \tdata-lazy = \"true\"\n\t\t\t\tdata-colorscheme = \"light\"\n\t\t\t\tdata-order-by = \"social\"\n\t\t\t\tdata-mobile=true>\n\t\t\t  <\/div><\/div>\n\t\t  <style>\n\t\t    .fb-background-color {\n\t\t\t\tbackground:  !important;\n\t\t\t}\n\t\t\t.fb_iframe_widget_fluid_desktop iframe {\n\t\t\t    width: 100% !important;\n\t\t\t}\n\t\t  <\/style>\n\t\t  ","protected":false},"excerpt":{"rendered":"<p>O Torreshopping, centro comercial da cidade de Torres Novas, foi um dos cen\u00e1rios escolhidos pelo galardoado realizador portugu\u00eas, Pedro Cabeleira, para dar palco \u00e0s filmagens do seu novo trabalho, a curta-metragem \u201cBy Fl\u00e1vio\u201d. Este projeto vem real\u00e7ar o apoio que o Centro tem procurado dar ao sector das artes e cultura nacionais e conta, tamb\u00e9m, [&hellip;]<\/p>\n","protected":false},"author":1,"featured_media":38696,"comment_status":"open","ping_status":"closed","sticky":false,"template":"","format":"standard","meta":{"_acf_changed":false,"footnotes":""},"categories":[71],"tags":[],"class_list":{"0":"post-38695","1":"post","2":"type-post","3":"status-publish","4":"format-standard","5":"has-post-thumbnail","7":"category-outras-noticias"},"acf":[],"_links":{"self":[{"href":"https:\/\/www.entroncamentoonline.pt\/portal\/wp-json\/wp\/v2\/posts\/38695","targetHints":{"allow":["GET"]}}],"collection":[{"href":"https:\/\/www.entroncamentoonline.pt\/portal\/wp-json\/wp\/v2\/posts"}],"about":[{"href":"https:\/\/www.entroncamentoonline.pt\/portal\/wp-json\/wp\/v2\/types\/post"}],"author":[{"embeddable":true,"href":"https:\/\/www.entroncamentoonline.pt\/portal\/wp-json\/wp\/v2\/users\/1"}],"replies":[{"embeddable":true,"href":"https:\/\/www.entroncamentoonline.pt\/portal\/wp-json\/wp\/v2\/comments?post=38695"}],"version-history":[{"count":0,"href":"https:\/\/www.entroncamentoonline.pt\/portal\/wp-json\/wp\/v2\/posts\/38695\/revisions"}],"wp:featuredmedia":[{"embeddable":true,"href":"https:\/\/www.entroncamentoonline.pt\/portal\/wp-json\/wp\/v2\/media\/38696"}],"wp:attachment":[{"href":"https:\/\/www.entroncamentoonline.pt\/portal\/wp-json\/wp\/v2\/media?parent=38695"}],"wp:term":[{"taxonomy":"category","embeddable":true,"href":"https:\/\/www.entroncamentoonline.pt\/portal\/wp-json\/wp\/v2\/categories?post=38695"},{"taxonomy":"post_tag","embeddable":true,"href":"https:\/\/www.entroncamentoonline.pt\/portal\/wp-json\/wp\/v2\/tags?post=38695"}],"curies":[{"name":"wp","href":"https:\/\/api.w.org\/{rel}","templated":true}]}}