{"id":36632,"date":"2021-07-01T13:25:23","date_gmt":"2021-07-01T12:25:23","guid":{"rendered":"https:\/\/www.entroncamentoonline.pt\/portal\/?p=36632"},"modified":"2021-07-02T10:48:40","modified_gmt":"2021-07-02T09:48:40","slug":"santarem-salgueiro-maia-homenageado-no-dia-do-seu-nascimento","status":"publish","type":"post","link":"https:\/\/www.entroncamentoonline.pt\/portal\/santarem-salgueiro-maia-homenageado-no-dia-do-seu-nascimento\/","title":{"rendered":"Santar\u00e9m | Salgueiro Maia homenageado no dia do seu nascimento"},"content":{"rendered":"<p>A C\u00e2mara de Santar\u00e9m e a Associa\u00e7\u00e3o Salgueiro Maia (ASM) assinalaram no dia 1 de Julho o 77\u00ba anivers\u00e1rio de nascimento de Salgueiro Maia, com a deposi\u00e7\u00e3o de uma coroa de flores junto \u00e0 est\u00e1tua do Capit\u00e3o de Abril, no Jardim dos Cravos, em Santar\u00e9m.<\/p>\n<p>Ricardo Gon\u00e7alves, Presidente da C\u00e2mara Municipal de Santar\u00e9m, In\u00eas Barroso e Cristina Casanova Martins, Vereadoras da CMS, e os representantes da Associa\u00e7\u00e3o Salgueiro Maia lembraram o nascimento do Capit\u00e3o Salgueiro Maia que chefiou a coluna militar que a 25 de Abril de 1974 saiu de Santar\u00e9m, rumo a Lisboa, para derrubar a ditadura do Estado Novo e instaurar a Democracia em Portugal.<\/p>\n<div class=\"fb-background-color\">\n\t\t\t  <div \n\t\t\t  \tclass = \"fb-comments\" \n\t\t\t  \tdata-href = \"https:\/\/www.entroncamentoonline.pt\/portal\/santarem-salgueiro-maia-homenageado-no-dia-do-seu-nascimento\/\"\n\t\t\t  \tdata-numposts = \"10\"\n\t\t\t  \tdata-lazy = \"true\"\n\t\t\t\tdata-colorscheme = \"light\"\n\t\t\t\tdata-order-by = \"social\"\n\t\t\t\tdata-mobile=true>\n\t\t\t  <\/div><\/div>\n\t\t  <style>\n\t\t    .fb-background-color {\n\t\t\t\tbackground:  !important;\n\t\t\t}\n\t\t\t.fb_iframe_widget_fluid_desktop iframe {\n\t\t\t    width: 100% !important;\n\t\t\t}\n\t\t  <\/style>\n\t\t  ","protected":false},"excerpt":{"rendered":"<p>A C\u00e2mara de Santar\u00e9m e a Associa\u00e7\u00e3o Salgueiro Maia (ASM) assinalaram no dia 1 de Julho o 77\u00ba anivers\u00e1rio de nascimento de Salgueiro Maia, com a deposi\u00e7\u00e3o de uma coroa de flores junto \u00e0 est\u00e1tua do Capit\u00e3o de Abril, no Jardim dos Cravos, em Santar\u00e9m. Ricardo Gon\u00e7alves, Presidente da C\u00e2mara Municipal de Santar\u00e9m, In\u00eas Barroso [&hellip;]<\/p>\n","protected":false},"author":1,"featured_media":36633,"comment_status":"open","ping_status":"closed","sticky":false,"template":"","format":"standard","meta":{"_acf_changed":false,"footnotes":""},"categories":[71],"tags":[],"class_list":{"0":"post-36632","1":"post","2":"type-post","3":"status-publish","4":"format-standard","5":"has-post-thumbnail","7":"category-outras-noticias"},"acf":[],"_links":{"self":[{"href":"https:\/\/www.entroncamentoonline.pt\/portal\/wp-json\/wp\/v2\/posts\/36632","targetHints":{"allow":["GET"]}}],"collection":[{"href":"https:\/\/www.entroncamentoonline.pt\/portal\/wp-json\/wp\/v2\/posts"}],"about":[{"href":"https:\/\/www.entroncamentoonline.pt\/portal\/wp-json\/wp\/v2\/types\/post"}],"author":[{"embeddable":true,"href":"https:\/\/www.entroncamentoonline.pt\/portal\/wp-json\/wp\/v2\/users\/1"}],"replies":[{"embeddable":true,"href":"https:\/\/www.entroncamentoonline.pt\/portal\/wp-json\/wp\/v2\/comments?post=36632"}],"version-history":[{"count":0,"href":"https:\/\/www.entroncamentoonline.pt\/portal\/wp-json\/wp\/v2\/posts\/36632\/revisions"}],"wp:featuredmedia":[{"embeddable":true,"href":"https:\/\/www.entroncamentoonline.pt\/portal\/wp-json\/wp\/v2\/media\/36633"}],"wp:attachment":[{"href":"https:\/\/www.entroncamentoonline.pt\/portal\/wp-json\/wp\/v2\/media?parent=36632"}],"wp:term":[{"taxonomy":"category","embeddable":true,"href":"https:\/\/www.entroncamentoonline.pt\/portal\/wp-json\/wp\/v2\/categories?post=36632"},{"taxonomy":"post_tag","embeddable":true,"href":"https:\/\/www.entroncamentoonline.pt\/portal\/wp-json\/wp\/v2\/tags?post=36632"}],"curies":[{"name":"wp","href":"https:\/\/api.w.org\/{rel}","templated":true}]}}