{"id":36623,"date":"2021-07-01T20:31:51","date_gmt":"2021-07-01T19:31:51","guid":{"rendered":"https:\/\/www.entroncamentoonline.pt\/portal\/?p=36623"},"modified":"2021-07-01T21:09:06","modified_gmt":"2021-07-01T20:09:06","slug":"entroncamento-vitalderm-comemora-10-anos","status":"publish","type":"post","link":"https:\/\/www.entroncamentoonline.pt\/portal\/entroncamento-vitalderm-comemora-10-anos\/","title":{"rendered":"Entroncamento | VitalDerm comemora 10 anos"},"content":{"rendered":"<p>A VitalDerm, Centro de Est\u00e9tica e Cabeleireiro, abriu as portas na cidade do Entroncamento no dia 1 julho 2011, comemorando 10 anos esta quinta-feira, tendo convidado clientes e amigos para cantarem os parab\u00e9ns.<\/p>\n<p>A propriet\u00e1ria, Claudia Fonseca, afirmou que o sucesso se deve \u201ca todos\/as os clientes, a quem agrade\u00e7o, que por aqui se fizeram presentes ao longo de todos estes anos, sem eles era imposs\u00edvel. A toda a equipa, N\u00e1dia Fonseca e agora como nossa profissional de Cabeleireira, Laurie Lopes. \u00c9 com enorme satisfa\u00e7\u00e3o e orgulho que agrade\u00e7o de cora\u00e7\u00e3o, e que venham mais 10!\u201d.<\/p>\n<p>A VitalDerm fica na Rua da Maruja n. 31, no Entroncamento e o telefone para marca\u00e7\u00f5es \u00e9 o 963 133 399. Na VitalDerna s\u00e3o prestados servi\u00e7os de\u00a0manicura, verniz gel, unhas de gel, pedicura, epila\u00e7\u00e3o, laser d\u00edodo, cavita\u00e7\u00e3o, vacuoterapia, pressoterapia, gessoterapia, limpeza de pela, radiofrequ\u00eancia, massagens, remo\u00e7\u00e3o de estrias.<\/p>\n<p><img loading=\"lazy\" decoding=\"async\" class=\"size-full wp-image-36689 aligncenter\" src=\"https:\/\/www.entroncamentoonline.pt\/portal\/wp-content\/uploads\/2021\/07\/VitalDerma2-2.jpg\" alt=\"\" width=\"622\" height=\"420\" \/><\/p>\n<div class=\"fb-background-color\">\n\t\t\t  <div \n\t\t\t  \tclass = \"fb-comments\" \n\t\t\t  \tdata-href = \"https:\/\/www.entroncamentoonline.pt\/portal\/entroncamento-vitalderm-comemora-10-anos\/\"\n\t\t\t  \tdata-numposts = \"10\"\n\t\t\t  \tdata-lazy = \"true\"\n\t\t\t\tdata-colorscheme = \"light\"\n\t\t\t\tdata-order-by = \"social\"\n\t\t\t\tdata-mobile=true>\n\t\t\t  <\/div><\/div>\n\t\t  <style>\n\t\t    .fb-background-color {\n\t\t\t\tbackground:  !important;\n\t\t\t}\n\t\t\t.fb_iframe_widget_fluid_desktop iframe {\n\t\t\t    width: 100% !important;\n\t\t\t}\n\t\t  <\/style>\n\t\t  ","protected":false},"excerpt":{"rendered":"<p>A VitalDerm, Centro de Est\u00e9tica e Cabeleireiro, abriu as portas na cidade do Entroncamento no dia 1 julho 2011, comemorando 10 anos esta quinta-feira, tendo convidado clientes e amigos para cantarem os parab\u00e9ns. A propriet\u00e1ria, Claudia Fonseca, afirmou que o sucesso se deve \u201ca todos\/as os clientes, a quem agrade\u00e7o, que por aqui se fizeram [&hellip;]<\/p>\n","protected":false},"author":1,"featured_media":36680,"comment_status":"open","ping_status":"closed","sticky":false,"template":"","format":"standard","meta":{"_acf_changed":false,"footnotes":""},"categories":[50,70],"tags":[],"class_list":{"0":"post-36623","1":"post","2":"type-post","3":"status-publish","4":"format-standard","5":"has-post-thumbnail","7":"category-atividade-comercial","8":"category-mais-noticias"},"acf":[],"_links":{"self":[{"href":"https:\/\/www.entroncamentoonline.pt\/portal\/wp-json\/wp\/v2\/posts\/36623","targetHints":{"allow":["GET"]}}],"collection":[{"href":"https:\/\/www.entroncamentoonline.pt\/portal\/wp-json\/wp\/v2\/posts"}],"about":[{"href":"https:\/\/www.entroncamentoonline.pt\/portal\/wp-json\/wp\/v2\/types\/post"}],"author":[{"embeddable":true,"href":"https:\/\/www.entroncamentoonline.pt\/portal\/wp-json\/wp\/v2\/users\/1"}],"replies":[{"embeddable":true,"href":"https:\/\/www.entroncamentoonline.pt\/portal\/wp-json\/wp\/v2\/comments?post=36623"}],"version-history":[{"count":0,"href":"https:\/\/www.entroncamentoonline.pt\/portal\/wp-json\/wp\/v2\/posts\/36623\/revisions"}],"wp:featuredmedia":[{"embeddable":true,"href":"https:\/\/www.entroncamentoonline.pt\/portal\/wp-json\/wp\/v2\/media\/36680"}],"wp:attachment":[{"href":"https:\/\/www.entroncamentoonline.pt\/portal\/wp-json\/wp\/v2\/media?parent=36623"}],"wp:term":[{"taxonomy":"category","embeddable":true,"href":"https:\/\/www.entroncamentoonline.pt\/portal\/wp-json\/wp\/v2\/categories?post=36623"},{"taxonomy":"post_tag","embeddable":true,"href":"https:\/\/www.entroncamentoonline.pt\/portal\/wp-json\/wp\/v2\/tags?post=36623"}],"curies":[{"name":"wp","href":"https:\/\/api.w.org\/{rel}","templated":true}]}}