{"id":36016,"date":"2021-06-18T12:53:28","date_gmt":"2021-06-18T11:53:28","guid":{"rendered":"https:\/\/www.entroncamentoonline.pt\/portal\/?p=36016"},"modified":"2021-06-19T07:59:18","modified_gmt":"2021-06-19T06:59:18","slug":"entroncamento-o-medio-tejo-militar-e-a-possibilidade-de-o-transformar-em-turismo","status":"publish","type":"post","link":"https:\/\/www.entroncamentoonline.pt\/portal\/entroncamento-o-medio-tejo-militar-e-a-possibilidade-de-o-transformar-em-turismo\/","title":{"rendered":"Entroncamento | O M\u00e9dio Tejo militar e a possibilidade de o transformar em turismo"},"content":{"rendered":"<p>A import\u00e2ncia militar do territ\u00f3rio do M\u00e9dio Tejo na Hist\u00f3ria de Portugal foi o tema das palestras que esta quinta-feira ao fim da tarde atraiu algumas dezenas de pessoas interessadas ao Museu Nacional Ferrovi\u00e1rio para ouvirem dois insignes especialistas refletir sobre o caso, mas de modos diferentes. Lu\u00eds Sodr\u00e9 de Albuquerque, especialista em her\u00e1ldica castrense e ex-diretor do Museu Militar de Lisboa, exp\u00f4s com factos e uma an\u00e1lise hist\u00f3rica rigorosa e sempre bem fundamentada os motivos que sempre tornaram evidente a import\u00e2ncia militar estrat\u00e9gica da regi\u00e3o a que hoje chamam M\u00e9dio Tejo. E Jo\u00e3o Gouveia Monteiro, catedr\u00e1tico da Faculdade de Letras da Universidade de Coimbra e historiador de m\u00e9rito, dando uma maior amplitude ao conceito de M\u00e9dio Tejo, e com a figura ic\u00f3nica de Nuno \u00c1lvares Pereira sempre por perto, analisou o seu papel em Aljubarrota e noutros curiosos epis\u00f3dios b\u00e9licos em que Portugal se viu envolvido, sendo que as suas rela\u00e7\u00f5es com os reis portugueses nem sempre foram pac\u00edficas, tal como a sua canoniza\u00e7\u00e3o, s\u00f3 obtida em 2009.<\/p>\n<p>A centralidade estrat\u00e9gica do M\u00e9dio Tejo foi exposta, de modo muito interessante, por Lu\u00eds de Albuquerque, atrav\u00e9s da exposi\u00e7\u00e3o em diversos e sucessivos mapas da rede de autoestradas, de caminhos de ferro e at\u00e9 da bastante prov\u00e1vel rede de estradas com que o Imp\u00e9rio Romano aqui chegou. A defesa de Lisboa, capital, porto importante, e principal cidade do reino, levou a que o territ\u00f3rio hoje M\u00e9dio Tejo se oferecesse como uma barreira de prote\u00e7\u00e3o \u00e0 capital, e nem s\u00f3 na Idade M\u00e9dia e na \u00e9poca das Invas\u00f5es Francesas (foi por esta regi\u00e3o que penetrou a primeira delas, comandada pelo General Junot), mesmo antes ou em tempos mais recentes, esse valor militar esteve presente. \u201cO Conde de Lippe fixou o seu quartel-general em Tomar, e depois em Abrantes. Massena, o general da terceira invas\u00e3o, retirou-se defensivamente com os seus 45 mil homens nesta regi\u00e3o\u00a0 \u0336\u00a0 consta-se que, no meio de muitas deser\u00e7\u00f5es dos seus militares, se faziam <em>raids<\/em> at\u00e9 \u00e0 Serra da Estrela em busca de alimentos. E foi no M\u00e9dio Tejo que se criaram o Pol\u00edgono Militar de Tancos e o Campo Militar de Santa Margarida, \u00e9 uma \u00e1rea de grande import\u00e2ncia estrat\u00e9gica\u201d, enunciou Lu\u00eds de Albuquerque.<\/p>\n<p>As formas como Nuno \u00c1lvares Pereira \u201cconquistou a Terra\u201d, e depois, j\u00e1 no crep\u00fasculo da sua vida, procurou \u201cconquistar o C\u00e9u\u201d foram brilhantemente narradas por Jo\u00e3o Gouveia Monteiro, investigador ao qual muito deve no conhecimento dos epis\u00f3dios da Batalha de Aljubarrota (nunca ser\u00e1 poss\u00edvel conhec\u00ea-los na totalidade pois o Estado Novo decidiu construir uma estrada nacional sobre uma \u00e1rea de importante arqueol\u00f3gica relevante, e cuja escava\u00e7\u00e3o foi assim imperativamente impedida) e da figura \u00edmpar do Condest\u00e1vel do Reino, fronteiro do Alentejo, que tinha uma bandeira pr\u00f3pria, e era, depois do rei, quem mais poder (e posses) tinha no reino. Talvez fosse at\u00e9 quem, em certas alturas, mais tivesse\u2026<\/p>\n<p>\u201cNuno \u00c1lvares Pereira era um aventureiro, mas tinha tamb\u00e9m um g\u00e9nio de comando muito rigoroso, desafiava os reis, chegou a amea\u00e7ar em passar-se para Castela, e tinha uma grande devo\u00e7\u00e3o pela Virgem Maria. Tinha uma faceta religiosa, no seu tempo as pessoas viviam dilaceradas com a ideia da Salva\u00e7\u00e3o, espiritualizar a riqueza, e ele, com a idade, come\u00e7ou a dar os seus bens aos pobres, \u00e0 fam\u00edlia e aos frades Carmelitas\u201d, afirma Gouveia Monteiro, adiantando que havia um santo no grande guerreiro, senhor feudal e Condest\u00e1vel, o homem que \u201ccercava as pra\u00e7as mais por necessidade dos despojos que assim conquistava, que por gosto de o fazer, pois aborrecia-se\u201d.<\/p>\n<p>Quanto \u00e0 possibilidade de gerar um Turismo Militar forte em torno deste potencial tur\u00edstico, o caso foi bem reconhecido pelos participantes. \u201cH\u00e1 bastante hist\u00f3ria em termos militares, mas n\u00e3o pode ser a Barquinha a puxar pelo Castelo do Almourol, e Tomar a puxar pelo seu castelo e pela quest\u00e3o irregular dos Templ\u00e1rio. Tudo isso \u00e9 redutor, os munic\u00edpios por si s\u00f3 n\u00e3o v\u00e3o l\u00e1, s\u00f3 talvez com a Comunidade Intermunicipal do M\u00e9dio Tejo\u2026\u201d, sugeriu Lu\u00eds Albuquerque.<\/p>\n<p><em>Manuel Fernandes Vicente<\/em><\/p>\n<div class=\"fb-background-color\">\n\t\t\t  <div \n\t\t\t  \tclass = \"fb-comments\" \n\t\t\t  \tdata-href = \"https:\/\/www.entroncamentoonline.pt\/portal\/entroncamento-o-medio-tejo-militar-e-a-possibilidade-de-o-transformar-em-turismo\/\"\n\t\t\t  \tdata-numposts = \"10\"\n\t\t\t  \tdata-lazy = \"true\"\n\t\t\t\tdata-colorscheme = \"light\"\n\t\t\t\tdata-order-by = \"social\"\n\t\t\t\tdata-mobile=true>\n\t\t\t  <\/div><\/div>\n\t\t  <style>\n\t\t    .fb-background-color {\n\t\t\t\tbackground:  !important;\n\t\t\t}\n\t\t\t.fb_iframe_widget_fluid_desktop iframe {\n\t\t\t    width: 100% !important;\n\t\t\t}\n\t\t  <\/style>\n\t\t  ","protected":false},"excerpt":{"rendered":"<p>A import\u00e2ncia militar do territ\u00f3rio do M\u00e9dio Tejo na Hist\u00f3ria de Portugal foi o tema das palestras que esta quinta-feira ao fim da tarde atraiu algumas dezenas de pessoas interessadas ao Museu Nacional Ferrovi\u00e1rio para ouvirem dois insignes especialistas refletir sobre o caso, mas de modos diferentes. Lu\u00eds Sodr\u00e9 de Albuquerque, especialista em her\u00e1ldica castrense [&hellip;]<\/p>\n","protected":false},"author":21,"featured_media":36017,"comment_status":"open","ping_status":"closed","sticky":false,"template":"","format":"standard","meta":{"_acf_changed":false,"footnotes":""},"categories":[54,26,32],"tags":[],"class_list":{"0":"post-36016","1":"post","2":"type-post","3":"status-publish","4":"format-standard","5":"has-post-thumbnail","7":"category-cultura","8":"category-entroncamento","9":"category-noticias"},"acf":[],"_links":{"self":[{"href":"https:\/\/www.entroncamentoonline.pt\/portal\/wp-json\/wp\/v2\/posts\/36016","targetHints":{"allow":["GET"]}}],"collection":[{"href":"https:\/\/www.entroncamentoonline.pt\/portal\/wp-json\/wp\/v2\/posts"}],"about":[{"href":"https:\/\/www.entroncamentoonline.pt\/portal\/wp-json\/wp\/v2\/types\/post"}],"author":[{"embeddable":true,"href":"https:\/\/www.entroncamentoonline.pt\/portal\/wp-json\/wp\/v2\/users\/21"}],"replies":[{"embeddable":true,"href":"https:\/\/www.entroncamentoonline.pt\/portal\/wp-json\/wp\/v2\/comments?post=36016"}],"version-history":[{"count":0,"href":"https:\/\/www.entroncamentoonline.pt\/portal\/wp-json\/wp\/v2\/posts\/36016\/revisions"}],"wp:featuredmedia":[{"embeddable":true,"href":"https:\/\/www.entroncamentoonline.pt\/portal\/wp-json\/wp\/v2\/media\/36017"}],"wp:attachment":[{"href":"https:\/\/www.entroncamentoonline.pt\/portal\/wp-json\/wp\/v2\/media?parent=36016"}],"wp:term":[{"taxonomy":"category","embeddable":true,"href":"https:\/\/www.entroncamentoonline.pt\/portal\/wp-json\/wp\/v2\/categories?post=36016"},{"taxonomy":"post_tag","embeddable":true,"href":"https:\/\/www.entroncamentoonline.pt\/portal\/wp-json\/wp\/v2\/tags?post=36016"}],"curies":[{"name":"wp","href":"https:\/\/api.w.org\/{rel}","templated":true}]}}