{"id":35776,"date":"2021-06-13T11:00:17","date_gmt":"2021-06-13T10:00:17","guid":{"rendered":"https:\/\/www.entroncamentoonline.pt\/portal\/?p=35776"},"modified":"2021-06-26T17:20:35","modified_gmt":"2021-06-26T16:20:35","slug":"fna-21-encerra-hoje-com-balanco-positivo","status":"publish","type":"post","link":"https:\/\/www.entroncamentoonline.pt\/portal\/fna-21-encerra-hoje-com-balanco-positivo\/","title":{"rendered":"FNA 21 encerrou este domingo com balan\u00e7o positivo"},"content":{"rendered":"<p>A Feira Nacional de Agricultura\/Feira do Ribatejo que se iniciou no dia 9 de junho no Centro Nacional de Exposi\u00e7\u00f5es, em Santar\u00e9m, terminou este domingo depois de cinco dias a promover a agricultura, o mundo rural e todos os setores relacionados com este mercado. A FNA 21 encerra portas com um saldo positivo na participa\u00e7\u00e3o de expositores e do p\u00fablico que acolheu muito bem a realiza\u00e7\u00e3o da Feira.<\/p>\n<p>Este ano a organiza\u00e7\u00e3o entendeu colocar a \u00e1gua na discuss\u00e3o central da FNA, j\u00e1 que o desafio da \u00c1gua \u00e9 fulcral para a agricultura e a sua utiliza\u00e7\u00e3o \u00e9 um fator determinante na capacidade produtiva de toda o sector, al\u00e9m de ser uma preocupa\u00e7\u00e3o de todos os cidad\u00e3os.<\/p>\n<p>Uma Feira em Seguran\u00e7a<\/p>\n<p>A FNA 21 foi primeira grande feira agr\u00edcola a decorrer fisicamente desde o in\u00edcio da pandemia. Neste \u00e2mbito, o CNEMA, cumprindo as exig\u00eancias da Dire\u00e7\u00e3o-Geral da Sa\u00fade, implementou todas as regras para que os envolvidos na realiza\u00e7\u00e3o do evento se sentissem seguros e o p\u00fablico colaborou seguindo as recomenda\u00e7\u00f5es.<\/p>\n<p>Realizaram-se testes a expositores, fornecedores e colaboradores da FNA 21. Este ano o ingresso na feira foi feito unicamente pela entrada principal do CNEMA e existiu medi\u00e7\u00e3o de temperatura, uso de m\u00e1scara e desinfe\u00e7\u00e3o das m\u00e3os. De modo a cumprir o distanciamento social a circula\u00e7\u00e3o foi devidamente assinalada com os respetivos sentidos e nas Naves A e B, foi implementado um sistema de contagem de pessoas para obedecer \u00e0s regras da DGS.<\/p>\n<p>Os visitantes puderam assistir \u00e0s largadas de touros na bancada, em lugares devidamente marcados, cuja lota\u00e7\u00e3o n\u00e3o ultrapassou 1\/3 e o acesso \u00e0s varolas foi condicionado de modo a controlar o n\u00famero de pessoas que quisessem entrar na manga. A FNA teve equipas a controlar o cumprimento das regras com a colabora\u00e7\u00e3o ativa da PSP.<\/p>\n<p>E-FNA<\/p>\n<p>A eFNA \u00e9 um modelo de feira digital, extens\u00e3o e complemento natural da feira f\u00edsica. Neste modelo, a FNA proporciona aos visitantes e expositores uma intera\u00e7\u00e3o transversal a todo o ano, 24h sobre 24h.<\/p>\n<p>Nestes dias foram 216.000 visitas (Europa, Am\u00e9rica, \u00c1frica e \u00c1sia) com 524.000 a\u00e7\u00f5es como visualiza\u00e7\u00f5es de v\u00eddeos, fotografias e brochuras, pesquisas por \u00e1rea de atividade, downloads, entre outros. As confer\u00eancias, webinares e apresenta\u00e7\u00f5es em livestream tiveram mais de 20.000 visualiza\u00e7\u00f5es. Visitas Oficiais na Feira Nacional de Agricultura A FNA21 contou com a presen\u00e7a de v\u00e1rias individualidades como o Ministro de Estado, da Economia e da Transi\u00e7\u00e3o Digital, Pedro Siza Vieira, a Ministra da Agricultura, Maria do C\u00e9u Antunes, o Secret\u00e1rio de Estado do Com\u00e9rcio, Servi\u00e7os e Defesa do Consumidor, Jo\u00e3o Torres, a Comiss\u00e3o de Agricultura e Mar e os l\u00edderes de v\u00e1rios partidos como Rui Rio (PSD), Jer\u00f3nimo de Sousa (PCP), Andr\u00e9 Ventura (CHEGA) e Francisco Rodrigues dos Santos (CDS) e de D. Duarte Pio de Bragan\u00e7a.<\/p>\n<p>Ainda hoje teremos a presen\u00e7a do Presidente da Rep\u00fablica, Marcelo Rebelo de Sousa, do Presidente do Governo Regional dos A\u00e7ores, Jos\u00e9 Manuel Bolieiro, e do Secret\u00e1rio de Estado da Agricultura, Rui Martinho.<\/p>\n<p>A presen\u00e7a destes respons\u00e1veis foi uma demonstra\u00e7\u00e3o da preocupa\u00e7\u00e3o e interesse para com o setor agroalimentar e uma prova de confian\u00e7a na capacidade dos agricultores portugueses. As diversas personalidades presentes no evento consideraram o sector agr\u00edcola essencial para o crescimento econ\u00f3mico e para a cria\u00e7\u00e3o de mais postos de trabalho.<\/p>\n<p>Debate e Reflex\u00e3o na Feira Nacional de Agricultura<\/p>\n<p>As Conversas de Agricultura da FNA21 tiveram como objetivo discutir e debater as principais quest\u00f5es do mundo agr\u00edcola. Durante cinco dias, a Feira recebeu 23 ac\u00e7\u00f5es subordinadas a v\u00e1rios temas desde webinars, confer\u00eancias em modo presencial ou online e reuni\u00f5es de trabalho.<\/p>\n<p>Maquinaria Agr\u00edcola, Exposi\u00e7\u00e3o Institucional e Equipamentos<\/p>\n<p>Apesar de contar com menos expositores, a exposi\u00e7\u00e3o de Maquinaria na Feira Nacional de Agricultura foi uma das atra\u00e7\u00f5es do evento, com equipamentos modernos e que t\u00eam como imagem de marca a inova\u00e7\u00e3o tecnol\u00f3gica.<\/p>\n<p>A FNA21 tamb\u00e9m foi um espa\u00e7o reservado \u00e0s v\u00e1rias organiza\u00e7\u00f5es do sector como associa\u00e7\u00f5es, cooperativas agr\u00edcolas, institui\u00e7\u00f5es e equipamentos (Nave B). Neste espa\u00e7o os visitantes puderam conhecer organiza\u00e7\u00f5es do sector e empresas de refer\u00eancia neste mercado e tamb\u00e9m aqui decorreu a Fersant \u2013 Feira Empresarial da Regi\u00e3o de Santar\u00e9m.<\/p>\n<p>Prazer de Provar<\/p>\n<p>No Sal\u00e3o Prazer de Provar, realce para a iniciativa \u201cSentidos em Prova\u201d com Provas de Azeite, Vinho, \u00c1gua, Mel, Gin e Vegetais e que contou com bastante participa\u00e7\u00e3o.<\/p>\n<p>Nesta \u00e1rea, a FNA proporcionou ao consumidor o acesso a alguns dos melhores produtos nacionais, nomeadamente os \u201cMelhores dos Melhores\u201d dos Concursos Nacionais com Azeites, Queijos, Enchidos, Doces, M\u00e9is, entre outros. O espa\u00e7o dedicado ao Programa Portugal Sou Eu contou com v\u00e1rios representantes que atuam no mercado.<\/p>\n<p>Pecu\u00e1ria<\/p>\n<p>A Pecu\u00e1ria contou com uma representa\u00e7\u00e3o mais reduzida de ra\u00e7as aut\u00f3ctones nacionais, equinos, caprinos e ovinos. Esteve concentrada num s\u00f3 local, com circuitos pr\u00f3prios para maior seguran\u00e7a na visita do p\u00fablico.<\/p>\n<p>No entanto, realce para as v\u00e1rias atividades equestres que aqui decorreram com bastante participa\u00e7\u00e3o e que animaram a zona do Grande Ringue destacando-se o Concurso de Coudelarias e o Concurso da \u00c9gua Afilhada.<\/p>\n<p>Gastronomia<\/p>\n<p>Os visitantes da Feira Nacional de Agricultura puderam saborear os melhores produtos portugueses ao longo de cinco dias. Diversos restaurantes de carnes de ra\u00e7as aut\u00f3ctones e tasquinhas regionais promovidas por associa\u00e7\u00f5es e coletividades do concelho de Santar\u00e9m tamb\u00e9m participaram na feira, al\u00e9m de outros expositores que colocaram \u00e0 disposi\u00e7\u00e3o do p\u00fablico queijos, enchidos, doces tradicionais, entre outras iguarias.<\/p>\n<p>Apoios FNA 21<\/p>\n<p>A realiza\u00e7\u00e3o da FNA 21 s\u00f3 foi poss\u00edvel devido ao apoio dos patrocinadores, das empresas que quiseram estar presentes e dos visitantes, que sempre demonstraram confian\u00e7a nesta grande feira e no sector agr\u00edcola.<\/p>\n<div class=\"fb-background-color\">\n\t\t\t  <div \n\t\t\t  \tclass = \"fb-comments\" \n\t\t\t  \tdata-href = \"https:\/\/www.entroncamentoonline.pt\/portal\/fna-21-encerra-hoje-com-balanco-positivo\/\"\n\t\t\t  \tdata-numposts = \"10\"\n\t\t\t  \tdata-lazy = \"true\"\n\t\t\t\tdata-colorscheme = \"light\"\n\t\t\t\tdata-order-by = \"social\"\n\t\t\t\tdata-mobile=true>\n\t\t\t  <\/div><\/div>\n\t\t  <style>\n\t\t    .fb-background-color {\n\t\t\t\tbackground:  !important;\n\t\t\t}\n\t\t\t.fb_iframe_widget_fluid_desktop iframe {\n\t\t\t    width: 100% !important;\n\t\t\t}\n\t\t  <\/style>\n\t\t  ","protected":false},"excerpt":{"rendered":"<p>A Feira Nacional de Agricultura\/Feira do Ribatejo que se iniciou no dia 9 de junho no Centro Nacional de Exposi\u00e7\u00f5es, em Santar\u00e9m, terminou este domingo depois de cinco dias a promover a agricultura, o mundo rural e todos os setores relacionados com este mercado. A FNA 21 encerra portas com um saldo positivo na participa\u00e7\u00e3o [&hellip;]<\/p>\n","protected":false},"author":1,"featured_media":35787,"comment_status":"open","ping_status":"closed","sticky":false,"template":"","format":"standard","meta":{"_acf_changed":false,"footnotes":""},"categories":[71],"tags":[],"class_list":{"0":"post-35776","1":"post","2":"type-post","3":"status-publish","4":"format-standard","5":"has-post-thumbnail","7":"category-outras-noticias"},"acf":[],"_links":{"self":[{"href":"https:\/\/www.entroncamentoonline.pt\/portal\/wp-json\/wp\/v2\/posts\/35776","targetHints":{"allow":["GET"]}}],"collection":[{"href":"https:\/\/www.entroncamentoonline.pt\/portal\/wp-json\/wp\/v2\/posts"}],"about":[{"href":"https:\/\/www.entroncamentoonline.pt\/portal\/wp-json\/wp\/v2\/types\/post"}],"author":[{"embeddable":true,"href":"https:\/\/www.entroncamentoonline.pt\/portal\/wp-json\/wp\/v2\/users\/1"}],"replies":[{"embeddable":true,"href":"https:\/\/www.entroncamentoonline.pt\/portal\/wp-json\/wp\/v2\/comments?post=35776"}],"version-history":[{"count":0,"href":"https:\/\/www.entroncamentoonline.pt\/portal\/wp-json\/wp\/v2\/posts\/35776\/revisions"}],"wp:featuredmedia":[{"embeddable":true,"href":"https:\/\/www.entroncamentoonline.pt\/portal\/wp-json\/wp\/v2\/media\/35787"}],"wp:attachment":[{"href":"https:\/\/www.entroncamentoonline.pt\/portal\/wp-json\/wp\/v2\/media?parent=35776"}],"wp:term":[{"taxonomy":"category","embeddable":true,"href":"https:\/\/www.entroncamentoonline.pt\/portal\/wp-json\/wp\/v2\/categories?post=35776"},{"taxonomy":"post_tag","embeddable":true,"href":"https:\/\/www.entroncamentoonline.pt\/portal\/wp-json\/wp\/v2\/tags?post=35776"}],"curies":[{"name":"wp","href":"https:\/\/api.w.org\/{rel}","templated":true}]}}