{"id":35772,"date":"2021-06-13T11:51:20","date_gmt":"2021-06-13T10:51:20","guid":{"rendered":"https:\/\/www.entroncamentoonline.pt\/portal\/?p=35772"},"modified":"2021-06-13T11:51:20","modified_gmt":"2021-06-13T10:51:20","slug":"torres-novas-em-dia-de-aniversario-montepio-atribui-diplomas","status":"publish","type":"post","link":"https:\/\/www.entroncamentoonline.pt\/portal\/torres-novas-em-dia-de-aniversario-montepio-atribui-diplomas\/","title":{"rendered":"Torres Novas | Em dia de anivers\u00e1rio, Montepio\u00a0 atribui\u00a0 diplomas"},"content":{"rendered":"<p>No dia em que o Montepio N\u00aa Sr\u00aa da Nazar\u00e9 de Torres Novas comemora 159 anos de exist\u00eancia, 30 de maio, a Assembleia Geral e o Conselho de Administra\u00e7\u00e3o reuniram-se, em sess\u00e3o extraordin\u00e1ria, para homenagear dois torrejanos, unidos pelos la\u00e7os do mutualismo.<\/p>\n<p>O Presidente da Assembleia Geral, abriu a sess\u00e3o apresentando os dois homenageados, Valdemar Ferreira de Matos e Ant\u00f3nio M\u00e1rio de Carvalho Lopes dos Santos com liga\u00e7\u00e3o ao Montepio h\u00e1 v\u00e1rias dezenas de anos. \u201c\u2026 crian\u00e7as quando os pais, a pensar no futuro, na educa\u00e7\u00e3o e na forma\u00e7\u00e3o c\u00edvica dos meninos, decidiram inscrev\u00ea-los\u201d, referiu Guilherme Pinto.\u00a0 A um, o progenitor inscreveu-o aos 10 anos, ao outro, foi aos 5 anos de idade.<\/p>\n<figure id=\"attachment_35774\" aria-describedby=\"caption-attachment-35774\" style=\"width: 598px\" class=\"wp-caption alignnone\"><img loading=\"lazy\" decoding=\"async\" class=\"size-full wp-image-35774\" src=\"https:\/\/www.entroncamentoonline.pt\/portal\/wp-content\/uploads\/2021\/06\/M150anos2-2.jpg\" alt=\"\" width=\"598\" height=\"417\" srcset=\"https:\/\/www.entroncamentoonline.pt\/portal\/wp-content\/uploads\/2021\/06\/M150anos2-2.jpg 598w, https:\/\/www.entroncamentoonline.pt\/portal\/wp-content\/uploads\/2021\/06\/M150anos2-2-100x70.jpg 100w\" sizes=\"auto, (max-width: 598px) 100vw, 598px\" \/><figcaption id=\"caption-attachment-35774\" class=\"wp-caption-text\">Ant\u00f3nio M\u00e1rio Santos, s\u00f3cio desde os 5 anos de idade<\/figcaption><\/figure>\n<p>Com inscri\u00e7\u00e3o datada de 21 de maio de 1943, ao s\u00f3cio efetivo n\u00ba 6, Valdemar Ferreira de Matos, foi atribu\u00eddo o Diploma de M\u00e9rito, entregue pelo veterano, Jorge Pinheiro, que lembrou a passagem de Valdemar pelos \u00f3rg\u00e3os sociais do Montepio, no tempo do saudoso Faustino Bretes.<\/p>\n<p>Acompanhado da filha e neta, Valdemar Ferreira, hoje com 88 anos, sente-se emocionado com o reconhecimento.<\/p>\n<p>Ao professor, poeta e historiador, Ant\u00f3nio M\u00e1rio de Carvalho Lopes dos Santos, s\u00f3cio n\u00ba 10, foi entregue o diploma de s\u00f3cio honor\u00e1rio. O Presidente do Conselho de Administra\u00e7\u00e3o, Lu\u00eds Martins, invocou os Estatutos para fundamentar a atribui\u00e7\u00e3o deste louvor, a cuja categoria \u201cascende o indiv\u00edduo ou entidade que tenha exercido a\u00e7\u00e3o de relevo em prol da Associa\u00e7\u00e3o\u201d. Acrescentou que foi,\u201d pela dedica\u00e7\u00e3o e desempenho na causa mutualista que o Conselho de Administra\u00e7\u00e3o submeteu a Assembleia Geral esta proposta, a qual foi aprovada por unanimidade e aclama\u00e7\u00e3o.<\/p>\n<p>Para al\u00e9m da alus\u00e3o ao vasto curr\u00edculo do homenageado, cargos desempenhados quer no Montepio quer\u00a0 no \u00e2mbito da educa\u00e7\u00e3o, Lu\u00eds Martins enalteceu a obra\u00a0 Associa\u00e7\u00e3o de Socorros M\u00fatuos, Montepio N\u00aa Sr\u00aa da Nazar\u00e9 de Torres Novas-150 anos de hist\u00f3ria ,publicada em 2012,\u00a0 onde o autor, hoje homenageado, nos d\u00e1 a conhecer, nas 765 p\u00e1ginas, o pulsar do mutualismo em Torres Novas, a forma de viver e pensar de uma associa\u00e7\u00e3o cujos pilares desde sempre assentaram na Liberdade, Independ\u00eancia e Solidariedade.<\/p>\n<div class=\"fb-background-color\">\n\t\t\t  <div \n\t\t\t  \tclass = \"fb-comments\" \n\t\t\t  \tdata-href = \"https:\/\/www.entroncamentoonline.pt\/portal\/torres-novas-em-dia-de-aniversario-montepio-atribui-diplomas\/\"\n\t\t\t  \tdata-numposts = \"10\"\n\t\t\t  \tdata-lazy = \"true\"\n\t\t\t\tdata-colorscheme = \"light\"\n\t\t\t\tdata-order-by = \"social\"\n\t\t\t\tdata-mobile=true>\n\t\t\t  <\/div><\/div>\n\t\t  <style>\n\t\t    .fb-background-color {\n\t\t\t\tbackground:  !important;\n\t\t\t}\n\t\t\t.fb_iframe_widget_fluid_desktop iframe {\n\t\t\t    width: 100% !important;\n\t\t\t}\n\t\t  <\/style>\n\t\t  ","protected":false},"excerpt":{"rendered":"<p>No dia em que o Montepio N\u00aa Sr\u00aa da Nazar\u00e9 de Torres Novas comemora 159 anos de exist\u00eancia, 30 de maio, a Assembleia Geral e o Conselho de Administra\u00e7\u00e3o reuniram-se, em sess\u00e3o extraordin\u00e1ria, para homenagear dois torrejanos, unidos pelos la\u00e7os do mutualismo. O Presidente da Assembleia Geral, abriu a sess\u00e3o apresentando os dois homenageados, Valdemar [&hellip;]<\/p>\n","protected":false},"author":1,"featured_media":35773,"comment_status":"open","ping_status":"closed","sticky":false,"template":"","format":"standard","meta":{"_acf_changed":false,"footnotes":""},"categories":[71],"tags":[],"class_list":{"0":"post-35772","1":"post","2":"type-post","3":"status-publish","4":"format-standard","5":"has-post-thumbnail","7":"category-outras-noticias"},"acf":[],"_links":{"self":[{"href":"https:\/\/www.entroncamentoonline.pt\/portal\/wp-json\/wp\/v2\/posts\/35772","targetHints":{"allow":["GET"]}}],"collection":[{"href":"https:\/\/www.entroncamentoonline.pt\/portal\/wp-json\/wp\/v2\/posts"}],"about":[{"href":"https:\/\/www.entroncamentoonline.pt\/portal\/wp-json\/wp\/v2\/types\/post"}],"author":[{"embeddable":true,"href":"https:\/\/www.entroncamentoonline.pt\/portal\/wp-json\/wp\/v2\/users\/1"}],"replies":[{"embeddable":true,"href":"https:\/\/www.entroncamentoonline.pt\/portal\/wp-json\/wp\/v2\/comments?post=35772"}],"version-history":[{"count":0,"href":"https:\/\/www.entroncamentoonline.pt\/portal\/wp-json\/wp\/v2\/posts\/35772\/revisions"}],"wp:featuredmedia":[{"embeddable":true,"href":"https:\/\/www.entroncamentoonline.pt\/portal\/wp-json\/wp\/v2\/media\/35773"}],"wp:attachment":[{"href":"https:\/\/www.entroncamentoonline.pt\/portal\/wp-json\/wp\/v2\/media?parent=35772"}],"wp:term":[{"taxonomy":"category","embeddable":true,"href":"https:\/\/www.entroncamentoonline.pt\/portal\/wp-json\/wp\/v2\/categories?post=35772"},{"taxonomy":"post_tag","embeddable":true,"href":"https:\/\/www.entroncamentoonline.pt\/portal\/wp-json\/wp\/v2\/tags?post=35772"}],"curies":[{"name":"wp","href":"https:\/\/api.w.org\/{rel}","templated":true}]}}