{"id":35756,"date":"2021-06-13T08:16:58","date_gmt":"2021-06-13T07:16:58","guid":{"rendered":"https:\/\/www.entroncamentoonline.pt\/portal\/?p=35756"},"modified":"2021-06-13T08:16:58","modified_gmt":"2021-06-13T07:16:58","slug":"mel-e-municipios-portugueses-do-vinho-em-destaque-na-feira-nacional-de-agricultura","status":"publish","type":"post","link":"https:\/\/www.entroncamentoonline.pt\/portal\/mel-e-municipios-portugueses-do-vinho-em-destaque-na-feira-nacional-de-agricultura\/","title":{"rendered":"Mel e Munic\u00edpios Portugueses do Vinho em destaque na Feira Nacional de Agricultura"},"content":{"rendered":"<p>A valoriza\u00e7\u00e3o do Mel Portugu\u00eas, os Circuitos Curtos Agroalimentares, o on-line e a comercializa\u00e7\u00e3o de produtos agroalimentares estiveram hoje em discuss\u00e3o no Semin\u00e1rio \u201cA Comercializa\u00e7\u00e3o no Setor Agroalimentar P\u00f3s-Pandemia\u201d, que esteve a cargo da FNAP \u2013 Federa\u00e7\u00e3o Nacional dos Apicultores de Portugal. No encerramento, houve lugar para a Entrega de Pr\u00e9mios do Concurso Nacional de Mel 2021.<\/p>\n<p>A AMPV \u2013 Associa\u00e7\u00e3o de Munic\u00edpios Portugueses de Vinho apresentou o livro \u201cTerrit\u00f3rios Vinhateiros, Oliv\u00edcolas e Corticeiros de Portugal\u201d e o portal de Enoturismo de Portugal e ainda procedeu \u00e0 entrega dos seus Pr\u00e9mios Prest\u00edgio. O CNEMA foi distinguido com o Pr\u00e9mio Entidade do Ano, galard\u00e3o relativo \u00e0 organiza\u00e7\u00e3o da Feira Nacional de Agricultura 2019, cujo tema foi a \u201cA Vinha e o Vinho\u201d.<\/p>\n<p>Na \u00e1rea da Pecu\u00e1ria, realce o II Concurso Nacional da Charol\u00eas Portugal, para o Desfile de Campinos e Cavaleiros que percorreu as ruas da cidade de Santar\u00e9m e para o Concurso de Saltos Nacional. No campo mais tradicional, ocasi\u00e3o para relembrar atividades do passado e a recria\u00e7\u00e3o de tempos antigos atrav\u00e9s dos Mercados Tradicionais. O dia finalizou com mais uma Mesa da Tortura e Largada de Toiros.<\/p>\n<p>Amanh\u00e3, \u00faltimo dia da Feira Nacional de Agricultura, o Presidente da Rep\u00fablica visita o evento pelas 12.00 horas, e tamb\u00e9m h\u00e1 oportunidade para visitar os \u201cMercados Tradicionais\u201d, observar Escolas de Toureio e Treinos de Forcados e ainda assistir ao Concurso de Saltos Nacional.<\/p>\n<p><strong>Hor\u00e1rios<\/strong><strong><\/p>\n<p><\/strong><strong><u>13 junho<\/u><\/strong><strong><u><br \/>\n<\/u>Todo o recinto:<\/strong>\u00a010h00 \u2013 20h00<br \/>\nA entrada no recinto \u00e9 efetuada at\u00e9 \u00e0s 19h00<br \/>\n<u>Os hor\u00e1rios podem ser alterados por motivos imprevistos<br \/>\n<\/u><strong><br \/>\nEntradas<\/p>\n<p>Bilhete Simples:<\/strong>\u00a07,50 \u20ac\u00a0(Permite um a \u00fanica entrada)<br \/>\n<strong>Livre \u2013 Tr\u00e2nsito:<\/strong>\u00a012,00 \u20ac\u00a0(O Livre \u2013 Tr\u00e2nsito permite visitar a feira a qualquer horas e v\u00e1rias vezes por dia)<br \/>\n<strong>Todos os Dias:<\/strong>\u00a0Entrada gratuita para crian\u00e7as at\u00e9 aos 11 anos (inclusive)<br \/>\n<strong>Parque de Estacionamento Ar Livre:<\/strong>\u00a0Gratuito<br \/>\n<strong>Parque de Estacionamento Coberto:\u00a0<\/strong>5,00 \u20ac dia<br \/>\nBilhetes \u00e0 venda em\u00a0<a href=\"https:\/\/www.ticket.cnema.pt\/WTCNEMA\/main.do\">https:\/\/www.ticket.cnema.pt<\/a>\u00a0 e no local<br \/>\n<u>Lota\u00e7\u00e3o limitada de acordo com as regras sanit\u00e1rias em vigor. A realiza\u00e7\u00e3o do evento presencial decorre de acordo com as indica\u00e7\u00f5es da DGS<\/u><\/p>\n<div class=\"fb-background-color\">\n\t\t\t  <div \n\t\t\t  \tclass = \"fb-comments\" \n\t\t\t  \tdata-href = \"https:\/\/www.entroncamentoonline.pt\/portal\/mel-e-municipios-portugueses-do-vinho-em-destaque-na-feira-nacional-de-agricultura\/\"\n\t\t\t  \tdata-numposts = \"10\"\n\t\t\t  \tdata-lazy = \"true\"\n\t\t\t\tdata-colorscheme = \"light\"\n\t\t\t\tdata-order-by = \"social\"\n\t\t\t\tdata-mobile=true>\n\t\t\t  <\/div><\/div>\n\t\t  <style>\n\t\t    .fb-background-color {\n\t\t\t\tbackground:  !important;\n\t\t\t}\n\t\t\t.fb_iframe_widget_fluid_desktop iframe {\n\t\t\t    width: 100% !important;\n\t\t\t}\n\t\t  <\/style>\n\t\t  ","protected":false},"excerpt":{"rendered":"<p>A valoriza\u00e7\u00e3o do Mel Portugu\u00eas, os Circuitos Curtos Agroalimentares, o on-line e a comercializa\u00e7\u00e3o de produtos agroalimentares estiveram hoje em discuss\u00e3o no Semin\u00e1rio \u201cA Comercializa\u00e7\u00e3o no Setor Agroalimentar P\u00f3s-Pandemia\u201d, que esteve a cargo da FNAP \u2013 Federa\u00e7\u00e3o Nacional dos Apicultores de Portugal. No encerramento, houve lugar para a Entrega de Pr\u00e9mios do Concurso Nacional de [&hellip;]<\/p>\n","protected":false},"author":1,"featured_media":35757,"comment_status":"open","ping_status":"closed","sticky":false,"template":"","format":"standard","meta":{"_acf_changed":false,"footnotes":""},"categories":[71],"tags":[],"class_list":{"0":"post-35756","1":"post","2":"type-post","3":"status-publish","4":"format-standard","5":"has-post-thumbnail","7":"category-outras-noticias"},"acf":[],"_links":{"self":[{"href":"https:\/\/www.entroncamentoonline.pt\/portal\/wp-json\/wp\/v2\/posts\/35756","targetHints":{"allow":["GET"]}}],"collection":[{"href":"https:\/\/www.entroncamentoonline.pt\/portal\/wp-json\/wp\/v2\/posts"}],"about":[{"href":"https:\/\/www.entroncamentoonline.pt\/portal\/wp-json\/wp\/v2\/types\/post"}],"author":[{"embeddable":true,"href":"https:\/\/www.entroncamentoonline.pt\/portal\/wp-json\/wp\/v2\/users\/1"}],"replies":[{"embeddable":true,"href":"https:\/\/www.entroncamentoonline.pt\/portal\/wp-json\/wp\/v2\/comments?post=35756"}],"version-history":[{"count":0,"href":"https:\/\/www.entroncamentoonline.pt\/portal\/wp-json\/wp\/v2\/posts\/35756\/revisions"}],"wp:featuredmedia":[{"embeddable":true,"href":"https:\/\/www.entroncamentoonline.pt\/portal\/wp-json\/wp\/v2\/media\/35757"}],"wp:attachment":[{"href":"https:\/\/www.entroncamentoonline.pt\/portal\/wp-json\/wp\/v2\/media?parent=35756"}],"wp:term":[{"taxonomy":"category","embeddable":true,"href":"https:\/\/www.entroncamentoonline.pt\/portal\/wp-json\/wp\/v2\/categories?post=35756"},{"taxonomy":"post_tag","embeddable":true,"href":"https:\/\/www.entroncamentoonline.pt\/portal\/wp-json\/wp\/v2\/tags?post=35756"}],"curies":[{"name":"wp","href":"https:\/\/api.w.org\/{rel}","templated":true}]}}