{"id":35673,"date":"2021-06-11T11:08:01","date_gmt":"2021-06-11T10:08:01","guid":{"rendered":"https:\/\/www.entroncamentoonline.pt\/portal\/?p=35673"},"modified":"2021-06-11T18:06:39","modified_gmt":"2021-06-11T17:06:39","slug":"santarem-fersant-inaugurada-pelo-ministro-da-economia","status":"publish","type":"post","link":"https:\/\/www.entroncamentoonline.pt\/portal\/santarem-fersant-inaugurada-pelo-ministro-da-economia\/","title":{"rendered":"Santar\u00e9m | FERSANT inaugurada pelo Ministro da Economia"},"content":{"rendered":"<p><span style=\"color: #666666;\">O Ministro de Estado, da Economia e da Transi\u00e7\u00e3o Digital, Pedro Siza Vieira, inaugurou no passado dia 9 de junho a XXXII FERSANT. O representante do Governo passou pela \u00e1rea de exposi\u00e7\u00e3o da Feira Empresarial da Regi\u00e3o de Santar\u00e9m, tendo sido acolhido pelo Presidente da Dire\u00e7\u00e3o da NERSANT, Domingos Chambel.<\/span><\/p>\n<p>A FERSANT \u2013 Feira Empresarial da Regi\u00e3o de Santar\u00e9m regressou em modo presencial ap\u00f3s um ano de interregno devido \u00e0 pandemia Covid-19. O certame voltou a acontecer em modo presencial no CNEMA, em Santar\u00e9m, a par da Feira Nacional da Agricultura.<\/p>\n<p>A inaugura\u00e7\u00e3o aconteceu no dia 9 de junho, pelas 11h00, com a presen\u00e7a do Ministro de Estado, da Economia e da Transi\u00e7\u00e3o Digital, Pedro Siza Vieira e da Ministra da Agricultura, Maria do C\u00e9u Antunes, que percorreram o certame. Na nave B, \u00e1rea destinada \u00e0 FERSANT, a inaugura\u00e7\u00e3o contou com o acolhimento do Presidente da Dire\u00e7\u00e3o da NERSANT, Domingos Chambel, bem como de outros diretores da associa\u00e7\u00e3o, em representa\u00e7\u00e3o do tecido empresarial da regi\u00e3o.<\/p>\n<div id='gallery-1' class='gallery galleryid-35673 gallery-columns-3 gallery-size-thumbnail'><figure class='gallery-item'>\n\t\t\t<div class='gallery-icon landscape'>\n\t\t\t\t<a href='https:\/\/www.entroncamentoonline.pt\/portal\/santarem-fersant-inaugurada-pelo-ministro-da-economia\/dsc_0057\/'><img loading=\"lazy\" decoding=\"async\" width=\"350\" height=\"350\" src=\"https:\/\/www.entroncamentoonline.pt\/portal\/wp-content\/uploads\/2021\/06\/DSC_0057-350x350.jpg\" class=\"attachment-thumbnail size-thumbnail\" alt=\"\" \/><\/a>\n\t\t\t<\/div><\/figure><figure class='gallery-item'>\n\t\t\t<div class='gallery-icon landscape'>\n\t\t\t\t<a href='https:\/\/www.entroncamentoonline.pt\/portal\/santarem-fersant-inaugurada-pelo-ministro-da-economia\/img_0522\/'><img loading=\"lazy\" decoding=\"async\" width=\"350\" height=\"350\" src=\"https:\/\/www.entroncamentoonline.pt\/portal\/wp-content\/uploads\/2021\/06\/IMG_0522-350x350.jpg\" class=\"attachment-thumbnail size-thumbnail\" alt=\"\" \/><\/a>\n\t\t\t<\/div><\/figure><figure class='gallery-item'>\n\t\t\t<div class='gallery-icon landscape'>\n\t\t\t\t<a href='https:\/\/www.entroncamentoonline.pt\/portal\/santarem-fersant-inaugurada-pelo-ministro-da-economia\/img_0565-2\/'><img loading=\"lazy\" decoding=\"async\" width=\"350\" height=\"350\" src=\"https:\/\/www.entroncamentoonline.pt\/portal\/wp-content\/uploads\/2021\/06\/IMG_0565-350x350.jpg\" class=\"attachment-thumbnail size-thumbnail\" alt=\"\" \/><\/a>\n\t\t\t<\/div><\/figure>\n\t\t<\/div>\n\n<p>Esta edi\u00e7\u00e3o do evento \u2013 uma dos primeiros grandes certames a realizar-se de forma presencial \u2013 conta, este ano, com redu\u00e7\u00e3o de dias e espa\u00e7o, com o objetivo de respeitar todas as normas de seguran\u00e7a emanadas pela Dire\u00e7\u00e3o Geral de Sa\u00fade. No certame empresarial presencial, est\u00e3o expostos 31 expositores de diversos setores de atividade, que podem ser visitados at\u00e9 ao pr\u00f3ximo domingo, 13 de junho.<\/p>\n<p>Paralelamente \u00e0 realiza\u00e7\u00e3o presencial da FERSANT, a NERSANT est\u00e1 a realizar tamb\u00e9m a edi\u00e7\u00e3o virtual da FERSANT na sua plataforma de neg\u00f3cios, Compro no Ribatejo, com a participa\u00e7\u00e3o de todos os expositores presentes na edi\u00e7\u00e3o presencial. O <a href=\"https:\/\/compronoribatejo.pt\/feira\/xxxii-fersant-2021\">certame virtual<\/a> pode ser visitado at\u00e9 30 de junho.<\/p>\n<p>De referir que a FERSANT \u00e9 o maior certame empresarial da regi\u00e3o de Santar\u00e9m, que perfaz a sua 32.\u00aa edi\u00e7\u00e3o este ano. O evento nasceu em Torres Novas, tendo crescido ao longo dos anos e migrado para Santar\u00e9m, em 2010, com o seu impacto a ser exponenciado desde ent\u00e3o.<\/p>\n<div class=\"fb-background-color\">\n\t\t\t  <div \n\t\t\t  \tclass = \"fb-comments\" \n\t\t\t  \tdata-href = \"https:\/\/www.entroncamentoonline.pt\/portal\/santarem-fersant-inaugurada-pelo-ministro-da-economia\/\"\n\t\t\t  \tdata-numposts = \"10\"\n\t\t\t  \tdata-lazy = \"true\"\n\t\t\t\tdata-colorscheme = \"light\"\n\t\t\t\tdata-order-by = \"social\"\n\t\t\t\tdata-mobile=true>\n\t\t\t  <\/div><\/div>\n\t\t  <style>\n\t\t    .fb-background-color {\n\t\t\t\tbackground:  !important;\n\t\t\t}\n\t\t\t.fb_iframe_widget_fluid_desktop iframe {\n\t\t\t    width: 100% !important;\n\t\t\t}\n\t\t  <\/style>\n\t\t  ","protected":false},"excerpt":{"rendered":"<p>O Ministro de Estado, da Economia e da Transi\u00e7\u00e3o Digital, Pedro Siza Vieira, inaugurou no passado dia 9 de junho a XXXII FERSANT. O representante do Governo passou pela \u00e1rea de exposi\u00e7\u00e3o da Feira Empresarial da Regi\u00e3o de Santar\u00e9m, tendo sido acolhido pelo Presidente da Dire\u00e7\u00e3o da NERSANT, Domingos Chambel. A FERSANT \u2013 Feira Empresarial [&hellip;]<\/p>\n","protected":false},"author":1,"featured_media":35676,"comment_status":"open","ping_status":"closed","sticky":false,"template":"","format":"standard","meta":{"_acf_changed":false,"footnotes":""},"categories":[70,32,35],"tags":[],"class_list":{"0":"post-35673","1":"post","2":"type-post","3":"status-publish","4":"format-standard","5":"has-post-thumbnail","7":"category-mais-noticias","8":"category-noticias","9":"category-santarem"},"acf":[],"_links":{"self":[{"href":"https:\/\/www.entroncamentoonline.pt\/portal\/wp-json\/wp\/v2\/posts\/35673","targetHints":{"allow":["GET"]}}],"collection":[{"href":"https:\/\/www.entroncamentoonline.pt\/portal\/wp-json\/wp\/v2\/posts"}],"about":[{"href":"https:\/\/www.entroncamentoonline.pt\/portal\/wp-json\/wp\/v2\/types\/post"}],"author":[{"embeddable":true,"href":"https:\/\/www.entroncamentoonline.pt\/portal\/wp-json\/wp\/v2\/users\/1"}],"replies":[{"embeddable":true,"href":"https:\/\/www.entroncamentoonline.pt\/portal\/wp-json\/wp\/v2\/comments?post=35673"}],"version-history":[{"count":0,"href":"https:\/\/www.entroncamentoonline.pt\/portal\/wp-json\/wp\/v2\/posts\/35673\/revisions"}],"wp:featuredmedia":[{"embeddable":true,"href":"https:\/\/www.entroncamentoonline.pt\/portal\/wp-json\/wp\/v2\/media\/35676"}],"wp:attachment":[{"href":"https:\/\/www.entroncamentoonline.pt\/portal\/wp-json\/wp\/v2\/media?parent=35673"}],"wp:term":[{"taxonomy":"category","embeddable":true,"href":"https:\/\/www.entroncamentoonline.pt\/portal\/wp-json\/wp\/v2\/categories?post=35673"},{"taxonomy":"post_tag","embeddable":true,"href":"https:\/\/www.entroncamentoonline.pt\/portal\/wp-json\/wp\/v2\/tags?post=35673"}],"curies":[{"name":"wp","href":"https:\/\/api.w.org\/{rel}","templated":true}]}}